{"id":26061,"date":"2014-07-21T11:23:19","date_gmt":"2014-07-21T09:23:19","guid":{"rendered":"http:\/\/wp.1dfh.de\/wordpress\/?p=26061"},"modified":"2014-07-21T14:31:05","modified_gmt":"2014-07-21T12:31:05","slug":"matthias-dolderer-sagt-einer-ganz-bestimmten-sekunde-den-kampf-an","status":"publish","type":"post","link":"https:\/\/wp.1dfh.de\/wordpress\/matthias-dolderer-sagt-einer-ganz-bestimmten-sekunde-den-kampf-an\/","title":{"rendered":"Matthias Dolderer sagt einer ganz bestimmten Sekunde den Kampf an"},"content":{"rendered":"<figure id=\"attachment_9069\" aria-describedby=\"caption-attachment-9069\" style=\"width: 184px\" class=\"wp-caption alignright\"><a href=\"http:\/\/wp.1dfh.de\/wordpress\/matthias-dolderer\/\"><img loading=\"lazy\" decoding=\"async\" class=\"wp-image-9069 size-full\" src=\"http:\/\/wp.1dfh.de\/wordpress\/wp-content\/uploads\/email_sign_md21.gif\" alt=\"Matthias Dolderer Team 21 \u00a9 Matthias Dolderer Team 21\" width=\"184\" height=\"71\" srcset=\"https:\/\/wp.1dfh.de\/wordpress\/wp-content\/uploads\/email_sign_md21.gif 184w, https:\/\/wp.1dfh.de\/wordpress\/wp-content\/uploads\/email_sign_md21-150x57.gif 150w\" sizes=\"auto, (max-width: 184px) 100vw, 184px\" \/><\/a><figcaption id=\"caption-attachment-9069\" class=\"wp-caption-text\"><a href=\"http:\/\/wp.1dfh.de\/wordpress\/matthias-dolderer\/\">Matthias Dolderer Team 21 \u00a9 Matthias Dolderer Team 21<\/a><\/figcaption><\/figure>\n<p><em><strong>In der zehnw\u00f6chigen &#8222;Fr\u00fchsommerpause&#8220; des Red Bull Air Race ist Matthias Dolderer keineswegs unt\u00e4tig gewesen, sondern hat gemeinsam mit seinem Team get\u00fcftelt und gewerkt &#8211; und ab und zu nat\u00fcrlich auch ein bisschen Fu\u00dfball geguckt..<\/strong>.<\/em><\/p>\n<div style=\"text-align: left;\"><\/div>\n<div style=\"text-align: right;\">21. Juli 2014<\/div>\n<div style=\"text-align: justify;\">\n<p><strong>TANNHEIM (Deutschland)<\/strong> Matthias Dolderer, Deutschlands bekanntester und erfolgreichster Air Racer, hat es auch in der vermeintlichen Sommerpause nicht lassen k\u00f6nnen und gab seine Flugk\u00fcnste sehr zur Freude zahlreicher Fans bei der &#8222;Klassikwelt Bodensee&#8220; zum Besten. Es folgten einige Gipfelbesteigungen in den Alpen, ein Fitness- und Mental-Camp im Silvretta-Montafon, ein Flugtag mit den jungen deutschen Schauspielern Jimi Blue Ochsenknecht und Mitja Lafere und klarerweise der eine oder andere Fu\u00dfballabend mit Freunden. Bald schon geht es f\u00fcr den 43j\u00e4hrigen aber wieder ab zur &#8222;Top Gun&#8220; im Kreise der 12 besten Kunstflugpiloten der Welt: Das Red Bull Air Race startet am kommenden Wochenende in seine n\u00e4chste Runde.<\/p>\n<p><strong>Was bisher geschah&#8230;<\/strong><\/p>\n<p>Drei Rennen haben die Besten der Besten in der diesj\u00e4hrigen Saison der Red Bull Air Race World Championship schon absolviert. Ein gelungener Auftakt gelang Matthias Dolderer Anfang M\u00e4rz mit dem sechsten Platz in Abu Dhabi. &#8222;<em>Mein Rennen war okay, das Flugzeug gut und ich bin froh, dass ich es in die &#8218;Super 8&#8216; geschafft habe und Sechster geworden bin. Aber ich wei\u00df, da ist noch viel Luft nach oben<\/em>&#8222;, so der deutsche Pilot nach dem ersten Rennen der Saison. Im April hatte er nur wenig Gl\u00fcck und schied beim Red Bull Air Race im kroatischen Rovinj wegen eines Pylon-Hits fr\u00fchzeitig aus: &#8222;<em>Schade. Ich wusste, ich muss sauber und ohne Pylon-Hit durch den Kurs kommen, um mich f\u00fcr die &#8218;Super 8&#8216;-Runde zu qualifizieren. Das habe ich auch versucht, doch es hat einfach nicht geklappt.<\/em>&#8220; Beim Asien-Deb\u00fct in Putrajaya\/Malaysia ging es aber schon wieder bergauf und Matthias Dolderer verpasste das Finale nur mit einer knappen Sekunde R\u00fcckstand. Dieser einen Sekunde will es der Allg\u00e4uer aber schon demn\u00e4chst zeigen.<\/p>\n<p><strong>In der n\u00e4chsten Folge sehen Sie&#8230;<\/strong><\/p>\n<p>&#8230;Matthias Dolderer beim Red Bull Air Race im polnischen Gdynia, einer jungen und pulsierenden Stadt an der Ostsee mit einer wundersch\u00f6nen Strandpromenade voller K\u00fcnstlerflair. Den Racetrack von Gdynia kennt er schon auswendig. Wo es f\u00fcr den Kunstflugpiloten in den n\u00e4chsten Rennen bis zum Saisonfinale noch hingehen soll ist klar: so oft wie m\u00f6glich in die &#8222;Super 8&#8220; sowieso, das eine oder andere Mal in die &#8222;Final 4&#8220; und am liebsten auch noch rauf aufs Podium. Punkte sammeln lautet die Devise, eines ist f\u00fcr den sympathischen Tannheimer allerdings auch logisch: Spa\u00df und Freude am Beruf und an der Berufung d\u00fcrfen dabei niemals zu kurz kommen.<\/p>\n<\/div>\n<div style=\"text-align: right;\"><\/div>\n<div style=\"text-align: justify;\"><em><span style=\"text-decoration: underline;\">WM-Gesamtwertung:<\/span><\/em> 1. Hannes Arch (AUT) 30 Pkt., 2. Paul Bonhomme (GBR) 25, 3. Nigel Lamb (GBR) 17, 4. Pete McLeod (CAN) 17, 5. Matt Hall (AUS) 14, 6. Martin Sonka (CZE) 8, 7. Yoshihide Muroya (JPN) 7, 8. Nicolas Ivanoff (FRA) 5, 9. Matthias Dolderer (GER) 4, 10. Peter Besenyei (HUN) 2, 11. Kirby Chambliss (USA) 0, 12. Michael Goulian (USA) 0.<\/div>\n<div style=\"text-align: right;\"><\/div>\n<div style=\"text-align: justify;\"><strong>RED BULL AIR RACE WORLD CHAMPIONSHIP<\/strong>\u2028Die Red Bull Air Race World Championship ist eine Motorsportserie, bei der die besten Piloten der Welt gegeneinander antreten. Dabei z\u00e4hlen vor allem Geschwindigkeit, Pr\u00e4zision und Geschicklichkeit. In den \u00e4u\u00dferst leichten und wendigen Rennmaschinen absolvieren die Piloten einen Parcours, der aus 25 m hohen aufgeblasenen Pylonen besteht.<\/div>\n<div style=\"text-align: right;\"><\/div>\n<div style=\"text-align: left;\"><strong>Red Bull Air Race Rennkalender 2014:<\/strong><br \/>\n28. Februar\/01. M\u00e4rz &#8211; Abu Dhabi (Vereinigte Arabische Emirate)<br \/>\n12.\/13. April &#8211; Rovinj (Kroatien)<br \/>\n17.\/18. Mai &#8211; Putrajaya (Malaysia)<br \/>\n26.\/27. Juli &#8211; Gdynia (Polen)<br \/>\n16.\/17. August &#8211; Ascot (Gro\u00dfbritannien)<br \/>\n06.\/07. September &#8211; Dallas\/Fort Worth (Vereinigte Staaten von Amerika)<br \/>\n11.\/12. Oktober &#8211; Las Vegas (Vereinigte Staaten von Amerika)<br \/>\n25.\/26. Oktober \u2013 Spielberg (\u00d6sterreich)<\/div>\n<div class=\"ngg-related-gallery\">\n\t\t\t<a href=\"https:\/\/wp.1dfh.de\/wordpress\/wp-content\/gallery\/rba-piloten-2010\/SI201003030014.jpg?t=1773390884\"\n\t\t\ttitle=\"Matthias Dolderer (C) Red Bull\"\n\t\t\t\t\t\t\t\t\t\t\t\t\t\t\t data-image-id=\"4582\" data-src=\"https:\/\/wp.1dfh.de\/wordpress\/wp-content\/gallery\/rba-piloten-2010\/SI201003030014.jpg?t=1773390884\" data-thumbnail=\"https:\/\/wp.1dfh.de\/wordpress\/wp-content\/gallery\/rba-piloten-2010\/cache\/SI201003030014.jpg-nggid044582-ngg0dyn-100x100x100-00f0w010c011r110f110r010t010.jpg?t=1773390884\" data-title=\"SI201003030014\" data-description=\"Matthias Dolderer (C) Red Bull\">\n\t\t\t<img title=\"SI201003030014\"\n\t\t\t\talt=\"SI201003030014\"\n\t\t\t\tdata-image-id=\"4582\"\n\t\t\t\tsrc=\"\"\/>\n\t\t<\/a>\n\t\t\t<a href=\"https:\/\/wp.1dfh.de\/wordpress\/wp-content\/gallery\/rba-abu-dhabi-2010\/si201003270013.jpg?t=1773404469\"\n\t\t\ttitle=\"ABU DHABI, UNITED ARAB EMIRATES - MARCH 27: (L-R) Second placed Nigel Lamb of Great Britain, winner Paul Bonhomme of Great Britain and third placed Peter Besenyei of Hungary with their medals after the Red Bull Air Race day on March 27, 2010 in Abu Dhabi, United Arab Emirates. (Photo by Hamish Blair\/Getty Images for Red Bull Air Race) *** Local Caption *** Nigel Lamb; Paul Bonhomme; Peter Besenyei\"\n\t\t\t\t\t\t\t\t\t\t\t\t\t\t\t data-image-id=\"4693\" data-src=\"https:\/\/wp.1dfh.de\/wordpress\/wp-content\/gallery\/rba-abu-dhabi-2010\/si201003270013.jpg?t=1773404469\" data-thumbnail=\"https:\/\/wp.1dfh.de\/wordpress\/wp-content\/gallery\/rba-abu-dhabi-2010\/cache\/si201003270013.jpg-nggid044693-ngg0dyn-100x100x100-00f0w010c011r110f110r010t010.jpg?t=1773404469\" data-title=\"97755980DM010_Red_Bull_Air_\" data-description=\"ABU DHABI, UNITED ARAB EMIRATES - MARCH 27: (L-R) Second placed Nigel Lamb of Great Britain, winner Paul Bonhomme of Great Britain and third placed Peter Besenyei of Hungary with their medals after the Red Bull Air Race day on March 27, 2010 in Abu Dhabi, United Arab Emirates. (Photo by Hamish Blair\/Getty Images for Red Bull Air Race) *** Local Caption *** Nigel Lamb; Paul Bonhomme; Peter Besenyei\">\n\t\t\t<img title=\"97755980DM010_Red_Bull_Air_\"\n\t\t\t\talt=\"97755980DM010_Red_Bull_Air_\"\n\t\t\t\tdata-image-id=\"4693\"\n\t\t\t\tsrc=\"\"\/>\n\t\t<\/a>\n\t\t\t<a href=\"https:\/\/wp.1dfh.de\/wordpress\/wp-content\/gallery\/rba-abu-dhabi-2010\/si201003270016.jpg?t=1773404478\"\n\t\t\ttitle=\"Nigel Lamb of Great Britain celebrates his 2nd, Paul Bonhomme of Great Britain his 1st and Peter Besenyei of Hungary his 3rd place on the podium after the Red Bull Air Race day on March 27, 2010 in Abu Dhabi, United Arab Emirates.\"\n\t\t\t\t\t\t\t\t\t\t\t\t\t\t\t data-image-id=\"4694\" data-src=\"https:\/\/wp.1dfh.de\/wordpress\/wp-content\/gallery\/rba-abu-dhabi-2010\/si201003270016.jpg?t=1773404478\" data-thumbnail=\"https:\/\/wp.1dfh.de\/wordpress\/wp-content\/gallery\/rba-abu-dhabi-2010\/cache\/si201003270016.jpg-nggid044694-ngg0dyn-100x100x100-00f0w010c011r110f110r010t010.jpg?t=1773404478\" data-title=\"Nigel Lamb; Paul Bonhomme; Peter Besenyei - Race Day, Abu Dhabi\" data-description=\"Nigel Lamb of Great Britain celebrates his 2nd, Paul Bonhomme of Great Britain his 1st and Peter Besenyei of Hungary his 3rd place on the podium after the Red Bull Air Race day on March 27, 2010 in Abu Dhabi, United Arab Emirates.\">\n\t\t\t<img title=\"Nigel Lamb; Paul Bonhomme; Peter Besenyei - Race Day, Abu Dhabi\"\n\t\t\t\talt=\"Nigel Lamb; Paul Bonhomme; Peter Besenyei - Race Day, Abu Dhabi\"\n\t\t\t\tdata-image-id=\"4694\"\n\t\t\t\tsrc=\"\"\/>\n\t\t<\/a>\n\t\t\t<a href=\"https:\/\/wp.1dfh.de\/wordpress\/wp-content\/gallery\/rbar-interlaken-2007\/1dfh-rba-il07-000.jpg?t=1773407446\"\n\t\t\ttitle=\"Red Bull Air Race Interlaken 2007\"\n\t\t\t\t\t\t\t\t\t\t\t\t\t\t\t data-image-id=\"5301\" data-src=\"https:\/\/wp.1dfh.de\/wordpress\/wp-content\/gallery\/rbar-interlaken-2007\/1dfh-rba-il07-000.jpg?t=1773407446\" data-thumbnail=\"https:\/\/wp.1dfh.de\/wordpress\/wp-content\/gallery\/rbar-interlaken-2007\/cache\/1dfh-rba-il07-000.jpg-nggid045301-ngg0dyn-100x100x100-00f0w010c011r110f110r010t010.jpg?t=1773407446\" data-title=\"Red Bull Air Race Interlaken 2007\" data-description=\"Red Bull Air Race Interlaken 2007\">\n\t\t\t<img title=\"Red Bull Air Race Interlaken 2007\"\n\t\t\t\talt=\"Red Bull Air Race Interlaken 2007\"\n\t\t\t\tdata-image-id=\"5301\"\n\t\t\t\tsrc=\"\"\/>\n\t\t<\/a>\n\t\t\t<a href=\"https:\/\/wp.1dfh.de\/wordpress\/wp-content\/gallery\/rbar-interlaken-2007\/1dfh-rba-il07-001.jpg?t=1773407445\"\n\t\t\ttitle=\"Red Bull Air Race Interlaken 2007\"\n\t\t\t\t\t\t\t\t\t\t\t\t\t\t\t data-image-id=\"5302\" data-src=\"https:\/\/wp.1dfh.de\/wordpress\/wp-content\/gallery\/rbar-interlaken-2007\/1dfh-rba-il07-001.jpg?t=1773407445\" data-thumbnail=\"https:\/\/wp.1dfh.de\/wordpress\/wp-content\/gallery\/rbar-interlaken-2007\/cache\/1dfh-rba-il07-001.jpg-nggid045302-ngg0dyn-100x100x100-00f0w010c011r110f110r010t010.jpg?t=1773407445\" data-title=\"Red Bull Air Race Interlaken 2007\" data-description=\"Red Bull Air Race Interlaken 2007\">\n\t\t\t<img title=\"Red Bull Air Race Interlaken 2007\"\n\t\t\t\talt=\"Red Bull Air Race Interlaken 2007\"\n\t\t\t\tdata-image-id=\"5302\"\n\t\t\t\tsrc=\"\"\/>\n\t\t<\/a>\n\t\t\t<a href=\"https:\/\/wp.1dfh.de\/wordpress\/wp-content\/gallery\/rbar-interlaken-2007\/1dfh-rba-il07-002.jpg?t=1773417120\"\n\t\t\ttitle=\"Red Bull Air Race Interlaken 2007\"\n\t\t\t\t\t\t\t\t\t\t\t\t\t\t\t data-image-id=\"5303\" data-src=\"https:\/\/wp.1dfh.de\/wordpress\/wp-content\/gallery\/rbar-interlaken-2007\/1dfh-rba-il07-002.jpg?t=1773417120\" data-thumbnail=\"https:\/\/wp.1dfh.de\/wordpress\/wp-content\/gallery\/rbar-interlaken-2007\/cache\/1dfh-rba-il07-002.jpg-nggid045303-ngg0dyn-100x100x100-00f0w010c011r110f110r010t010.jpg?t=1773417120\" data-title=\"Red Bull Air Race Interlaken 2007\" data-description=\"Red Bull Air Race Interlaken 2007\">\n\t\t\t<img title=\"Red Bull Air Race Interlaken 2007\"\n\t\t\t\talt=\"Red Bull Air Race Interlaken 2007\"\n\t\t\t\tdata-image-id=\"5303\"\n\t\t\t\tsrc=\"\"\/>\n\t\t<\/a>\n\t\t\t<a href=\"https:\/\/wp.1dfh.de\/wordpress\/wp-content\/gallery\/rbar-interlaken-2007\/1dfh-rba-il07-003.jpg?t=1773417119\"\n\t\t\ttitle=\"Red Bull Air Race Interlaken 2007\"\n\t\t\t\t\t\t\t\t\t\t\t\t\t\t\t data-image-id=\"5304\" data-src=\"https:\/\/wp.1dfh.de\/wordpress\/wp-content\/gallery\/rbar-interlaken-2007\/1dfh-rba-il07-003.jpg?t=1773417119\" data-thumbnail=\"https:\/\/wp.1dfh.de\/wordpress\/wp-content\/gallery\/rbar-interlaken-2007\/cache\/1dfh-rba-il07-003.jpg-nggid045304-ngg0dyn-100x100x100-00f0w010c011r110f110r010t010.jpg?t=1773417119\" data-title=\"Red Bull Air Race Interlaken 2007\" data-description=\"Red Bull Air Race Interlaken 2007\">\n\t\t\t<img title=\"Red Bull Air Race Interlaken 2007\"\n\t\t\t\talt=\"Red Bull Air Race Interlaken 2007\"\n\t\t\t\tdata-image-id=\"5304\"\n\t\t\t\tsrc=\"\"\/>\n\t\t<\/a>\n\t<\/div>\n","protected":false},"excerpt":{"rendered":"<p>In der zehnw\u00f6chigen &#8222;Fr\u00fchsommerpause&#8220; des Red Bull Air Race ist Matthias Dolderer keineswegs unt\u00e4tig gewesen, sondern hat gemeinsam mit seinem Team get\u00fcftelt und gewerkt &#8211; und ab und zu nat\u00fcrlich auch ein bisschen Fu\u00dfball geguckt&#8230; 21. Juli 2014 TANNHEIM (Deutschland) Matthias Dolderer, Deutschlands bekanntester und erfolgreichster Air Racer, hat es auch in der vermeintlichen Sommerpause &hellip; <a href=\"https:\/\/wp.1dfh.de\/wordpress\/matthias-dolderer-sagt-einer-ganz-bestimmten-sekunde-den-kampf-an\/\" class=\"more-link\"><span class=\"screen-reader-text\">Matthias Dolderer sagt einer ganz bestimmten Sekunde den Kampf an<\/span> weiterlesen <span class=\"meta-nav\">&rarr;<\/span><\/a><\/p>\n","protected":false},"author":2,"featured_media":9069,"comment_status":"open","ping_status":"open","sticky":false,"template":"","format":"standard","meta":{"ngg_post_thumbnail":0,"footnotes":""},"categories":[3,2030],"tags":[12754,11206,12690,11252,11858,12689],"class_list":["post-26061","post","type-post","status-publish","format-standard","has-post-thumbnail","hentry","category-aktuelles","category-teilnehmer","tag-gdynia","tag-matthias-dolderer","tag-rbar-2014","tag-red-bull-air-race","tag-red-bull-air-race-world-championship","tag-red-bull-air-race-world-championship-2014"],"_links":{"self":[{"href":"https:\/\/wp.1dfh.de\/wordpress\/wp-json\/wp\/v2\/posts\/26061","targetHints":{"allow":["GET"]}}],"collection":[{"href":"https:\/\/wp.1dfh.de\/wordpress\/wp-json\/wp\/v2\/posts"}],"about":[{"href":"https:\/\/wp.1dfh.de\/wordpress\/wp-json\/wp\/v2\/types\/post"}],"author":[{"embeddable":true,"href":"https:\/\/wp.1dfh.de\/wordpress\/wp-json\/wp\/v2\/users\/2"}],"replies":[{"embeddable":true,"href":"https:\/\/wp.1dfh.de\/wordpress\/wp-json\/wp\/v2\/comments?post=26061"}],"version-history":[{"count":0,"href":"https:\/\/wp.1dfh.de\/wordpress\/wp-json\/wp\/v2\/posts\/26061\/revisions"}],"wp:featuredmedia":[{"embeddable":true,"href":"https:\/\/wp.1dfh.de\/wordpress\/wp-json\/wp\/v2\/media\/9069"}],"wp:attachment":[{"href":"https:\/\/wp.1dfh.de\/wordpress\/wp-json\/wp\/v2\/media?parent=26061"}],"wp:term":[{"taxonomy":"category","embeddable":true,"href":"https:\/\/wp.1dfh.de\/wordpress\/wp-json\/wp\/v2\/categories?post=26061"},{"taxonomy":"post_tag","embeddable":true,"href":"https:\/\/wp.1dfh.de\/wordpress\/wp-json\/wp\/v2\/tags?post=26061"}],"curies":[{"name":"wp","href":"https:\/\/api.w.org\/{rel}","templated":true}]}}