{"id":26186,"date":"2014-09-14T23:21:15","date_gmt":"2014-09-14T21:21:15","guid":{"rendered":"http:\/\/wp.1dfh.de\/wordpress\/?p=26186"},"modified":"2014-10-03T23:54:53","modified_gmt":"2014-10-03T21:54:53","slug":"fliegerfest-ammerbuch-flugplatz-poltringen-13-09-14-09-2014","status":"publish","type":"post","link":"https:\/\/wp.1dfh.de\/wordpress\/fliegerfest-ammerbuch-flugplatz-poltringen-13-09-14-09-2014\/","title":{"rendered":"Fliegerfest Ammerbuch Flugplatz Poltringen 13.09. &#8211; 14.09.2014"},"content":{"rendered":"<figure id=\"attachment_26353\" aria-describedby=\"caption-attachment-26353\" style=\"width: 647px\" class=\"wp-caption alignleft\"><a href=\"http:\/\/www.fsv-ammerbuch.de\/index.html\" target=\"_blank\"><img loading=\"lazy\" decoding=\"async\" class=\"wp-image-26353 size-full\" src=\"http:\/\/wp.1dfh.de\/wordpress\/wp-content\/uploads\/Fliegerfest+final1.png\" alt=\"Fliegerfest Ammerbuch 2014\" width=\"647\" height=\"916\" srcset=\"https:\/\/wp.1dfh.de\/wordpress\/wp-content\/uploads\/Fliegerfest+final1.png 647w, https:\/\/wp.1dfh.de\/wordpress\/wp-content\/uploads\/Fliegerfest+final1-211x300.png 211w\" sizes=\"auto, (max-width: 647px) 100vw, 647px\" \/><\/a><figcaption id=\"caption-attachment-26353\" class=\"wp-caption-text\">Fliegerfest Ammerbuch 2014<\/figcaption><\/figure>\n<p><iframe loading=\"lazy\" title=\"Fliegerfest Ammerbuch 2014 Trailer\" width=\"474\" height=\"267\" src=\"https:\/\/www.youtube.com\/embed\/htDZq87bRt8?feature=oembed\" frameborder=\"0\" allow=\"accelerometer; autoplay; clipboard-write; encrypted-media; gyroscope; picture-in-picture; web-share\" referrerpolicy=\"strict-origin-when-cross-origin\" allowfullscreen><\/iframe><\/p>\n<p>Am letzten Sommerferien-Wochenende (<b>13. und 14. September 2014<\/b>) findet auf dem Flugplatz Poltringen (Ammerbuch) das Fliegerfest-Ammerbuch 2014 statt.<\/p>\n<p><strong>Samstag, 13. September ab 13 Uhr:<\/strong><\/p>\n<ul>\n<li>Eintritt frei<\/li>\n<li>Rundfl\u00fcge Motorflugzeuge<\/li>\n<li>Fallschirmspr\u00fcnge<\/li>\n<li>Modellflugvorf\u00fchrungen<\/li>\n<li>PORSCHE-Sportwagen und -Oldtimer-Ausstellung<\/li>\n<li>Segelkunstflug<\/li>\n<li>F\u00fcr das leibliche Wohl ist gesorgt<\/li>\n<li>Live-Musik im Hangar mit &#8222;ACOUSTIC STORM &amp; MARY JANE&#8220;<\/li>\n<\/ul>\n<p><strong>Sonntag, 14. September ab 10 Uhr<\/strong><\/p>\n<ul>\n<li>Eintritt 5,- \u20ac \/ Familienerm\u00e4\u00dfigung<\/li>\n<li>Wei\u00dfwurstfr\u00fchst\u00fcck<\/li>\n<li>Musikverein Entringen<\/li>\n<li>PORSCHE-Sportwagen und Oldtimer-Ausstellung<\/li>\n<li>Flugvorf\u00fchrung MUSTANG P 51<\/li>\n<li>Segelkunstflug<\/li>\n<li>Fallschirmspr\u00fcnge<\/li>\n<li>Rundfl\u00fcge Motorflugzeuge und Hubschrauber<\/li>\n<li>Modellflugvorf\u00fchrungen JET-Modelle<\/li>\n<li>Kunstfl\u00fcge pr\u00e4sentiert von verschiedenen Piloten<\/li>\n<li>F\u00fcr das leibliche Wohl ist gesorgt<\/li>\n<\/ul>\n<p><a title=\"Fliegerfest Ammerbuch Flugplatz Poltringen 14.09.2014\" href=\"http:\/\/wp.1dfh.de\/wordpress\/fotoalben\/2014-2\/fliegerfest-ammerbuch-flugplatz-poltringen-14-09-2014\/\"><img decoding=\"async\" class=\"ngg-singlepic ngg-none\" src=\"http:\/\/wp.1dfh.de\/wordpress\/wp-content\/gallery\/fliegerfest-ammerbuch-flugplatz-poltringen-14-09-2014\/1-poltringen2014.jpg\" alt=\"Fliegerfest Ammerbuch 14.09.2014\" \/><\/a><\/p>\nngg_shortcode_0_placeholder\n<p>[gmap]<\/p>\n<div class=\"ngg-related-gallery\">\n\t\t\t<a href=\"https:\/\/wp.1dfh.de\/wordpress\/wp-content\/gallery\/donzdorf-09\/1dfh-donsdorf-300809-029.jpg?t=1773302598\"\n\t\t\ttitle=\" \"\n\t\t\t\t\t\t\t\t\t\t\t\t\t\t\t data-image-id=\"2556\" data-src=\"https:\/\/wp.1dfh.de\/wordpress\/wp-content\/gallery\/donzdorf-09\/1dfh-donsdorf-300809-029.jpg?t=1773302598\" data-thumbnail=\"https:\/\/wp.1dfh.de\/wordpress\/wp-content\/gallery\/donzdorf-09\/cache\/1dfh-donsdorf-300809-029.jpg-nggid042556-ngg0dyn-100x100x100-00f0w010c011r110f110r010t010.jpg?t=1773302598\" data-title=\"1dfh-donsdorf-300809-029\" data-description=\" \">\n\t\t\t<img title=\"1dfh-donsdorf-300809-029\"\n\t\t\t\talt=\"1dfh-donsdorf-300809-029\"\n\t\t\t\tdata-image-id=\"2556\"\n\t\t\t\tsrc=\"\"\/>\n\t\t<\/a>\n\t\t\t<a href=\"https:\/\/wp.1dfh.de\/wordpress\/wp-content\/gallery\/donzdorf-09\/1dfh-donsdorf-300809-030.jpg?t=1773302597\"\n\t\t\ttitle=\" \"\n\t\t\t\t\t\t\t\t\t\t\t\t\t\t\t data-image-id=\"2558\" data-src=\"https:\/\/wp.1dfh.de\/wordpress\/wp-content\/gallery\/donzdorf-09\/1dfh-donsdorf-300809-030.jpg?t=1773302597\" data-thumbnail=\"https:\/\/wp.1dfh.de\/wordpress\/wp-content\/gallery\/donzdorf-09\/cache\/1dfh-donsdorf-300809-030.jpg-nggid042558-ngg0dyn-100x100x100-00f0w010c011r110f110r010t010.jpg?t=1773302597\" data-title=\"1dfh-donsdorf-300809-030\" data-description=\" \">\n\t\t\t<img title=\"1dfh-donsdorf-300809-030\"\n\t\t\t\talt=\"1dfh-donsdorf-300809-030\"\n\t\t\t\tdata-image-id=\"2558\"\n\t\t\t\tsrc=\"\"\/>\n\t\t<\/a>\n\t\t\t<a href=\"https:\/\/wp.1dfh.de\/wordpress\/wp-content\/gallery\/donzdorf-09\/1dfh-donsdorf-300809-031.jpg?t=1773302598\"\n\t\t\ttitle=\" \"\n\t\t\t\t\t\t\t\t\t\t\t\t\t\t\t data-image-id=\"2560\" data-src=\"https:\/\/wp.1dfh.de\/wordpress\/wp-content\/gallery\/donzdorf-09\/1dfh-donsdorf-300809-031.jpg?t=1773302598\" data-thumbnail=\"https:\/\/wp.1dfh.de\/wordpress\/wp-content\/gallery\/donzdorf-09\/cache\/1dfh-donsdorf-300809-031.jpg-nggid042560-ngg0dyn-100x100x100-00f0w010c011r110f110r010t010.jpg?t=1773302598\" data-title=\"1dfh-donsdorf-300809-031\" data-description=\" \">\n\t\t\t<img title=\"1dfh-donsdorf-300809-031\"\n\t\t\t\talt=\"1dfh-donsdorf-300809-031\"\n\t\t\t\tdata-image-id=\"2560\"\n\t\t\t\tsrc=\"\"\/>\n\t\t<\/a>\n\t\t\t<a href=\"https:\/\/wp.1dfh.de\/wordpress\/wp-content\/gallery\/donzdorf-09\/1dfh-donsdorf-300809-032.jpg?t=1773302597\"\n\t\t\ttitle=\" \"\n\t\t\t\t\t\t\t\t\t\t\t\t\t\t\t data-image-id=\"2562\" data-src=\"https:\/\/wp.1dfh.de\/wordpress\/wp-content\/gallery\/donzdorf-09\/1dfh-donsdorf-300809-032.jpg?t=1773302597\" data-thumbnail=\"https:\/\/wp.1dfh.de\/wordpress\/wp-content\/gallery\/donzdorf-09\/cache\/1dfh-donsdorf-300809-032.jpg-nggid042562-ngg0dyn-100x100x100-00f0w010c011r110f110r010t010.jpg?t=1773302597\" data-title=\"1dfh-donsdorf-300809-032\" data-description=\" \">\n\t\t\t<img title=\"1dfh-donsdorf-300809-032\"\n\t\t\t\talt=\"1dfh-donsdorf-300809-032\"\n\t\t\t\tdata-image-id=\"2562\"\n\t\t\t\tsrc=\"\"\/>\n\t\t<\/a>\n\t\t\t<a href=\"https:\/\/wp.1dfh.de\/wordpress\/wp-content\/gallery\/donzdorf-09\/1dfh-donsdorf-300809-033.jpg?t=1773302598\"\n\t\t\ttitle=\" \"\n\t\t\t\t\t\t\t\t\t\t\t\t\t\t\t data-image-id=\"2564\" data-src=\"https:\/\/wp.1dfh.de\/wordpress\/wp-content\/gallery\/donzdorf-09\/1dfh-donsdorf-300809-033.jpg?t=1773302598\" data-thumbnail=\"https:\/\/wp.1dfh.de\/wordpress\/wp-content\/gallery\/donzdorf-09\/cache\/1dfh-donsdorf-300809-033.jpg-nggid042564-ngg0dyn-100x100x100-00f0w010c011r110f110r010t010.jpg?t=1773302598\" data-title=\"1dfh-donsdorf-300809-033\" data-description=\" \">\n\t\t\t<img title=\"1dfh-donsdorf-300809-033\"\n\t\t\t\talt=\"1dfh-donsdorf-300809-033\"\n\t\t\t\tdata-image-id=\"2564\"\n\t\t\t\tsrc=\"\"\/>\n\t\t<\/a>\n\t\t\t<a href=\"https:\/\/wp.1dfh.de\/wordpress\/wp-content\/gallery\/donzdorf-09\/1dfh-donsdorf-300809-034.jpg?t=1773302597\"\n\t\t\ttitle=\" \"\n\t\t\t\t\t\t\t\t\t\t\t\t\t\t\t data-image-id=\"2566\" data-src=\"https:\/\/wp.1dfh.de\/wordpress\/wp-content\/gallery\/donzdorf-09\/1dfh-donsdorf-300809-034.jpg?t=1773302597\" data-thumbnail=\"https:\/\/wp.1dfh.de\/wordpress\/wp-content\/gallery\/donzdorf-09\/cache\/1dfh-donsdorf-300809-034.jpg-nggid042566-ngg0dyn-100x100x100-00f0w010c011r110f110r010t010.jpg?t=1773302597\" data-title=\"1dfh-donsdorf-300809-034\" data-description=\" \">\n\t\t\t<img title=\"1dfh-donsdorf-300809-034\"\n\t\t\t\talt=\"1dfh-donsdorf-300809-034\"\n\t\t\t\tdata-image-id=\"2566\"\n\t\t\t\tsrc=\"\"\/>\n\t\t<\/a>\n\t\t\t<a href=\"https:\/\/wp.1dfh.de\/wordpress\/wp-content\/gallery\/donzdorf-09\/1dfh-donsdorf-300809-035.jpg?t=1773302615\"\n\t\t\ttitle=\" \"\n\t\t\t\t\t\t\t\t\t\t\t\t\t\t\t data-image-id=\"2568\" data-src=\"https:\/\/wp.1dfh.de\/wordpress\/wp-content\/gallery\/donzdorf-09\/1dfh-donsdorf-300809-035.jpg?t=1773302615\" data-thumbnail=\"https:\/\/wp.1dfh.de\/wordpress\/wp-content\/gallery\/donzdorf-09\/cache\/1dfh-donsdorf-300809-035.jpg-nggid042568-ngg0dyn-100x100x100-00f0w010c011r110f110r010t010.jpg?t=1773302615\" data-title=\"1dfh-donsdorf-300809-035\" data-description=\" \">\n\t\t\t<img title=\"1dfh-donsdorf-300809-035\"\n\t\t\t\talt=\"1dfh-donsdorf-300809-035\"\n\t\t\t\tdata-image-id=\"2568\"\n\t\t\t\tsrc=\"\"\/>\n\t\t<\/a>\n\t<\/div>\n","protected":false},"excerpt":{"rendered":"<p>Am letzten Sommerferien-Wochenende (13. und 14. September 2014) findet auf dem Flugplatz Poltringen (Ammerbuch) das Fliegerfest-Ammerbuch 2014 statt. Samstag, 13. September ab 13 Uhr: Eintritt frei Rundfl\u00fcge Motorflugzeuge Fallschirmspr\u00fcnge Modellflugvorf\u00fchrungen PORSCHE-Sportwagen und -Oldtimer-Ausstellung Segelkunstflug F\u00fcr das leibliche Wohl ist gesorgt Live-Musik im Hangar mit &#8222;ACOUSTIC STORM &amp; MARY JANE&#8220; Sonntag, 14. September ab 10 Uhr &hellip; <a href=\"https:\/\/wp.1dfh.de\/wordpress\/fliegerfest-ammerbuch-flugplatz-poltringen-13-09-14-09-2014\/\" class=\"more-link\"><span class=\"screen-reader-text\">Fliegerfest Ammerbuch Flugplatz Poltringen 13.09. &#8211; 14.09.2014<\/span> weiterlesen <span class=\"meta-nav\">&rarr;<\/span><\/a><\/p>\n","protected":false},"author":2,"featured_media":26353,"comment_status":"open","ping_status":"open","sticky":false,"template":"","format":"standard","meta":{"ngg_post_thumbnail":0,"footnotes":""},"categories":[1,18,6,9,11],"tags":[10234,11421,10233,11328,12161,12764,11154,11177,12640,11218,11330,12641,404,11245,3886,10235,11433,10090,7889,3763,12604],"class_list":["post-26186","post","type-post","status-publish","format-standard","has-post-thumbnail","hentry","category-allgemeines","category-flugveranstaltungen","category-fotos","category-termine","category-videos","tag-cessna-421","tag-eurocopter","tag-eurocopter-as-350","tag-fallschirmspringer","tag-fliegerfest-ammerbuch","tag-flugplatz-poltringen","tag-flugtag","tag-helikopter","tag-louisiana-kid","tag-modellflug","tag-motorkunstflug","tag-mustang-p-51-d","tag-oldtimer","tag-pilatus-p2","tag-porsche","tag-rennwagen","tag-segelkunstflug","tag-showfliegen","tag-waco-yks-6","tag-warbirds","tag-wilhelm-heinz"],"_links":{"self":[{"href":"https:\/\/wp.1dfh.de\/wordpress\/wp-json\/wp\/v2\/posts\/26186","targetHints":{"allow":["GET"]}}],"collection":[{"href":"https:\/\/wp.1dfh.de\/wordpress\/wp-json\/wp\/v2\/posts"}],"about":[{"href":"https:\/\/wp.1dfh.de\/wordpress\/wp-json\/wp\/v2\/types\/post"}],"author":[{"embeddable":true,"href":"https:\/\/wp.1dfh.de\/wordpress\/wp-json\/wp\/v2\/users\/2"}],"replies":[{"embeddable":true,"href":"https:\/\/wp.1dfh.de\/wordpress\/wp-json\/wp\/v2\/comments?post=26186"}],"version-history":[{"count":0,"href":"https:\/\/wp.1dfh.de\/wordpress\/wp-json\/wp\/v2\/posts\/26186\/revisions"}],"wp:featuredmedia":[{"embeddable":true,"href":"https:\/\/wp.1dfh.de\/wordpress\/wp-json\/wp\/v2\/media\/26353"}],"wp:attachment":[{"href":"https:\/\/wp.1dfh.de\/wordpress\/wp-json\/wp\/v2\/media?parent=26186"}],"wp:term":[{"taxonomy":"category","embeddable":true,"href":"https:\/\/wp.1dfh.de\/wordpress\/wp-json\/wp\/v2\/categories?post=26186"},{"taxonomy":"post_tag","embeddable":true,"href":"https:\/\/wp.1dfh.de\/wordpress\/wp-json\/wp\/v2\/tags?post=26186"}],"curies":[{"name":"wp","href":"https:\/\/api.w.org\/{rel}","templated":true}]}}