{"id":26202,"date":"2014-07-29T12:07:03","date_gmt":"2014-07-29T10:07:03","guid":{"rendered":"http:\/\/wp.1dfh.de\/wordpress\/?p=26202"},"modified":"2014-07-29T12:12:47","modified_gmt":"2014-07-29T10:12:47","slug":"17-zwickauer-flugplatzfest-23-08-24-08-2014","status":"publish","type":"post","link":"https:\/\/wp.1dfh.de\/wordpress\/17-zwickauer-flugplatzfest-23-08-24-08-2014\/","title":{"rendered":"17. Zwickauer Flugplatzfest 23.08. &#8211; 24.08.2014"},"content":{"rendered":"<figure id=\"attachment_26204\" aria-describedby=\"caption-attachment-26204\" style=\"width: 990px\" class=\"wp-caption alignnone\"><a href=\"http:\/\/zwickau.flugplatzfest.com\/\" target=\"_blank\"><img loading=\"lazy\" decoding=\"async\" class=\"wp-image-26204 size-full\" src=\"http:\/\/wp.1dfh.de\/wordpress\/wp-content\/uploads\/bgpic1.jpg\" alt=\" 17. Zwickauer Flugplatzfest 2014\" width=\"990\" height=\"264\" srcset=\"https:\/\/wp.1dfh.de\/wordpress\/wp-content\/uploads\/bgpic1.jpg 990w, https:\/\/wp.1dfh.de\/wordpress\/wp-content\/uploads\/bgpic1-300x80.jpg 300w\" sizes=\"auto, (max-width: 990px) 100vw, 990px\" \/><\/a><figcaption id=\"caption-attachment-26204\" class=\"wp-caption-text\">17. Zwickauer Flugplatzfest 2014<\/figcaption><\/figure>\n<p>Aus dem Programm der internationalen Flugschau<br \/>\nSamstag und Sonntag 14:00 &#8211; 16:30 Uhr<br \/>\nFlugschau zum &#8222;17.&#8220;<\/p>\n<ul>\n<li>Doppelt und dreifach<br \/>\nDrei Doppeldecker B\u00fccker B\u00fc 131 Jungmann zeigen ihr einzigartiges Programm.<\/li>\n<li>Der Himmel wird zur Blumenwiese<br \/>\nFallschirmspringer demonstrieren ihr K\u00f6nnen<\/li>\n<li>Classic pur und einfach sch\u00f6n<br \/>\n&#8222;Tante Ju&#8220; verzaubert und l\u00e4dt zu Rundfl\u00fcgen ein<\/li>\n<li>Motorloser Tanz unter den Wolken<br \/>\nSegelkunstflug von Joachim Lenk mit ASK 21<\/li>\n<li>Die letzte ihrer Art in Europa<br \/>\nDer fliegende Traktor PZL 106 &#8222;Kruk&#8220; sorgt f\u00fcr feuchte Felder.<\/li>\n<li>Tollk\u00fchne Frau trifft Oldtimer<br \/>\n<a title=\"Wing-Walkers\" href=\"http:\/\/wp.1dfh.de\/wordpress\/wing-walkers\/\">Wingwalkerin<\/a> Peggy Krainz klettert im Flug auf einer Boeing Stearman<\/li>\n<li>Tschechische Klassiker am Sommerhimmel<br \/>\nJ\u00fcrgen Eberhard, J\u00fcrgen Burmeister und Uwe Pollak zeigen Verbandsflug mit Z 42 und Z 43<\/li>\n<li><a title=\"The Flying Bulls Aerobatics Team\" href=\"http:\/\/wp.1dfh.de\/wordpress\/the-flying-bulls-aerobatics-team\/\">Flying Bulls<\/a> im Doppelpack<br \/>\nKunstflug der Spitzenklasse in der bekannten Vierer- und brandneu in der Zweierformation mit nagelneuen Flugzeugen.<\/li>\n<li>Langsam, aber sicher<br \/>\nFast wie ein Hubschrauber steigt der Fieseler Storch in den Zwickauer Himmel.<\/li>\n<li>Die &#8222;Alten&#8220; kommen<br \/>\nExklusives Fly-in des German Historic Flight e.V. mit ihren fliegenden Kisten.<\/li>\n<li>Wer pfeift da \u00fcber&#8217;n Platz?<br \/>\nZwickaus Chefadler in einem rasanten \u00dcberflug mit Jantar 1<\/li>\n<li>Treffer oder Nichttreffer? Das ist hier die Frage.<br \/>\nKlassiker: Ballonrammen mit J\u00fcrgen Eberhardt und J\u00fcrgen Burmeister, Zwickau<\/li>\n<\/ul>\n<p>Das Flugschauprogramm ist an beiden Festtagen identisch; die Reihenfolge aus organisatorischen Gr\u00fcnden jedoch verschieden. Programm\u00e4nderungen vorbehalten.<\/p>\n<p>[gmap]<\/p>\n<div class=\"ngg-related-gallery\">\n\t\t\t<a href=\"https:\/\/wp.1dfh.de\/wordpress\/wp-content\/gallery\/rbar-interlaken-2007\/1dfh-rba-il07-095.jpg?t=1773572273\"\n\t\t\ttitle=\"Red Bull Air Race Interlaken 2007\"\n\t\t\t\t\t\t\t\t\t\t\t\t\t\t\t data-image-id=\"5396\" data-src=\"https:\/\/wp.1dfh.de\/wordpress\/wp-content\/gallery\/rbar-interlaken-2007\/1dfh-rba-il07-095.jpg?t=1773572273\" data-thumbnail=\"https:\/\/wp.1dfh.de\/wordpress\/wp-content\/gallery\/rbar-interlaken-2007\/cache\/1dfh-rba-il07-095.jpg-nggid045396-ngg0dyn-100x100x100-00f0w010c011r110f110r010t010.jpg?t=1773572273\" data-title=\"Red Bull Air Race Interlaken 2007\" data-description=\"Red Bull Air Race Interlaken 2007\">\n\t\t\t<img title=\"Red Bull Air Race Interlaken 2007\"\n\t\t\t\talt=\"Red Bull Air Race Interlaken 2007\"\n\t\t\t\tdata-image-id=\"5396\"\n\t\t\t\tsrc=\"\"\/>\n\t\t<\/a>\n\t\t\t<a href=\"https:\/\/wp.1dfh.de\/wordpress\/wp-content\/gallery\/rbar-interlaken-2007\/1dfh-rba-il07-096.jpg?t=1773572273\"\n\t\t\ttitle=\"Red Bull Air Race Interlaken 2007\"\n\t\t\t\t\t\t\t\t\t\t\t\t\t\t\t data-image-id=\"5397\" data-src=\"https:\/\/wp.1dfh.de\/wordpress\/wp-content\/gallery\/rbar-interlaken-2007\/1dfh-rba-il07-096.jpg?t=1773572273\" data-thumbnail=\"https:\/\/wp.1dfh.de\/wordpress\/wp-content\/gallery\/rbar-interlaken-2007\/cache\/1dfh-rba-il07-096.jpg-nggid045397-ngg0dyn-100x100x100-00f0w010c011r110f110r010t010.jpg?t=1773572273\" data-title=\"Red Bull Air Race Interlaken 2007\" data-description=\"Red Bull Air Race Interlaken 2007\">\n\t\t\t<img title=\"Red Bull Air Race Interlaken 2007\"\n\t\t\t\talt=\"Red Bull Air Race Interlaken 2007\"\n\t\t\t\tdata-image-id=\"5397\"\n\t\t\t\tsrc=\"\"\/>\n\t\t<\/a>\n\t\t\t<a href=\"https:\/\/wp.1dfh.de\/wordpress\/wp-content\/gallery\/rbar-interlaken-2007\/1dfh-rba-il07-097.jpg?t=1773572273\"\n\t\t\ttitle=\"Red Bull Air Race Interlaken 2007\"\n\t\t\t\t\t\t\t\t\t\t\t\t\t\t\t data-image-id=\"5398\" data-src=\"https:\/\/wp.1dfh.de\/wordpress\/wp-content\/gallery\/rbar-interlaken-2007\/1dfh-rba-il07-097.jpg?t=1773572273\" data-thumbnail=\"https:\/\/wp.1dfh.de\/wordpress\/wp-content\/gallery\/rbar-interlaken-2007\/cache\/1dfh-rba-il07-097.jpg-nggid045398-ngg0dyn-100x100x100-00f0w010c011r110f110r010t010.jpg?t=1773572273\" data-title=\"Red Bull Air Race Interlaken 2007\" data-description=\"Red Bull Air Race Interlaken 2007\">\n\t\t\t<img title=\"Red Bull Air Race Interlaken 2007\"\n\t\t\t\talt=\"Red Bull Air Race Interlaken 2007\"\n\t\t\t\tdata-image-id=\"5398\"\n\t\t\t\tsrc=\"\"\/>\n\t\t<\/a>\n\t\t\t<a href=\"https:\/\/wp.1dfh.de\/wordpress\/wp-content\/gallery\/rbar-interlaken-2007\/1dfh-rba-il07-098.jpg?t=1501471919\"\n\t\t\ttitle=\"Red Bull Air Race Interlaken 2007\"\n\t\t\t\t\t\t\t\t\t\t\t\t\t\t\t data-image-id=\"5399\" data-src=\"https:\/\/wp.1dfh.de\/wordpress\/wp-content\/gallery\/rbar-interlaken-2007\/1dfh-rba-il07-098.jpg?t=1501471919\" data-thumbnail=\"https:\/\/wp.1dfh.de\/wordpress\/nextgen-image\/5399\/100x100x100\/crop\/3cf2220d4fe494b3e220dc53222a0669?t=1501471919\" data-title=\"Red Bull Air Race Interlaken 2007\" data-description=\"Red Bull Air Race Interlaken 2007\">\n\t\t\t<img title=\"Red Bull Air Race Interlaken 2007\"\n\t\t\t\talt=\"Red Bull Air Race Interlaken 2007\"\n\t\t\t\tdata-image-id=\"5399\"\n\t\t\t\tsrc=\"\"\/>\n\t\t<\/a>\n\t\t\t<a href=\"https:\/\/wp.1dfh.de\/wordpress\/wp-content\/gallery\/rbar-interlaken-2007\/1dfh-rba-il07-099.jpg?t=1501471920\"\n\t\t\ttitle=\"Red Bull Air Race Interlaken 2007\"\n\t\t\t\t\t\t\t\t\t\t\t\t\t\t\t data-image-id=\"5400\" data-src=\"https:\/\/wp.1dfh.de\/wordpress\/wp-content\/gallery\/rbar-interlaken-2007\/1dfh-rba-il07-099.jpg?t=1501471920\" data-thumbnail=\"https:\/\/wp.1dfh.de\/wordpress\/nextgen-image\/5400\/100x100x100\/crop\/18c8163673b91dbda2aa086139e37716?t=1501471920\" data-title=\"Red Bull Air Race Interlaken 2007\" data-description=\"Red Bull Air Race Interlaken 2007\">\n\t\t\t<img title=\"Red Bull Air Race Interlaken 2007\"\n\t\t\t\talt=\"Red Bull Air Race Interlaken 2007\"\n\t\t\t\tdata-image-id=\"5400\"\n\t\t\t\tsrc=\"\"\/>\n\t\t<\/a>\n\t\t\t<a href=\"https:\/\/wp.1dfh.de\/wordpress\/wp-content\/gallery\/rbar-interlaken-2007\/1dfh-rba-il07-100.jpg?t=1501471921\"\n\t\t\ttitle=\"Red Bull Air Race Interlaken 2007\"\n\t\t\t\t\t\t\t\t\t\t\t\t\t\t\t data-image-id=\"5401\" data-src=\"https:\/\/wp.1dfh.de\/wordpress\/wp-content\/gallery\/rbar-interlaken-2007\/1dfh-rba-il07-100.jpg?t=1501471921\" data-thumbnail=\"https:\/\/wp.1dfh.de\/wordpress\/nextgen-image\/5401\/100x100x100\/crop\/9b3bdcf0e2fca4ae2d6411301bccbe96?t=1501471921\" data-title=\"Red Bull Air Race Interlaken 2007\" data-description=\"Red Bull Air Race Interlaken 2007\">\n\t\t\t<img title=\"Red Bull Air Race Interlaken 2007\"\n\t\t\t\talt=\"Red Bull Air Race Interlaken 2007\"\n\t\t\t\tdata-image-id=\"5401\"\n\t\t\t\tsrc=\"\"\/>\n\t\t<\/a>\n\t\t\t<a href=\"https:\/\/wp.1dfh.de\/wordpress\/wp-content\/gallery\/modellflugtag-dettingenteck-2010\/20100917074743_modellflugtag_dettingen_1391.jpg?t=1501508410\"\n\t\t\ttitle=\"Ju 52, Modellflugtag Dettingen 2010 Fotos (C) Graupner\"\n\t\t\t\t\t\t\t\t\t\t\t\t\t\t\t data-image-id=\"9228\" data-src=\"https:\/\/wp.1dfh.de\/wordpress\/wp-content\/gallery\/modellflugtag-dettingenteck-2010\/20100917074743_modellflugtag_dettingen_1391.jpg?t=1501508410\" data-thumbnail=\"https:\/\/wp.1dfh.de\/wordpress\/nextgen-image\/9228\/100x100x100\/crop\/bdc3bcc9b98fa524b759a3f886eeb3dc?t=1501508410\" data-title=\"20100917074743_modellflugtag_dettingen_1391\" data-description=\"Ju 52, Modellflugtag Dettingen 2010 Fotos (C) Graupner\">\n\t\t\t<img title=\"20100917074743_modellflugtag_dettingen_1391\"\n\t\t\t\talt=\"20100917074743_modellflugtag_dettingen_1391\"\n\t\t\t\tdata-image-id=\"9228\"\n\t\t\t\tsrc=\"\"\/>\n\t\t<\/a>\n\t<\/div>\n","protected":false},"excerpt":{"rendered":"<p>Aus dem Programm der internationalen Flugschau Samstag und Sonntag 14:00 &#8211; 16:30 Uhr Flugschau zum &#8222;17.&#8220; Doppelt und dreifach Drei Doppeldecker B\u00fccker B\u00fc 131 Jungmann zeigen ihr einzigartiges Programm. Der Himmel wird zur Blumenwiese Fallschirmspringer demonstrieren ihr K\u00f6nnen Classic pur und einfach sch\u00f6n &#8222;Tante Ju&#8220; verzaubert und l\u00e4dt zu Rundfl\u00fcgen ein Motorloser Tanz unter den &hellip; <a href=\"https:\/\/wp.1dfh.de\/wordpress\/17-zwickauer-flugplatzfest-23-08-24-08-2014\/\" class=\"more-link\"><span class=\"screen-reader-text\">17. Zwickauer Flugplatzfest 23.08. &#8211; 24.08.2014<\/span> weiterlesen <span class=\"meta-nav\">&rarr;<\/span><\/a><\/p>\n","protected":false},"author":2,"featured_media":26204,"comment_status":"open","ping_status":"open","sticky":false,"template":"","format":"standard","meta":{"ngg_post_thumbnail":0,"footnotes":""},"categories":[1,18,9],"tags":[720,10102,11328,2956,11845,12148,10111,10103,11189,10107,10106,5397,11242,10105,10104,7607,10108,11341,10109,10110],"class_list":["post-26202","post","type-post","status-publish","format-standard","has-post-thumbnail","hentry","category-allgemeines","category-flugveranstaltungen","category-termine","tag-ask-21","tag-buecker-bue-131-jungmann","tag-fallschirmspringer","tag-fieseler-storch","tag-flying-bulls-aerobatics-team","tag-hannes-heppe","tag-jantar-1","tag-joachim-lenk","tag-ju-52","tag-juergen-burmeister","tag-juergen-eberhard","tag-kruk","tag-peggy-krainz","tag-peggy-valentin","tag-pzl-106","tag-tante-ju","tag-uwe-pollak","tag-wing-walkers","tag-z-42","tag-z43"],"_links":{"self":[{"href":"https:\/\/wp.1dfh.de\/wordpress\/wp-json\/wp\/v2\/posts\/26202","targetHints":{"allow":["GET"]}}],"collection":[{"href":"https:\/\/wp.1dfh.de\/wordpress\/wp-json\/wp\/v2\/posts"}],"about":[{"href":"https:\/\/wp.1dfh.de\/wordpress\/wp-json\/wp\/v2\/types\/post"}],"author":[{"embeddable":true,"href":"https:\/\/wp.1dfh.de\/wordpress\/wp-json\/wp\/v2\/users\/2"}],"replies":[{"embeddable":true,"href":"https:\/\/wp.1dfh.de\/wordpress\/wp-json\/wp\/v2\/comments?post=26202"}],"version-history":[{"count":0,"href":"https:\/\/wp.1dfh.de\/wordpress\/wp-json\/wp\/v2\/posts\/26202\/revisions"}],"wp:featuredmedia":[{"embeddable":true,"href":"https:\/\/wp.1dfh.de\/wordpress\/wp-json\/wp\/v2\/media\/26204"}],"wp:attachment":[{"href":"https:\/\/wp.1dfh.de\/wordpress\/wp-json\/wp\/v2\/media?parent=26202"}],"wp:term":[{"taxonomy":"category","embeddable":true,"href":"https:\/\/wp.1dfh.de\/wordpress\/wp-json\/wp\/v2\/categories?post=26202"},{"taxonomy":"post_tag","embeddable":true,"href":"https:\/\/wp.1dfh.de\/wordpress\/wp-json\/wp\/v2\/tags?post=26202"}],"curies":[{"name":"wp","href":"https:\/\/api.w.org\/{rel}","templated":true}]}}