{"id":26269,"date":"2014-08-15T21:36:31","date_gmt":"2014-08-15T19:36:31","guid":{"rendered":"http:\/\/wp.1dfh.de\/wordpress\/?p=26269"},"modified":"2014-08-15T21:49:23","modified_gmt":"2014-08-15T19:49:23","slug":"dolderer-gewinnt-sensationell-das-freitagstraining","status":"publish","type":"post","link":"https:\/\/wp.1dfh.de\/wordpress\/dolderer-gewinnt-sensationell-das-freitagstraining\/","title":{"rendered":"Dolderer gewinnt sensationell das Freitagstraining"},"content":{"rendered":"<p>ngg_shortcode_0_placeholder<br \/>\n<strong>Matthias Dolderer ist der F\u00fchrende nach dem ersten Training<\/strong><em><\/p>\n<p>Date: 15\/08\/14<br \/>\nDer Deutsche Matthias Dolderer hat am Freitag die schnellste Trainingszeit auf der historischen Pferderennbahn von Ascot geflogen. W\u00e4hrend der Gesamtf\u00fchrende Hannes Arch knapp dahinter auf dem zweiten Platz folgte, belegte Oldie Peter Besenyei den dritten Rang.<\/p>\n<p>Es war die erste Chance f\u00fcr die 12 Piloten der schnellsten Rennserie der Welt den spektakul\u00e4ren Kurs \u00fcber der Pferderennbahn in der N\u00e4he von London kennenzulernen. Viele Piloten experimentierten dabei noch mit ihren Einstellungen am Flugzeug f\u00fcr das Qualifying am Samstag.<\/p>\n<p>Trotz allem war die Vorstellung von Matthias Dolderer beeindruckend. Bei einer Zeit von 1:09.508 stoppte die Uhr beim Deutschen. Arch flog mit einer neuen Areodynamik-Umstellung auf den zweiten Platz mit einem Abstand von 0.136 Sekunden, Peter Besenyei war mit einem R\u00fcckstand von 0.607 Dritter. Titelverteidiger Paul Bonhomme belegte mit einer Zeit von 1:10.173 den vierten Platz, der Franzose Nicolas Ivanoff wurde F\u00fcnfter. Nigel Lamb, der Dritte der Gesamtwertung wurde beim Training f\u00fcr das erste Landrennen dieser Saison lediglich Neunter.<\/p>\n<p>&#8222;Es ist gerade einmal die erste Trainingseinheit und definitiv zu fr\u00fch, um zu viel hineinzuinterpretieren&#8220;, sagte Dolderer, der sich dar\u00fcber freute, den ersten stehenden Start der Geschichte des Air Race erfolgreich absolviert zu haben. &#8222;Es macht hier viel Spa\u00df. Eine tolle Strecke und einfach unglaublich, hier durch die Strecke und durch die B\u00e4ume zu fliegen. Seit mehr als 300 Jahren finden hier nur Pferderennen statt und nun tragen wir hier ein Rennen mit unseren Fliegern aus. F\u00fcr die Zuschauer wird das ein fantastisches Rennen. Sie k\u00f6nnen gleich von den Trib\u00fcnen auf die Flugzeuge herunterblicken, w\u00e4hrend wir unter deren Blickfeld hindurchfliegen. Ich kriege jetzt schon G\u00e4nsehaut, wenn ich daran denke&#8220;, sagte der Deutsche nach dem erfolgreichen Flug im Training.<br \/>\n<\/em><\/p>\n<div class=\"ngg-related-gallery\">\n\t\t\t<a href=\"https:\/\/wp.1dfh.de\/wordpress\/wp-content\/gallery\/rba-piloten-2010\/SI201003030014.jpg?t=1773390884\"\n\t\t\ttitle=\"Matthias Dolderer (C) Red Bull\"\n\t\t\t\t\t\t\t\t\t\t\t\t\t\t\t data-image-id=\"4582\" data-src=\"https:\/\/wp.1dfh.de\/wordpress\/wp-content\/gallery\/rba-piloten-2010\/SI201003030014.jpg?t=1773390884\" data-thumbnail=\"https:\/\/wp.1dfh.de\/wordpress\/wp-content\/gallery\/rba-piloten-2010\/cache\/SI201003030014.jpg-nggid044582-ngg0dyn-100x100x100-00f0w010c011r110f110r010t010.jpg?t=1773390884\" data-title=\"SI201003030014\" data-description=\"Matthias Dolderer (C) Red Bull\">\n\t\t\t<img title=\"SI201003030014\"\n\t\t\t\talt=\"SI201003030014\"\n\t\t\t\tdata-image-id=\"4582\"\n\t\t\t\tsrc=\"\"\/>\n\t\t<\/a>\n\t\t\t<a href=\"https:\/\/wp.1dfh.de\/wordpress\/wp-content\/gallery\/rba-piloten-2010\/si201003030004.jpg?t=1773823639\"\n\t\t\ttitle=\"Peter Besenyei (C) Red Bull\"\n\t\t\t\t\t\t\t\t\t\t\t\t\t\t\t data-image-id=\"4595\" data-src=\"https:\/\/wp.1dfh.de\/wordpress\/wp-content\/gallery\/rba-piloten-2010\/si201003030004.jpg?t=1773823639\" data-thumbnail=\"https:\/\/wp.1dfh.de\/wordpress\/wp-content\/gallery\/rba-piloten-2010\/cache\/si201003030004.jpg-nggid044595-ngg0dyn-100x100x100-00f0w010c011r110f110r010t010.jpg?t=1773823639\" data-title=\"si201003030004\" data-description=\"Peter Besenyei (C) Red Bull\">\n\t\t\t<img title=\"si201003030004\"\n\t\t\t\talt=\"si201003030004\"\n\t\t\t\tdata-image-id=\"4595\"\n\t\t\t\tsrc=\"\"\/>\n\t\t<\/a>\n\t\t\t<a href=\"https:\/\/wp.1dfh.de\/wordpress\/wp-content\/gallery\/rba-abu-dhabi-2010\/si201003270013.jpg?t=1773404469\"\n\t\t\ttitle=\"ABU DHABI, UNITED ARAB EMIRATES - MARCH 27: (L-R) Second placed Nigel Lamb of Great Britain, winner Paul Bonhomme of Great Britain and third placed Peter Besenyei of Hungary with their medals after the Red Bull Air Race day on March 27, 2010 in Abu Dhabi, United Arab Emirates. (Photo by Hamish Blair\/Getty Images for Red Bull Air Race) *** Local Caption *** Nigel Lamb; Paul Bonhomme; Peter Besenyei\"\n\t\t\t\t\t\t\t\t\t\t\t\t\t\t\t data-image-id=\"4693\" data-src=\"https:\/\/wp.1dfh.de\/wordpress\/wp-content\/gallery\/rba-abu-dhabi-2010\/si201003270013.jpg?t=1773404469\" data-thumbnail=\"https:\/\/wp.1dfh.de\/wordpress\/wp-content\/gallery\/rba-abu-dhabi-2010\/cache\/si201003270013.jpg-nggid044693-ngg0dyn-100x100x100-00f0w010c011r110f110r010t010.jpg?t=1773404469\" data-title=\"97755980DM010_Red_Bull_Air_\" data-description=\"ABU DHABI, UNITED ARAB EMIRATES - MARCH 27: (L-R) Second placed Nigel Lamb of Great Britain, winner Paul Bonhomme of Great Britain and third placed Peter Besenyei of Hungary with their medals after the Red Bull Air Race day on March 27, 2010 in Abu Dhabi, United Arab Emirates. (Photo by Hamish Blair\/Getty Images for Red Bull Air Race) *** Local Caption *** Nigel Lamb; Paul Bonhomme; Peter Besenyei\">\n\t\t\t<img title=\"97755980DM010_Red_Bull_Air_\"\n\t\t\t\talt=\"97755980DM010_Red_Bull_Air_\"\n\t\t\t\tdata-image-id=\"4693\"\n\t\t\t\tsrc=\"\"\/>\n\t\t<\/a>\n\t\t\t<a href=\"https:\/\/wp.1dfh.de\/wordpress\/wp-content\/gallery\/rba-abu-dhabi-2010\/si201003270016.jpg?t=1773404478\"\n\t\t\ttitle=\"Nigel Lamb of Great Britain celebrates his 2nd, Paul Bonhomme of Great Britain his 1st and Peter Besenyei of Hungary his 3rd place on the podium after the Red Bull Air Race day on March 27, 2010 in Abu Dhabi, United Arab Emirates.\"\n\t\t\t\t\t\t\t\t\t\t\t\t\t\t\t data-image-id=\"4694\" data-src=\"https:\/\/wp.1dfh.de\/wordpress\/wp-content\/gallery\/rba-abu-dhabi-2010\/si201003270016.jpg?t=1773404478\" data-thumbnail=\"https:\/\/wp.1dfh.de\/wordpress\/wp-content\/gallery\/rba-abu-dhabi-2010\/cache\/si201003270016.jpg-nggid044694-ngg0dyn-100x100x100-00f0w010c011r110f110r010t010.jpg?t=1773404478\" data-title=\"Nigel Lamb; Paul Bonhomme; Peter Besenyei - Race Day, Abu Dhabi\" data-description=\"Nigel Lamb of Great Britain celebrates his 2nd, Paul Bonhomme of Great Britain his 1st and Peter Besenyei of Hungary his 3rd place on the podium after the Red Bull Air Race day on March 27, 2010 in Abu Dhabi, United Arab Emirates.\">\n\t\t\t<img title=\"Nigel Lamb; Paul Bonhomme; Peter Besenyei - Race Day, Abu Dhabi\"\n\t\t\t\talt=\"Nigel Lamb; Paul Bonhomme; Peter Besenyei - Race Day, Abu Dhabi\"\n\t\t\t\tdata-image-id=\"4694\"\n\t\t\t\tsrc=\"\"\/>\n\t\t<\/a>\n\t\t\t<a href=\"https:\/\/wp.1dfh.de\/wordpress\/wp-content\/gallery\/rbar-rio-de-janeiro-2010\/si201005090122.jpg?t=1770668309\"\n\t\t\ttitle=\"Hannes Arch of Austria celebrates his victory in the Red Bull Air Race Day on May 9, 2010 in Rio de Janeiro, Brazil. Nigel Lamb of Great Britain came 2nd and Paul Bonhomme of Great Britain his 3rd podium. Foto \u00a9 Red Bull\"\n\t\t\t\t\t\t\t\t\t\t\t\t\t\t\t data-image-id=\"5299\" data-src=\"https:\/\/wp.1dfh.de\/wordpress\/wp-content\/gallery\/rbar-rio-de-janeiro-2010\/si201005090122.jpg?t=1770668309\" data-thumbnail=\"https:\/\/wp.1dfh.de\/wordpress\/wp-content\/gallery\/rbar-rio-de-janeiro-2010\/cache\/si201005090122.jpg-nggid045299-ngg0dyn-100x100x100-00f0w010c011r110f110r010t010.jpg?t=1770668309\" data-title=\"si201005090122\" data-description=\"Hannes Arch of Austria celebrates his victory in the Red Bull Air Race Day on May 9, 2010 in Rio de Janeiro, Brazil. Nigel Lamb of Great Britain came 2nd and Paul Bonhomme of Great Britain his 3rd podium. Foto \u00a9 Red Bull\">\n\t\t\t<img title=\"si201005090122\"\n\t\t\t\talt=\"si201005090122\"\n\t\t\t\tdata-image-id=\"5299\"\n\t\t\t\tsrc=\"\"\/>\n\t\t<\/a>\n\t\t\t<a href=\"https:\/\/wp.1dfh.de\/wordpress\/wp-content\/gallery\/rbar-interlaken-2007\/1dfh-rba-il07-000.jpg?t=1773407446\"\n\t\t\ttitle=\"Red Bull Air Race Interlaken 2007\"\n\t\t\t\t\t\t\t\t\t\t\t\t\t\t\t data-image-id=\"5301\" data-src=\"https:\/\/wp.1dfh.de\/wordpress\/wp-content\/gallery\/rbar-interlaken-2007\/1dfh-rba-il07-000.jpg?t=1773407446\" data-thumbnail=\"https:\/\/wp.1dfh.de\/wordpress\/wp-content\/gallery\/rbar-interlaken-2007\/cache\/1dfh-rba-il07-000.jpg-nggid045301-ngg0dyn-100x100x100-00f0w010c011r110f110r010t010.jpg?t=1773407446\" data-title=\"Red Bull Air Race Interlaken 2007\" data-description=\"Red Bull Air Race Interlaken 2007\">\n\t\t\t<img title=\"Red Bull Air Race Interlaken 2007\"\n\t\t\t\talt=\"Red Bull Air Race Interlaken 2007\"\n\t\t\t\tdata-image-id=\"5301\"\n\t\t\t\tsrc=\"\"\/>\n\t\t<\/a>\n\t\t\t<a href=\"https:\/\/wp.1dfh.de\/wordpress\/wp-content\/gallery\/rbar-interlaken-2007\/1dfh-rba-il07-001.jpg?t=1773407445\"\n\t\t\ttitle=\"Red Bull Air Race Interlaken 2007\"\n\t\t\t\t\t\t\t\t\t\t\t\t\t\t\t data-image-id=\"5302\" data-src=\"https:\/\/wp.1dfh.de\/wordpress\/wp-content\/gallery\/rbar-interlaken-2007\/1dfh-rba-il07-001.jpg?t=1773407445\" data-thumbnail=\"https:\/\/wp.1dfh.de\/wordpress\/wp-content\/gallery\/rbar-interlaken-2007\/cache\/1dfh-rba-il07-001.jpg-nggid045302-ngg0dyn-100x100x100-00f0w010c011r110f110r010t010.jpg?t=1773407445\" data-title=\"Red Bull Air Race Interlaken 2007\" data-description=\"Red Bull Air Race Interlaken 2007\">\n\t\t\t<img title=\"Red Bull Air Race Interlaken 2007\"\n\t\t\t\talt=\"Red Bull Air Race Interlaken 2007\"\n\t\t\t\tdata-image-id=\"5302\"\n\t\t\t\tsrc=\"\"\/>\n\t\t<\/a>\n\t<\/div>\n","protected":false},"excerpt":{"rendered":"<p>Matthias Dolderer ist der F\u00fchrende nach dem ersten Training Date: 15\/08\/14 Der Deutsche Matthias Dolderer hat am Freitag die schnellste Trainingszeit auf der historischen Pferderennbahn von Ascot geflogen. W\u00e4hrend der Gesamtf\u00fchrende Hannes Arch knapp dahinter auf dem zweiten Platz folgte, belegte Oldie Peter Besenyei den dritten Rang. Es war die erste Chance f\u00fcr die 12 &hellip; <a href=\"https:\/\/wp.1dfh.de\/wordpress\/dolderer-gewinnt-sensationell-das-freitagstraining\/\" class=\"more-link\"><span class=\"screen-reader-text\">Dolderer gewinnt sensationell das Freitagstraining<\/span> weiterlesen <span class=\"meta-nav\">&rarr;<\/span><\/a><\/p>\n","protected":false},"author":2,"featured_media":0,"comment_status":"open","ping_status":"open","sticky":false,"template":"","format":"standard","meta":{"ngg_post_thumbnail":0,"footnotes":""},"categories":[3,1,18,13],"tags":[12770,11507,11206,11636,12690,11252,12700,11858,12689],"class_list":["post-26269","post","type-post","status-publish","format-standard","hentry","category-aktuelles","category-allgemeines","category-flugveranstaltungen","category-wettbewerbe","tag-ascot","tag-hannes-arch","tag-matthias-dolderer","tag-peter-besenyei","tag-rbar-2014","tag-red-bull-air-race","tag-red-bull-air-race-2014","tag-red-bull-air-race-world-championship","tag-red-bull-air-race-world-championship-2014"],"_links":{"self":[{"href":"https:\/\/wp.1dfh.de\/wordpress\/wp-json\/wp\/v2\/posts\/26269","targetHints":{"allow":["GET"]}}],"collection":[{"href":"https:\/\/wp.1dfh.de\/wordpress\/wp-json\/wp\/v2\/posts"}],"about":[{"href":"https:\/\/wp.1dfh.de\/wordpress\/wp-json\/wp\/v2\/types\/post"}],"author":[{"embeddable":true,"href":"https:\/\/wp.1dfh.de\/wordpress\/wp-json\/wp\/v2\/users\/2"}],"replies":[{"embeddable":true,"href":"https:\/\/wp.1dfh.de\/wordpress\/wp-json\/wp\/v2\/comments?post=26269"}],"version-history":[{"count":0,"href":"https:\/\/wp.1dfh.de\/wordpress\/wp-json\/wp\/v2\/posts\/26269\/revisions"}],"wp:attachment":[{"href":"https:\/\/wp.1dfh.de\/wordpress\/wp-json\/wp\/v2\/media?parent=26269"}],"wp:term":[{"taxonomy":"category","embeddable":true,"href":"https:\/\/wp.1dfh.de\/wordpress\/wp-json\/wp\/v2\/categories?post=26269"},{"taxonomy":"post_tag","embeddable":true,"href":"https:\/\/wp.1dfh.de\/wordpress\/wp-json\/wp\/v2\/tags?post=26269"}],"curies":[{"name":"wp","href":"https:\/\/api.w.org\/{rel}","templated":true}]}}