{"id":26319,"date":"2014-08-26T08:33:05","date_gmt":"2014-08-26T06:33:05","guid":{"rendered":"http:\/\/wp.1dfh.de\/wordpress\/?p=26319"},"modified":"2014-08-26T08:56:18","modified_gmt":"2014-08-26T06:56:18","slug":"tag-der-offenen-tuer-aero-club-bad-nauheim-e-v-06-09-07-09-2014","status":"publish","type":"post","link":"https:\/\/wp.1dfh.de\/wordpress\/tag-der-offenen-tuer-aero-club-bad-nauheim-e-v-06-09-07-09-2014\/","title":{"rendered":"Tag der offenen T\u00fcr Aero-Club Bad Nauheim e.V. 06.09. &#8211; 07.09.2014"},"content":{"rendered":"<p><figure id=\"attachment_26320\" aria-describedby=\"caption-attachment-26320\" style=\"width: 681px\" class=\"wp-caption alignright\"><a href=\"http:\/\/aecbn.de\/\" target=\"_blank\"><img loading=\"lazy\" decoding=\"async\" class=\"wp-image-26320 size-full\" src=\"http:\/\/wp.1dfh.de\/wordpress\/wp-content\/uploads\/10372345_708700785842808_3279005177045070748_n1.jpg\" alt=\"Tag der offenen T\u00fcr Aero-Club Bad Nauheim e.V. 2014\" width=\"681\" height=\"960\" srcset=\"https:\/\/wp.1dfh.de\/wordpress\/wp-content\/uploads\/10372345_708700785842808_3279005177045070748_n1.jpg 681w, https:\/\/wp.1dfh.de\/wordpress\/wp-content\/uploads\/10372345_708700785842808_3279005177045070748_n1-212x300.jpg 212w\" sizes=\"auto, (max-width: 681px) 100vw, 681px\" \/><\/a><figcaption id=\"caption-attachment-26320\" class=\"wp-caption-text\">Tag der offenen T\u00fcr Aero-Club Bad Nauheim e.V. 2014<\/figcaption><\/figure><br \/>\nAm 6.9. und 7.9. zeigt der Aero-Club und seine Freunde wieder eine Reise durch die Geschichte der Luftfahrt. Oldtimer, Segelkunstflug, Formationsfl\u00fcge, Fallschirmspringer, Modellflug, Motorkunstflug&#8230;und vieles mehr. Und Samstag Abend gibt&#8217;s Livemusik mit einigen \u00dcberraschungen in der Luft und am Boden. Infos zum Programm werden auf www.aecbn.de regelm\u00e4\u00dfig aktualisiert.<\/p>\n<div class=\"ngg-related-gallery\">\n\t\t\t<a href=\"https:\/\/wp.1dfh.de\/wordpress\/wp-content\/gallery\/kehl09\/1dfh-kehl09_0025.JPG?t=1770667318\"\n\t\t\ttitle=\" \"\n\t\t\t\t\t\t\t\t\t\t\t\t\t\t\t data-image-id=\"731\" data-src=\"https:\/\/wp.1dfh.de\/wordpress\/wp-content\/gallery\/kehl09\/1dfh-kehl09_0025.JPG?t=1770667318\" data-thumbnail=\"https:\/\/wp.1dfh.de\/wordpress\/wp-content\/gallery\/kehl09\/cache\/1dfh-kehl09_0025.JPG-nggid03731-ngg0dyn-100x100x100-00f0w010c011r110f110r010t010.JPG?t=1770667318\" data-title=\"1dfh-kehl09_0025\" data-description=\" \">\n\t\t\t<img title=\"1dfh-kehl09_0025\"\n\t\t\t\talt=\"1dfh-kehl09_0025\"\n\t\t\t\tdata-image-id=\"731\"\n\t\t\t\tsrc=\"\"\/>\n\t\t<\/a>\n\t\t\t<a href=\"https:\/\/wp.1dfh.de\/wordpress\/wp-content\/gallery\/flugplatzfest-ubersberg-16-08-2009\/1dfh-flugplatzfest-uebersberg-020.jpg?t=1773630502\"\n\t\t\ttitle=\" \"\n\t\t\t\t\t\t\t\t\t\t\t\t\t\t\t data-image-id=\"2075\" data-src=\"https:\/\/wp.1dfh.de\/wordpress\/wp-content\/gallery\/flugplatzfest-ubersberg-16-08-2009\/1dfh-flugplatzfest-uebersberg-020.jpg?t=1773630502\" data-thumbnail=\"https:\/\/wp.1dfh.de\/wordpress\/wp-content\/gallery\/flugplatzfest-ubersberg-16-08-2009\/cache\/1dfh-flugplatzfest-uebersberg-020.jpg-nggid042075-ngg0dyn-100x100x100-00f0w010c011r110f110r010t010.jpg?t=1773630502\" data-title=\"1dfh-flugplatzfest-uebersberg-020\" data-description=\" \">\n\t\t\t<img title=\"1dfh-flugplatzfest-uebersberg-020\"\n\t\t\t\talt=\"1dfh-flugplatzfest-uebersberg-020\"\n\t\t\t\tdata-image-id=\"2075\"\n\t\t\t\tsrc=\"\"\/>\n\t\t<\/a>\n\t\t\t<a href=\"https:\/\/wp.1dfh.de\/wordpress\/wp-content\/gallery\/flugplatzfest-ubersberg-16-08-2009\/1dfh-flugplatzfest-uebersberg-021.jpg?t=1773630502\"\n\t\t\ttitle=\" \"\n\t\t\t\t\t\t\t\t\t\t\t\t\t\t\t data-image-id=\"2076\" data-src=\"https:\/\/wp.1dfh.de\/wordpress\/wp-content\/gallery\/flugplatzfest-ubersberg-16-08-2009\/1dfh-flugplatzfest-uebersberg-021.jpg?t=1773630502\" data-thumbnail=\"https:\/\/wp.1dfh.de\/wordpress\/wp-content\/gallery\/flugplatzfest-ubersberg-16-08-2009\/cache\/1dfh-flugplatzfest-uebersberg-021.jpg-nggid042076-ngg0dyn-100x100x100-00f0w010c011r110f110r010t010.jpg?t=1773630502\" data-title=\"1dfh-flugplatzfest-uebersberg-021\" data-description=\" \">\n\t\t\t<img title=\"1dfh-flugplatzfest-uebersberg-021\"\n\t\t\t\talt=\"1dfh-flugplatzfest-uebersberg-021\"\n\t\t\t\tdata-image-id=\"2076\"\n\t\t\t\tsrc=\"\"\/>\n\t\t<\/a>\n\t\t\t<a href=\"https:\/\/wp.1dfh.de\/wordpress\/wp-content\/gallery\/donzdorf-09\/1dfh-donsdorf-300809-029.jpg?t=1773302598\"\n\t\t\ttitle=\" \"\n\t\t\t\t\t\t\t\t\t\t\t\t\t\t\t data-image-id=\"2556\" data-src=\"https:\/\/wp.1dfh.de\/wordpress\/wp-content\/gallery\/donzdorf-09\/1dfh-donsdorf-300809-029.jpg?t=1773302598\" data-thumbnail=\"https:\/\/wp.1dfh.de\/wordpress\/wp-content\/gallery\/donzdorf-09\/cache\/1dfh-donsdorf-300809-029.jpg-nggid042556-ngg0dyn-100x100x100-00f0w010c011r110f110r010t010.jpg?t=1773302598\" data-title=\"1dfh-donsdorf-300809-029\" data-description=\" \">\n\t\t\t<img title=\"1dfh-donsdorf-300809-029\"\n\t\t\t\talt=\"1dfh-donsdorf-300809-029\"\n\t\t\t\tdata-image-id=\"2556\"\n\t\t\t\tsrc=\"\"\/>\n\t\t<\/a>\n\t\t\t<a href=\"https:\/\/wp.1dfh.de\/wordpress\/wp-content\/gallery\/donzdorf-09\/1dfh-donsdorf-300809-030.jpg?t=1773302597\"\n\t\t\ttitle=\" \"\n\t\t\t\t\t\t\t\t\t\t\t\t\t\t\t data-image-id=\"2558\" data-src=\"https:\/\/wp.1dfh.de\/wordpress\/wp-content\/gallery\/donzdorf-09\/1dfh-donsdorf-300809-030.jpg?t=1773302597\" data-thumbnail=\"https:\/\/wp.1dfh.de\/wordpress\/wp-content\/gallery\/donzdorf-09\/cache\/1dfh-donsdorf-300809-030.jpg-nggid042558-ngg0dyn-100x100x100-00f0w010c011r110f110r010t010.jpg?t=1773302597\" data-title=\"1dfh-donsdorf-300809-030\" data-description=\" \">\n\t\t\t<img title=\"1dfh-donsdorf-300809-030\"\n\t\t\t\talt=\"1dfh-donsdorf-300809-030\"\n\t\t\t\tdata-image-id=\"2558\"\n\t\t\t\tsrc=\"\"\/>\n\t\t<\/a>\n\t\t\t<a href=\"https:\/\/wp.1dfh.de\/wordpress\/wp-content\/gallery\/donzdorf-09\/1dfh-donsdorf-300809-031.jpg?t=1773302598\"\n\t\t\ttitle=\" \"\n\t\t\t\t\t\t\t\t\t\t\t\t\t\t\t data-image-id=\"2560\" data-src=\"https:\/\/wp.1dfh.de\/wordpress\/wp-content\/gallery\/donzdorf-09\/1dfh-donsdorf-300809-031.jpg?t=1773302598\" data-thumbnail=\"https:\/\/wp.1dfh.de\/wordpress\/wp-content\/gallery\/donzdorf-09\/cache\/1dfh-donsdorf-300809-031.jpg-nggid042560-ngg0dyn-100x100x100-00f0w010c011r110f110r010t010.jpg?t=1773302598\" data-title=\"1dfh-donsdorf-300809-031\" data-description=\" \">\n\t\t\t<img title=\"1dfh-donsdorf-300809-031\"\n\t\t\t\talt=\"1dfh-donsdorf-300809-031\"\n\t\t\t\tdata-image-id=\"2560\"\n\t\t\t\tsrc=\"\"\/>\n\t\t<\/a>\n\t\t\t<a href=\"https:\/\/wp.1dfh.de\/wordpress\/wp-content\/gallery\/donzdorf-09\/1dfh-donsdorf-300809-032.jpg?t=1773302597\"\n\t\t\ttitle=\" \"\n\t\t\t\t\t\t\t\t\t\t\t\t\t\t\t data-image-id=\"2562\" data-src=\"https:\/\/wp.1dfh.de\/wordpress\/wp-content\/gallery\/donzdorf-09\/1dfh-donsdorf-300809-032.jpg?t=1773302597\" data-thumbnail=\"https:\/\/wp.1dfh.de\/wordpress\/wp-content\/gallery\/donzdorf-09\/cache\/1dfh-donsdorf-300809-032.jpg-nggid042562-ngg0dyn-100x100x100-00f0w010c011r110f110r010t010.jpg?t=1773302597\" data-title=\"1dfh-donsdorf-300809-032\" data-description=\" \">\n\t\t\t<img title=\"1dfh-donsdorf-300809-032\"\n\t\t\t\talt=\"1dfh-donsdorf-300809-032\"\n\t\t\t\tdata-image-id=\"2562\"\n\t\t\t\tsrc=\"\"\/>\n\t\t<\/a>\n\t<\/div>\n","protected":false},"excerpt":{"rendered":"<p>Am 6.9. und 7.9. zeigt der Aero-Club und seine Freunde wieder eine Reise durch die Geschichte der Luftfahrt. Oldtimer, Segelkunstflug, Formationsfl\u00fcge, Fallschirmspringer, Modellflug, Motorkunstflug&#8230;und vieles mehr. Und Samstag Abend gibt&#8217;s Livemusik mit einigen \u00dcberraschungen in der Luft und am Boden. Infos zum Programm werden auf www.aecbn.de regelm\u00e4\u00dfig aktualisiert.<\/p>\n","protected":false},"author":2,"featured_media":26320,"comment_status":"open","ping_status":"open","sticky":false,"template":"","format":"standard","meta":{"ngg_post_thumbnail":0,"footnotes":""},"categories":[18,9],"tags":[10178,11793,11328,10179,9118,11218,11330,404,11433,11294],"class_list":["post-26319","post","type-post","status-publish","format-standard","has-post-thumbnail","hentry","category-flugveranstaltungen","category-termine","tag-aero-club-bad-nauheim-e-v","tag-do-27","tag-fallschirmspringer","tag-formationsfluege","tag-me-108-taifun","tag-modellflug","tag-motorkunstflug","tag-oldtimer","tag-segelkunstflug","tag-zlin-526"],"_links":{"self":[{"href":"https:\/\/wp.1dfh.de\/wordpress\/wp-json\/wp\/v2\/posts\/26319","targetHints":{"allow":["GET"]}}],"collection":[{"href":"https:\/\/wp.1dfh.de\/wordpress\/wp-json\/wp\/v2\/posts"}],"about":[{"href":"https:\/\/wp.1dfh.de\/wordpress\/wp-json\/wp\/v2\/types\/post"}],"author":[{"embeddable":true,"href":"https:\/\/wp.1dfh.de\/wordpress\/wp-json\/wp\/v2\/users\/2"}],"replies":[{"embeddable":true,"href":"https:\/\/wp.1dfh.de\/wordpress\/wp-json\/wp\/v2\/comments?post=26319"}],"version-history":[{"count":0,"href":"https:\/\/wp.1dfh.de\/wordpress\/wp-json\/wp\/v2\/posts\/26319\/revisions"}],"wp:featuredmedia":[{"embeddable":true,"href":"https:\/\/wp.1dfh.de\/wordpress\/wp-json\/wp\/v2\/media\/26320"}],"wp:attachment":[{"href":"https:\/\/wp.1dfh.de\/wordpress\/wp-json\/wp\/v2\/media?parent=26319"}],"wp:term":[{"taxonomy":"category","embeddable":true,"href":"https:\/\/wp.1dfh.de\/wordpress\/wp-json\/wp\/v2\/categories?post=26319"},{"taxonomy":"post_tag","embeddable":true,"href":"https:\/\/wp.1dfh.de\/wordpress\/wp-json\/wp\/v2\/tags?post=26319"}],"curies":[{"name":"wp","href":"https:\/\/api.w.org\/{rel}","templated":true}]}}