{"id":26322,"date":"2014-09-07T23:33:22","date_gmt":"2014-09-07T21:33:22","guid":{"rendered":"http:\/\/wp.1dfh.de\/wordpress\/?p=26322"},"modified":"2015-06-25T10:58:12","modified_gmt":"2015-06-25T08:58:12","slug":"flugplatzfest-fliegergruppe-blaubeuren-e-v-06-09-07-09-2014","status":"publish","type":"post","link":"https:\/\/wp.1dfh.de\/wordpress\/flugplatzfest-fliegergruppe-blaubeuren-e-v-06-09-07-09-2014\/","title":{"rendered":"Flugplatzfest Fliegergruppe Blaubeuren e.V. 06.09. &#8211; 07.09.2014"},"content":{"rendered":"<p>Am Samstag dem 06. und Sonntag dem 07. September 2014 findet auf dem Flugplatz in Sonderbuch das allj\u00e4hrliche Flugplatzfest der Fliegergruppe Blaubeuren statt.<\/p>\n<figure id=\"attachment_26356\" aria-describedby=\"caption-attachment-26356\" style=\"width: 800px\" class=\"wp-caption alignnone\"><a href=\"http:\/\/www.flgblaubeuren.org\" target=\"_blank\"><img loading=\"lazy\" decoding=\"async\" class=\"wp-image-26356 size-full\" src=\"http:\/\/wp.1dfh.de\/wordpress\/wp-content\/uploads\/csm_FPF2014_Plakat_A2_Rand3_b80ad91cfe1.jpg\" alt=\"Flugplatzfest Blaubeuren 2014\" width=\"800\" height=\"1127\" srcset=\"https:\/\/wp.1dfh.de\/wordpress\/wp-content\/uploads\/csm_FPF2014_Plakat_A2_Rand3_b80ad91cfe1.jpg 800w, https:\/\/wp.1dfh.de\/wordpress\/wp-content\/uploads\/csm_FPF2014_Plakat_A2_Rand3_b80ad91cfe1-212x300.jpg 212w\" sizes=\"auto, (max-width: 800px) 100vw, 800px\" \/><\/a><figcaption id=\"caption-attachment-26356\" class=\"wp-caption-text\">Flugplatzfest Blaubeuren 2014<\/figcaption><\/figure>\n<p>Am Samstag bekommen Besucher ab 10 Uhr die M\u00f6glichkeit, Segelrundfl\u00fcge zu absolvieren und somit die Stadt Blaubeuren aus der Luft zu begutachten.<\/p>\n<p>Auch am Sonntag kann man ab 10 Uhr an Rundfl\u00fcgen teilnehmen, diese werden jedoch mit Motorflugzeugen durchgef\u00fchrt. In ihnen finden 3-4 Personen Platz, so dass einem gemeinsamen Familienausflug nichts im Wege steht.<\/p>\n<p>Neben Rundfl\u00fcgen wird dem Besucher in Form von Motor-, Modell- und Segelkunstflug ein atemberaubendes Flugprogramm geboten.<\/p>\n<p>Auch f\u00fcr Verpflegung aller Art ist gesorgt.<\/p>\n<p>Die Fliegergruppe Blaubeuren freut sich auf Ihren Besuch<\/p>\n<p><a title=\"Flugplatzfest Fliegergruppe Blaubeuren e.V. 07.09.2014\" href=\"http:\/\/wp.1dfh.de\/wordpress\/fotoalben\/2014-2\/flugplatzfest-fliegergruppe-blaubeuren-e-v-07-09-2014\/\"><img decoding=\"async\" class=\"ngg-singlepic ngg-none\" src=\"http:\/\/wp.1dfh.de\/wordpress\/wp-content\/gallery\/flugplatzfest-fliegergruppe-blaubeuren-e-v-07-09-2014\/1-blaubeuren2014_0.jpg\" alt=\"Flugplatzfest FLG Blaubeuren e.V 2014\" \/><\/a><\/p>\nngg_shortcode_0_placeholder\n<div class=\"ngg-related-gallery\">\n\t\t\t<a href=\"https:\/\/wp.1dfh.de\/wordpress\/wp-content\/gallery\/hubschraubereinsatz-georgenberg\/1dfh-georgenberg-180809-039.jpg?t=1770670104\"\n\t\t\ttitle=\" \"\n\t\t\t\t\t\t\t\t\t\t\t\t\t\t\t data-image-id=\"2132\" data-src=\"https:\/\/wp.1dfh.de\/wordpress\/wp-content\/gallery\/hubschraubereinsatz-georgenberg\/1dfh-georgenberg-180809-039.jpg?t=1770670104\" data-thumbnail=\"https:\/\/wp.1dfh.de\/wordpress\/wp-content\/gallery\/hubschraubereinsatz-georgenberg\/cache\/1dfh-georgenberg-180809-039.jpg-nggid042132-ngg0dyn-100x100x100-00f0w010c011r110f110r010t010.jpg?t=1770670104\" data-title=\"1dfh-georgenberg-180809-039\" data-description=\" \">\n\t\t\t<img title=\"1dfh-georgenberg-180809-039\"\n\t\t\t\talt=\"1dfh-georgenberg-180809-039\"\n\t\t\t\tdata-image-id=\"2132\"\n\t\t\t\tsrc=\"\"\/>\n\t\t<\/a>\n\t\t\t<a href=\"https:\/\/wp.1dfh.de\/wordpress\/wp-content\/gallery\/flugplatzfest-degerfeld-2009\/1dfh-degerfeld-290809-024.jpg?t=1770668311\"\n\t\t\ttitle=\" \"\n\t\t\t\t\t\t\t\t\t\t\t\t\t\t\t data-image-id=\"2421\" data-src=\"https:\/\/wp.1dfh.de\/wordpress\/wp-content\/gallery\/flugplatzfest-degerfeld-2009\/1dfh-degerfeld-290809-024.jpg?t=1770668311\" data-thumbnail=\"https:\/\/wp.1dfh.de\/wordpress\/wp-content\/gallery\/flugplatzfest-degerfeld-2009\/cache\/1dfh-degerfeld-290809-024.jpg-nggid042421-ngg0dyn-100x100x100-00f0w010c011r110f110r010t010.jpg?t=1770668311\" data-title=\"1dfh-degerfeld-290809-024\" data-description=\" \">\n\t\t\t<img title=\"1dfh-degerfeld-290809-024\"\n\t\t\t\talt=\"1dfh-degerfeld-290809-024\"\n\t\t\t\tdata-image-id=\"2421\"\n\t\t\t\tsrc=\"\"\/>\n\t\t<\/a>\n\t\t\t<a href=\"https:\/\/wp.1dfh.de\/wordpress\/wp-content\/gallery\/donzdorf-09\/1dfh-donsdorf-300809-029.jpg?t=1773302598\"\n\t\t\ttitle=\" \"\n\t\t\t\t\t\t\t\t\t\t\t\t\t\t\t data-image-id=\"2556\" data-src=\"https:\/\/wp.1dfh.de\/wordpress\/wp-content\/gallery\/donzdorf-09\/1dfh-donsdorf-300809-029.jpg?t=1773302598\" data-thumbnail=\"https:\/\/wp.1dfh.de\/wordpress\/wp-content\/gallery\/donzdorf-09\/cache\/1dfh-donsdorf-300809-029.jpg-nggid042556-ngg0dyn-100x100x100-00f0w010c011r110f110r010t010.jpg?t=1773302598\" data-title=\"1dfh-donsdorf-300809-029\" data-description=\" \">\n\t\t\t<img title=\"1dfh-donsdorf-300809-029\"\n\t\t\t\talt=\"1dfh-donsdorf-300809-029\"\n\t\t\t\tdata-image-id=\"2556\"\n\t\t\t\tsrc=\"\"\/>\n\t\t<\/a>\n\t\t\t<a href=\"https:\/\/wp.1dfh.de\/wordpress\/wp-content\/gallery\/donzdorf-09\/1dfh-donsdorf-300809-030.jpg?t=1773302597\"\n\t\t\ttitle=\" \"\n\t\t\t\t\t\t\t\t\t\t\t\t\t\t\t data-image-id=\"2558\" data-src=\"https:\/\/wp.1dfh.de\/wordpress\/wp-content\/gallery\/donzdorf-09\/1dfh-donsdorf-300809-030.jpg?t=1773302597\" data-thumbnail=\"https:\/\/wp.1dfh.de\/wordpress\/wp-content\/gallery\/donzdorf-09\/cache\/1dfh-donsdorf-300809-030.jpg-nggid042558-ngg0dyn-100x100x100-00f0w010c011r110f110r010t010.jpg?t=1773302597\" data-title=\"1dfh-donsdorf-300809-030\" data-description=\" \">\n\t\t\t<img title=\"1dfh-donsdorf-300809-030\"\n\t\t\t\talt=\"1dfh-donsdorf-300809-030\"\n\t\t\t\tdata-image-id=\"2558\"\n\t\t\t\tsrc=\"\"\/>\n\t\t<\/a>\n\t\t\t<a href=\"https:\/\/wp.1dfh.de\/wordpress\/wp-content\/gallery\/donzdorf-09\/1dfh-donsdorf-300809-031.jpg?t=1773302598\"\n\t\t\ttitle=\" \"\n\t\t\t\t\t\t\t\t\t\t\t\t\t\t\t data-image-id=\"2560\" data-src=\"https:\/\/wp.1dfh.de\/wordpress\/wp-content\/gallery\/donzdorf-09\/1dfh-donsdorf-300809-031.jpg?t=1773302598\" data-thumbnail=\"https:\/\/wp.1dfh.de\/wordpress\/wp-content\/gallery\/donzdorf-09\/cache\/1dfh-donsdorf-300809-031.jpg-nggid042560-ngg0dyn-100x100x100-00f0w010c011r110f110r010t010.jpg?t=1773302598\" data-title=\"1dfh-donsdorf-300809-031\" data-description=\" \">\n\t\t\t<img title=\"1dfh-donsdorf-300809-031\"\n\t\t\t\talt=\"1dfh-donsdorf-300809-031\"\n\t\t\t\tdata-image-id=\"2560\"\n\t\t\t\tsrc=\"\"\/>\n\t\t<\/a>\n\t\t\t<a href=\"https:\/\/wp.1dfh.de\/wordpress\/wp-content\/gallery\/donzdorf-09\/1dfh-donsdorf-300809-032.jpg?t=1773302597\"\n\t\t\ttitle=\" \"\n\t\t\t\t\t\t\t\t\t\t\t\t\t\t\t data-image-id=\"2562\" data-src=\"https:\/\/wp.1dfh.de\/wordpress\/wp-content\/gallery\/donzdorf-09\/1dfh-donsdorf-300809-032.jpg?t=1773302597\" data-thumbnail=\"https:\/\/wp.1dfh.de\/wordpress\/wp-content\/gallery\/donzdorf-09\/cache\/1dfh-donsdorf-300809-032.jpg-nggid042562-ngg0dyn-100x100x100-00f0w010c011r110f110r010t010.jpg?t=1773302597\" data-title=\"1dfh-donsdorf-300809-032\" data-description=\" \">\n\t\t\t<img title=\"1dfh-donsdorf-300809-032\"\n\t\t\t\talt=\"1dfh-donsdorf-300809-032\"\n\t\t\t\tdata-image-id=\"2562\"\n\t\t\t\tsrc=\"\"\/>\n\t\t<\/a>\n\t\t\t<a href=\"https:\/\/wp.1dfh.de\/wordpress\/wp-content\/gallery\/donzdorf-09\/1dfh-donsdorf-300809-033.jpg?t=1773302598\"\n\t\t\ttitle=\" \"\n\t\t\t\t\t\t\t\t\t\t\t\t\t\t\t data-image-id=\"2564\" data-src=\"https:\/\/wp.1dfh.de\/wordpress\/wp-content\/gallery\/donzdorf-09\/1dfh-donsdorf-300809-033.jpg?t=1773302598\" data-thumbnail=\"https:\/\/wp.1dfh.de\/wordpress\/wp-content\/gallery\/donzdorf-09\/cache\/1dfh-donsdorf-300809-033.jpg-nggid042564-ngg0dyn-100x100x100-00f0w010c011r110f110r010t010.jpg?t=1773302598\" data-title=\"1dfh-donsdorf-300809-033\" data-description=\" \">\n\t\t\t<img title=\"1dfh-donsdorf-300809-033\"\n\t\t\t\talt=\"1dfh-donsdorf-300809-033\"\n\t\t\t\tdata-image-id=\"2564\"\n\t\t\t\tsrc=\"\"\/>\n\t\t<\/a>\n\t<\/div>\n","protected":false},"excerpt":{"rendered":"<p>Am Samstag dem 06. und Sonntag dem 07. September 2014 findet auf dem Flugplatz in Sonderbuch das allj\u00e4hrliche Flugplatzfest der Fliegergruppe Blaubeuren statt. Am Samstag bekommen Besucher ab 10 Uhr die M\u00f6glichkeit, Segelrundfl\u00fcge zu absolvieren und somit die Stadt Blaubeuren aus der Luft zu begutachten. Auch am Sonntag kann man ab 10 Uhr an Rundfl\u00fcgen &hellip; <a href=\"https:\/\/wp.1dfh.de\/wordpress\/flugplatzfest-fliegergruppe-blaubeuren-e-v-06-09-07-09-2014\/\" class=\"more-link\"><span class=\"screen-reader-text\">Flugplatzfest Fliegergruppe Blaubeuren e.V. 06.09. &#8211; 07.09.2014<\/span> weiterlesen <span class=\"meta-nav\">&rarr;<\/span><\/a><\/p>\n","protected":false},"author":2,"featured_media":26356,"comment_status":"open","ping_status":"open","sticky":false,"template":"","format":"standard","meta":{"ngg_post_thumbnail":0,"footnotes":""},"categories":[18,6,9],"tags":[11455,10186,71,680,11706,10187,815,994,12160,10191,10195,6016,1028,11328,12778,11707,11147,11451,10192,1002,9157,11181,12056,11218,6105,11330,12782,11358,10194,10189,10190,11433,11362,1025,10193],"class_list":["post-26322","post","type-post","status-publish","format-standard","has-post-thumbnail","hentry","category-flugveranstaltungen","category-fotos","category-termine","tag-adac","tag-ade-hirschauer","tag-arcus","tag-av-36","tag-blaubeuren","tag-c-182","tag-curtis-robin","tag-d-1156","tag-d-3169","tag-d-eixa","tag-d-ksba","tag-drachenflieger","tag-drachenschlepp","tag-fallschirmspringer","tag-fliegergruppe-blaubeuren","tag-fliegergruppe-blaubeuren-e-v","tag-flugplatzfest","tag-flugplatzfest-blaubeuren","tag-guenther-kaelberer","tag-hans-georg-resch","tag-heisluftballon-2","tag-hubschraubermodell","tag-johann-britsch","tag-modellflug","tag-motorflug","tag-motorkunstflug","tag-msv-blaustein","tag-pitts","tag-pitts-d-eejs","tag-ralf-aue","tag-s-bach","tag-segelkunstflug","tag-swift","tag-tobias-vollmer","tag-travelair"],"_links":{"self":[{"href":"https:\/\/wp.1dfh.de\/wordpress\/wp-json\/wp\/v2\/posts\/26322","targetHints":{"allow":["GET"]}}],"collection":[{"href":"https:\/\/wp.1dfh.de\/wordpress\/wp-json\/wp\/v2\/posts"}],"about":[{"href":"https:\/\/wp.1dfh.de\/wordpress\/wp-json\/wp\/v2\/types\/post"}],"author":[{"embeddable":true,"href":"https:\/\/wp.1dfh.de\/wordpress\/wp-json\/wp\/v2\/users\/2"}],"replies":[{"embeddable":true,"href":"https:\/\/wp.1dfh.de\/wordpress\/wp-json\/wp\/v2\/comments?post=26322"}],"version-history":[{"count":0,"href":"https:\/\/wp.1dfh.de\/wordpress\/wp-json\/wp\/v2\/posts\/26322\/revisions"}],"wp:featuredmedia":[{"embeddable":true,"href":"https:\/\/wp.1dfh.de\/wordpress\/wp-json\/wp\/v2\/media\/26356"}],"wp:attachment":[{"href":"https:\/\/wp.1dfh.de\/wordpress\/wp-json\/wp\/v2\/media?parent=26322"}],"wp:term":[{"taxonomy":"category","embeddable":true,"href":"https:\/\/wp.1dfh.de\/wordpress\/wp-json\/wp\/v2\/categories?post=26322"},{"taxonomy":"post_tag","embeddable":true,"href":"https:\/\/wp.1dfh.de\/wordpress\/wp-json\/wp\/v2\/tags?post=26322"}],"curies":[{"name":"wp","href":"https:\/\/api.w.org\/{rel}","templated":true}]}}