{"id":26377,"date":"2014-09-10T10:05:42","date_gmt":"2014-09-10T08:05:42","guid":{"rendered":"http:\/\/wp.1dfh.de\/wordpress\/?p=26377"},"modified":"2014-09-10T16:31:58","modified_gmt":"2014-09-10T14:31:58","slug":"red-bull-air-race-fort-worth-06-09-07-09-2014","status":"publish","type":"post","link":"https:\/\/wp.1dfh.de\/wordpress\/red-bull-air-race-fort-worth-06-09-07-09-2014\/","title":{"rendered":"Red Bull Air Race Fort Worth 06.09. &#8211; 07.09.2014"},"content":{"rendered":"<p>Der s\u00fcdliche Charme von Texas macht den ersten US-Stopp zu einem Genuss f\u00fcr Fans und Teams<\/p>\n<p>Texas, das liebevoll als der &#8222;Lone Star State&#8220; (deutsch: Staat des einsamen Sterns) bezeichnet wird, ist der zweitgr\u00f6\u00dfte Staat der USA. Das enorme geographische Gebiet schlie\u00dft die Gemeinde um Dallas-Fort Worth mit ein, welche sich von einem schl\u00e4frigen Rinderaufzuchtsgebiet zu einer umtriebigen Metropole gewandelt hat und so den wirtschaftlichen und kulturellen Mittelpunkt von Nord-Texas bildet.<\/p>\n<p>Die mittlerweile h\u00e4ufiger noch als Metroplex-Region bekannte Gegend ist eine von zw\u00f6lf amerikanischen Metropolregionen, die mindestens ein Team in jeder der vier gro\u00dfen Sportarten der USA, also in der NFL, der NHL im Baseball und im Basketball haben. Weil sich die Region mit der Unterhaltung der Sportfans in den USA auskennt, wird der Halt des Red Bull Air Race in Texas sicherlich viel Interesse auf sich ziehen und auf jeden Fall vom reichen Sportinteresse in der Region profitieren.<\/p>\n<div style=\"display: none;\"><\/div>\n<p><script src=\"http:\/\/admin.brightcove.com\/js\/BrightcoveExperiences.js\" type=\"text\/javascript\" language=\"JavaScript\"><\/script><script src=\"http:\/\/admin.brightcove.com\/js\/APIModules_all.js\" type=\"text\/javascript\"><\/script><script src=\"http:\/\/widgets.outbrain.com\/outbrain.js\" type=\"text\/javascript\"><\/script><object id=\"myExperience2083601910001\" class=\"BrightcoveExperience\" width=\"300\" height=\"150\"><param name=\"purl\" value=\"http:\/\/www.redbullairrace.com\/en_INT\/video\/get-know-fort-worth-ahead-weekends-race\" \/><param name=\"height\" value=\"270\" \/><param name=\"qualityHover\" value=\"Change quality\" \/><param name=\"playerID\" value=\"1154759063001\" \/><param name=\"htmlFallback\" value=\"true\" \/><param name=\"playerKey\" value=\"AQ~~,AAAB5RhA4mE~,_qLQOMb4NsD6DRfCwL_FSBNcKyM9hEwo\" \/><param name=\"includeAPI\" value=\"true\" \/><param name=\"relatedcontent\" value=\"true,true\" \/><param name=\"socialHover\" value=\"Share or embed\" \/><param name=\"isSlim\" value=\"true\" \/><param name=\"isRTL\" value=\"false\" \/><param name=\"linkBaseURL\" value=\"http:\/\/www.redbullairrace.com\/en_INT\/video\/get-know-fort-worth-ahead-weekends-race\" \/><param name=\"dynamicStreaming\" value=\"true\" \/><param name=\"jumpHover\" value=\"Jump backwards\" \/><param name=\"bgcolor\" value=\"#000000\" \/><param name=\"originalTemplateReadyHandler\" value=\"BCLS.onTemplateReady\" \/><param name=\"templateErrorHandler\" value=\"BCLS.onTemplateError\" \/><param name=\"logoHover\" value=\"Watch on redbull.com\" \/><param name=\"startTime\" value=\"1409831294991\" \/><param name=\"@videoPlayer\" value=\"3766417697001\" \/><param name=\"autoStart\" value=\"false\" \/><param name=\"closedCaptionsHover\" value=\"Subtitles\" \/><param name=\"link\" value=\"http:\/\/www.redbull.com\" \/><param name=\"filter\" value=\"projectdomain:www.redbullairrace.com\" \/><param name=\"templateReadyHandler\" value=\"brightcove[\" templatereadyhandlervideo3766417697001=\"\" \/><param name=\"templateLoadHandler\" value=\"BCLS.onTemplateLoad\" \/><param name=\"width\" value=\"480\" \/><param name=\"onsiteSettings\" value=\"false,false,false,true\" \/><\/object><script type=\"text\/javascript\">\/\/ < ![CDATA[\n\/\/ < ![CDATA[\n\/\/ < ![CDATA[\n\/\/ < ![CDATA[\nbrightcove.createExperiences();\n\/\/ ]]><\/script><\/p>\n<p><iframe loading=\"lazy\" src=\"\/\/www.youtube.com\/embed\/i5gWFjrepD4?feature=player_detailpage\" width=\"640\" height=\"360\" frameborder=\"0\" allowfullscreen=\"allowfullscreen\"><\/iframe><\/p>\n<div style=\"display:none\"><\/div>\n<p><script language=\"JavaScript\" type=\"text\/javascript\" src=\"http:\/\/admin.brightcove.com\/js\/BrightcoveExperiences.js\"><\/script><script type=\"text\/javascript\" src=\"http:\/\/admin.brightcove.com\/js\/APIModules_all.js\"><\/script><script type=\"text\/javascript\" src=\"http:\/\/widgets.outbrain.com\/outbrain.js\"><\/script><object id=\"myExperience2083601910001\" class=\"BrightcoveExperience\"><param name=\"playerID\" value=\"2083601910001\" \/><param name=\"autoStart\" value=\"true\" \/><param name=\"logoHover\" value=\"Watch on redbull.com\" \/><param name=\"width\" value=\"470\" \/><param name=\"isUI\" value=\"1\" \/><param name=\"socialHover\" value=\"Share or embed\" \/><param name=\"height\" value=\"286\" \/><param name=\"isVid\" value=\"1\" \/><param name=\"jumpHover\" value=\"Jump backwards\" \/><param name=\"videoId\" value=\"3773337486001\" \/><param name=\"qualityHover\" value=\"Change quality\" \/><param name=\"closedCaptionsHover\" value=\"Subtitles\" \/><param name=\"relatedcontent\" value=\"true,true\" \/><param name=\"isRTL\" value=\"false\" \/><param name=\"purl\" value=\"https:\/\/attachment.fbsbx.com\/external_iframe.php\" \/><param name=\"secureConnections\" value=\"true\" \/><param name=\"link\" value=\"http:\/\/www.redbull.com\" \/><param name=\"onsiteSettings\" value=\"false,false,false,true\" \/><\/object><script type=\"text\/javascript\">brightcove.createExperiences();<\/script><\/p>\nngg_shortcode_0_placeholder\n<ul>\n<li><a href=\"http:\/\/www.redbullairrace.com\/de_INT\/event\/dallasfort-worth\" target=\"_blank\">Weitere Infos<\/a><\/li>\n<\/ul>\n<div class=\"ngg-related-gallery\">\n\t\t\t<a href=\"https:\/\/wp.1dfh.de\/wordpress\/wp-content\/gallery\/red-bull-air-race-2014-piloten\/p-20140226-00578_news.jpg?t=1773804717\"\n\t\t\ttitle=\"British pilot Paul Bonhomme poses for a photograph during the Red Bull Air Race World Series in Abu Dhabi, United Arab Emirates on February 23, 2014. \/\/ J\u00f6rg Mitter\/Red Bull Content Pool \/\/ P-20140226-00578 \/\/ Usage for editorial use only \/\/ Please go to www.redbullcontentpool.com for further information. \/\/\"\n\t\t\t\t\t\t\t\t\t\t\t\t\t\t\t data-image-id=\"34018\" data-src=\"https:\/\/wp.1dfh.de\/wordpress\/wp-content\/gallery\/red-bull-air-race-2014-piloten\/p-20140226-00578_news.jpg?t=1773804717\" data-thumbnail=\"https:\/\/wp.1dfh.de\/wordpress\/wp-content\/gallery\/red-bull-air-race-2014-piloten\/cache\/p-20140226-00578_news.jpg-nggid0534018-ngg0dyn-100x100x100-00f0w010c011r110f110r010t010.jpg?t=1773804717\" data-title=\"p-20140226-00578_news\" data-description=\"British pilot Paul Bonhomme poses for a photograph during the Red Bull Air Race World Series in Abu Dhabi, United Arab Emirates on February 23, 2014. \/\/ J\u00f6rg Mitter\/Red Bull Content Pool \/\/ P-20140226-00578 \/\/ Usage for editorial use only \/\/ Please go to www.redbullcontentpool.com for further information. \/\/\">\n\t\t\t<img title=\"p-20140226-00578_news\"\n\t\t\t\talt=\"p-20140226-00578_news\"\n\t\t\t\tdata-image-id=\"34018\"\n\t\t\t\tsrc=\"\"\/>\n\t\t<\/a>\n\t\t\t<a href=\"https:\/\/wp.1dfh.de\/wordpress\/wp-content\/gallery\/red-bull-air-race-2014-piloten\/p-20140226-00586_news.jpg?t=1773804717\"\n\t\t\ttitle=\"Hungarian pilot Peter Besenyei poses for a photograph during the Red Bull Air Race World Series in Abu Dhabi, United Arab Emirates on February 23, 2014. \/\/ J\u00f6rg Mitter\/Red Bull Content Pool \/\/ P-20140226-00586 \/\/ Usage for editorial use only \/\/ Please go to www.redbullcontentpool.com for further information. \/\/\"\n\t\t\t\t\t\t\t\t\t\t\t\t\t\t\t data-image-id=\"34019\" data-src=\"https:\/\/wp.1dfh.de\/wordpress\/wp-content\/gallery\/red-bull-air-race-2014-piloten\/p-20140226-00586_news.jpg?t=1773804717\" data-thumbnail=\"https:\/\/wp.1dfh.de\/wordpress\/wp-content\/gallery\/red-bull-air-race-2014-piloten\/cache\/p-20140226-00586_news.jpg-nggid0534019-ngg0dyn-100x100x100-00f0w010c011r110f110r010t010.jpg?t=1773804717\" data-title=\"Hungarian pilot Peter Besenyei poses for a photograph during the Red Bull Air Race World Series in Abu Dhabi, United Arab Emirates on February 23, 2014.\" data-description=\"Hungarian pilot Peter Besenyei poses for a photograph during the Red Bull Air Race World Series in Abu Dhabi, United Arab Emirates on February 23, 2014. \/\/ J\u00f6rg Mitter\/Red Bull Content Pool \/\/ P-20140226-00586 \/\/ Usage for editorial use only \/\/ Please go to www.redbullcontentpool.com for further information. \/\/\">\n\t\t\t<img title=\"Hungarian pilot Peter Besenyei poses for a photograph during the Red Bull Air Race World Series in Abu Dhabi, United Arab Emirates on February 23, 2014.\"\n\t\t\t\talt=\"Hungarian pilot Peter Besenyei poses for a photograph during the Red Bull Air Race World Series in Abu Dhabi, United Arab Emirates on February 23, 2014.\"\n\t\t\t\tdata-image-id=\"34019\"\n\t\t\t\tsrc=\"\"\/>\n\t\t<\/a>\n\t\t\t<a href=\"https:\/\/wp.1dfh.de\/wordpress\/wp-content\/gallery\/red-bull-air-race-2014-piloten\/p-20140226-00589_news.jpg?t=1773804717\"\n\t\t\ttitle=\"Pilot Yoshihide Muroya of Japan poses for a photograph during the Red Bull Air Race World Series in Abu Dhabi, United Arab Emirates on February 23, 2014. \/\/ Predrag Vuckovic\/Red Bull Content Pool \/\/ P-20140226-00589 \/\/ Usage for editorial use only \/\/ Please go to www.redbullcontentpool.com for further information. \/\/\"\n\t\t\t\t\t\t\t\t\t\t\t\t\t\t\t data-image-id=\"34020\" data-src=\"https:\/\/wp.1dfh.de\/wordpress\/wp-content\/gallery\/red-bull-air-race-2014-piloten\/p-20140226-00589_news.jpg?t=1773804717\" data-thumbnail=\"https:\/\/wp.1dfh.de\/wordpress\/wp-content\/gallery\/red-bull-air-race-2014-piloten\/cache\/p-20140226-00589_news.jpg-nggid0534020-ngg0dyn-100x100x100-00f0w010c011r110f110r010t010.jpg?t=1773804717\" data-title=\"p-20140226-00589_news\" data-description=\"Pilot Yoshihide Muroya of Japan poses for a photograph during the Red Bull Air Race World Series in Abu Dhabi, United Arab Emirates on February 23, 2014. \/\/ Predrag Vuckovic\/Red Bull Content Pool \/\/ P-20140226-00589 \/\/ Usage for editorial use only \/\/ Please go to www.redbullcontentpool.com for further information. \/\/\">\n\t\t\t<img title=\"p-20140226-00589_news\"\n\t\t\t\talt=\"p-20140226-00589_news\"\n\t\t\t\tdata-image-id=\"34020\"\n\t\t\t\tsrc=\"\"\/>\n\t\t<\/a>\n\t\t\t<a href=\"https:\/\/wp.1dfh.de\/wordpress\/wp-content\/gallery\/red-bull-air-race-2014-piloten\/p-20140226-00594_news.jpg?t=1773804717\"\n\t\t\ttitle=\"British pilot Nigel Lamb poses for a photograph during the Red Bull Air Race World Series in Abu Dhabi, United Arab Emirates on February 23, 2014. \/\/ J\u00f6rg Mitter\/Red Bull Content Pool \/\/ P-20140226-00594 \/\/ Usage for editorial use only \/\/ Please go to www.redbullcontentpool.com for further information. \/\/\"\n\t\t\t\t\t\t\t\t\t\t\t\t\t\t\t data-image-id=\"34021\" data-src=\"https:\/\/wp.1dfh.de\/wordpress\/wp-content\/gallery\/red-bull-air-race-2014-piloten\/p-20140226-00594_news.jpg?t=1773804717\" data-thumbnail=\"https:\/\/wp.1dfh.de\/wordpress\/wp-content\/gallery\/red-bull-air-race-2014-piloten\/cache\/p-20140226-00594_news.jpg-nggid0534021-ngg0dyn-100x100x100-00f0w010c011r110f110r010t010.jpg?t=1773804717\" data-title=\"p-20140226-00594_news\" data-description=\"British pilot Nigel Lamb poses for a photograph during the Red Bull Air Race World Series in Abu Dhabi, United Arab Emirates on February 23, 2014. \/\/ J\u00f6rg Mitter\/Red Bull Content Pool \/\/ P-20140226-00594 \/\/ Usage for editorial use only \/\/ Please go to www.redbullcontentpool.com for further information. \/\/\">\n\t\t\t<img title=\"p-20140226-00594_news\"\n\t\t\t\talt=\"p-20140226-00594_news\"\n\t\t\t\tdata-image-id=\"34021\"\n\t\t\t\tsrc=\"\"\/>\n\t\t<\/a>\n\t\t\t<a href=\"https:\/\/wp.1dfh.de\/wordpress\/wp-content\/gallery\/red-bull-air-race-2014-piloten\/p-20140226-00611_news.jpg?t=1773355515\"\n\t\t\ttitle=\"Austrian pilot Hannes Arch poses for a photograph during the Red Bull Air Race World Series in Abu Dhabi, United Arab Emirates on February 23, 2014. \/\/ J\u00f6rg Mitter\/Red Bull Content Pool \/\/ P-20140226-00611 \/\/ Usage for editorial use only \/\/ Please go to www.redbullcontentpool.com for further information. \/\/\"\n\t\t\t\t\t\t\t\t\t\t\t\t\t\t\t data-image-id=\"34022\" data-src=\"https:\/\/wp.1dfh.de\/wordpress\/wp-content\/gallery\/red-bull-air-race-2014-piloten\/p-20140226-00611_news.jpg?t=1773355515\" data-thumbnail=\"https:\/\/wp.1dfh.de\/wordpress\/wp-content\/gallery\/red-bull-air-race-2014-piloten\/cache\/p-20140226-00611_news.jpg-nggid0534022-ngg0dyn-100x100x100-00f0w010c011r110f110r010t010.jpg?t=1773355515\" data-title=\"p-20140226-00611_news\" data-description=\"Austrian pilot Hannes Arch poses for a photograph during the Red Bull Air Race World Series in Abu Dhabi, United Arab Emirates on February 23, 2014. \/\/ J\u00f6rg Mitter\/Red Bull Content Pool \/\/ P-20140226-00611 \/\/ Usage for editorial use only \/\/ Please go to www.redbullcontentpool.com for further information. \/\/\">\n\t\t\t<img title=\"p-20140226-00611_news\"\n\t\t\t\talt=\"p-20140226-00611_news\"\n\t\t\t\tdata-image-id=\"34022\"\n\t\t\t\tsrc=\"\"\/>\n\t\t<\/a>\n\t\t\t<a href=\"https:\/\/wp.1dfh.de\/wordpress\/wp-content\/gallery\/red-bull-air-race-2014-piloten\/p-20140226-00619_news.jpg\"\n\t\t\ttitle=\"Pilot Kirby Chambliss of the United States poses for a photograph during the Red Bull Air Race World Series in Abu Dhabi, United Arab Emirates on February 23, 2014. \/\/ Predrag Vuckovic\/Red Bull Content Pool \/\/ P-20140226-00619 \/\/ Usage for editorial use only \/\/ Please go to www.redbullcontentpool.com for further information. \/\/\"\n\t\t\t\t\t\t\t\t\t\t\t\t\t\t\t data-image-id=\"34023\" data-src=\"https:\/\/wp.1dfh.de\/wordpress\/wp-content\/gallery\/red-bull-air-race-2014-piloten\/p-20140226-00619_news.jpg\" data-thumbnail=\"https:\/\/wp.1dfh.de\/wordpress\/nextgen-image\/34023\/100x100x100\/crop\/64acd49b4c56818c83d7ce1837594f1d\" data-title=\"p-20140226-00619_news\" data-description=\"Pilot Kirby Chambliss of the United States poses for a photograph during the Red Bull Air Race World Series in Abu Dhabi, United Arab Emirates on February 23, 2014. \/\/ Predrag Vuckovic\/Red Bull Content Pool \/\/ P-20140226-00619 \/\/ Usage for editorial use only \/\/ Please go to www.redbullcontentpool.com for further information. \/\/\">\n\t\t\t<img title=\"p-20140226-00619_news\"\n\t\t\t\talt=\"p-20140226-00619_news\"\n\t\t\t\tdata-image-id=\"34023\"\n\t\t\t\tsrc=\"\"\/>\n\t\t<\/a>\n\t\t\t<a href=\"https:\/\/wp.1dfh.de\/wordpress\/wp-content\/gallery\/red-bull-air-race-2014-piloten\/p-20140226-00626_news.jpg?t=1502225741\"\n\t\t\ttitle=\"Pilot Michael Goulian of United States poses for a photograph during the Red Bull Air Race World Series in Abu Dhabi, United Arab Emirates on February 23, 2014. \/\/ Predrag Vuckovic\/Red Bull Content Pool \/\/ P-20140226-00626 \/\/ Usage for editorial use only \/\/ Please go to www.redbullcontentpool.com for further information. \/\/\"\n\t\t\t\t\t\t\t\t\t\t\t\t\t\t\t data-image-id=\"34024\" data-src=\"https:\/\/wp.1dfh.de\/wordpress\/wp-content\/gallery\/red-bull-air-race-2014-piloten\/p-20140226-00626_news.jpg?t=1502225741\" data-thumbnail=\"https:\/\/wp.1dfh.de\/wordpress\/nextgen-image\/34024\/100x100x100\/crop\/c882042e3dd70576ada07106fb3c8f49?t=1502225741\" data-title=\"p-20140226-00626_news\" data-description=\"Pilot Michael Goulian of United States poses for a photograph during the Red Bull Air Race World Series in Abu Dhabi, United Arab Emirates on February 23, 2014. \/\/ Predrag Vuckovic\/Red Bull Content Pool \/\/ P-20140226-00626 \/\/ Usage for editorial use only \/\/ Please go to www.redbullcontentpool.com for further information. \/\/\">\n\t\t\t<img title=\"p-20140226-00626_news\"\n\t\t\t\talt=\"p-20140226-00626_news\"\n\t\t\t\tdata-image-id=\"34024\"\n\t\t\t\tsrc=\"\"\/>\n\t\t<\/a>\n\t<\/div>\n","protected":false},"excerpt":{"rendered":"<p>Der s\u00fcdliche Charme von Texas macht den ersten US-Stopp zu einem Genuss f\u00fcr Fans und Teams Texas, das liebevoll als der &#8222;Lone Star State&#8220; (deutsch: Staat des einsamen Sterns) bezeichnet wird, ist der zweitgr\u00f6\u00dfte Staat der USA. Das enorme geographische Gebiet schlie\u00dft die Gemeinde um Dallas-Fort Worth mit ein, welche sich von einem schl\u00e4frigen Rinderaufzuchtsgebiet &hellip; <a href=\"https:\/\/wp.1dfh.de\/wordpress\/red-bull-air-race-fort-worth-06-09-07-09-2014\/\" class=\"more-link\"><span class=\"screen-reader-text\">Red Bull Air Race Fort Worth 06.09. &#8211; 07.09.2014<\/span> weiterlesen <span class=\"meta-nav\">&rarr;<\/span><\/a><\/p>\n","protected":false},"author":2,"featured_media":24766,"comment_status":"open","ping_status":"open","sticky":false,"template":"","format":"standard","meta":{"ngg_post_thumbnail":0,"footnotes":""},"categories":[18,6,9,13],"tags":[12780,12781,12689],"class_list":["post-26377","post","type-post","status-publish","format-standard","has-post-thumbnail","hentry","category-flugveranstaltungen","category-fotos","category-termine","category-wettbewerbe","tag-dallas-fort-worth","tag-red-bull-air-race-fort-worth","tag-red-bull-air-race-world-championship-2014"],"_links":{"self":[{"href":"https:\/\/wp.1dfh.de\/wordpress\/wp-json\/wp\/v2\/posts\/26377","targetHints":{"allow":["GET"]}}],"collection":[{"href":"https:\/\/wp.1dfh.de\/wordpress\/wp-json\/wp\/v2\/posts"}],"about":[{"href":"https:\/\/wp.1dfh.de\/wordpress\/wp-json\/wp\/v2\/types\/post"}],"author":[{"embeddable":true,"href":"https:\/\/wp.1dfh.de\/wordpress\/wp-json\/wp\/v2\/users\/2"}],"replies":[{"embeddable":true,"href":"https:\/\/wp.1dfh.de\/wordpress\/wp-json\/wp\/v2\/comments?post=26377"}],"version-history":[{"count":0,"href":"https:\/\/wp.1dfh.de\/wordpress\/wp-json\/wp\/v2\/posts\/26377\/revisions"}],"wp:featuredmedia":[{"embeddable":true,"href":"https:\/\/wp.1dfh.de\/wordpress\/wp-json\/wp\/v2\/media\/24766"}],"wp:attachment":[{"href":"https:\/\/wp.1dfh.de\/wordpress\/wp-json\/wp\/v2\/media?parent=26377"}],"wp:term":[{"taxonomy":"category","embeddable":true,"href":"https:\/\/wp.1dfh.de\/wordpress\/wp-json\/wp\/v2\/categories?post=26377"},{"taxonomy":"post_tag","embeddable":true,"href":"https:\/\/wp.1dfh.de\/wordpress\/wp-json\/wp\/v2\/tags?post=26377"}],"curies":[{"name":"wp","href":"https:\/\/api.w.org\/{rel}","templated":true}]}}