{"id":26427,"date":"2014-09-19T08:52:56","date_gmt":"2014-09-19T06:52:56","guid":{"rendered":"http:\/\/wp.1dfh.de\/wordpress\/?p=26427"},"modified":"2015-03-04T09:23:35","modified_gmt":"2015-03-04T08:23:35","slug":"modellflugtage-modellfluggruppe-im-aero-club-esslingen-neckar-e-v-20-09-21-09-2014","status":"publish","type":"post","link":"https:\/\/wp.1dfh.de\/wordpress\/modellflugtage-modellfluggruppe-im-aero-club-esslingen-neckar-e-v-20-09-21-09-2014\/","title":{"rendered":"Abgesagt: Modellflugtage MODELLFLUGGRUPPE im AERO CLUB ESSLINGEN &#8211; NECKAR e.V. 20.09. &#8211; 21.09.2014"},"content":{"rendered":"<p>Hallo Modellfliegerfreunde,<\/p>\n<p>aufgrund der aktuellen Wetterprognose f\u00fcr das kommende Wochenende m\u00fcssen wir leider unsere gro\u00dfen Modellflugtage 2014 hiermit absagen.<br \/>\nDa wir keinen festen Boden haben ist es nicht m\u00f6glich das ganze Drumherum mit Bierwagen, Aggregat,&#8230; aufzubauen.<br \/>\nSollte es am Wochenende wieder erwarten doch trocken sein werden wir mit einer Minimall\u00f6sung (Getr\u00e4nke und Grill) am Platz sein. Ein Flugbetrieb ist in Regenpausen auf alle F\u00e4lle m\u00f6glich.<br \/>\nLeider hat es uns damit dieses Jahr auch erwischt, das liegt aber wohl am Wetter 2014.<br \/>\nViele Gr\u00fc\u00dfe aus Esslingen und auf ein wiedersehen bei sch\u00f6nem Wetter<\/p>\n<p>Martin Gulla<br \/>\n(Schriftf\u00fchrer MFG Esslingen)<\/p>\n<figure id=\"attachment_26428\" aria-describedby=\"caption-attachment-26428\" style=\"width: 334px\" class=\"wp-caption alignnone\"><a href=\"http:\/\/www.mfg-esslingen.de\/aktuelle-news\/modellflugtage-2014\/index.html\" target=\"_blank\"><img loading=\"lazy\" decoding=\"async\" class=\"wp-image-26428 size-full\" src=\"http:\/\/wp.1dfh.de\/wordpress\/wp-content\/uploads\/flyer09-2014_6401.jpg\" alt=\"Modellflugtage Esslingen 2014\" width=\"334\" height=\"480\" srcset=\"https:\/\/wp.1dfh.de\/wordpress\/wp-content\/uploads\/flyer09-2014_6401.jpg 334w, https:\/\/wp.1dfh.de\/wordpress\/wp-content\/uploads\/flyer09-2014_6401-208x300.jpg 208w\" sizes=\"auto, (max-width: 334px) 100vw, 334px\" \/><\/a><figcaption id=\"caption-attachment-26428\" class=\"wp-caption-text\">Modellflugtage Esslingen 2014<\/figcaption><\/figure>\n<p><del>Die MODELLFLUGGRUPPE im AERO CLUB ESSLINGEN \u2013 NECKAR e.V. veranstaltet am 20. und 21. September 2014 ihre Modellflugtage auf dem Segelflugplatz J\u00e4gerhaus Esslingen.<\/del><\/p>\n<ul>\n<li><del>jeweils ab 10:00 Uhr<\/del><\/li>\n<li><del>Samstag und Sonntag: Flugvorf\u00fchrungen aller Art<\/del><\/li>\n<li><del>Aero Club Esslingen e.V. \u2013 Modellfluggruppe<\/del><\/li>\n<li><del>Baden-W\u00fcrtt. Luftfahrtverband e.V., Deutscher Aero Club e.V.<\/del><\/li>\n<\/ul>\n<p>[gmap]<\/p>\n<div class=\"ngg-related-gallery\">\n\t\t\t<a href=\"https:\/\/wp.1dfh.de\/wordpress\/wp-content\/gallery\/modellflugtag-modellflugclub-untermunkheim-e-v-30-06-2013\/modellflugtag-mfc-untermuenkheim30062013.jpg?t=1775664101\"\n\t\t\ttitle=\"40 Jahre MFC-Unterm\u00fcnkheim\"\n\t\t\t\t\t\t\t\t\t\t\t\t\t\t\t data-image-id=\"28191\" data-src=\"https:\/\/wp.1dfh.de\/wordpress\/wp-content\/gallery\/modellflugtag-modellflugclub-untermunkheim-e-v-30-06-2013\/modellflugtag-mfc-untermuenkheim30062013.jpg?t=1775664101\" data-thumbnail=\"https:\/\/wp.1dfh.de\/wordpress\/wp-content\/gallery\/modellflugtag-modellflugclub-untermunkheim-e-v-30-06-2013\/cache\/modellflugtag-mfc-untermuenkheim30062013.jpg-nggid0528191-ngg0dyn-100x100x100-00f0w010c011r110f110r010t010.jpg?t=1775664101\" data-title=\"40 Jahre MFC-Unterm\u00fcnkheim\" data-description=\"40 Jahre MFC-Unterm\u00fcnkheim\">\n\t\t\t<img title=\"40 Jahre MFC-Unterm\u00fcnkheim\"\n\t\t\t\talt=\"40 Jahre MFC-Unterm\u00fcnkheim\"\n\t\t\t\tdata-image-id=\"28191\"\n\t\t\t\tsrc=\"\"\/>\n\t\t<\/a>\n\t\t\t<a href=\"https:\/\/wp.1dfh.de\/wordpress\/wp-content\/gallery\/flugplatzfest-mit-oldtimertreffen-fliegergruppe-huelben-e-v-27-07-2014\/1-gute-huelben.jpg?t=1773792456\"\n\t\t\ttitle=\"Flugplatzfest Fliegergruppe H\u00fclben e.V. 2014\"\n\t\t\t\t\t\t\t\t\t\t\t\t\t\t\t data-image-id=\"40970\" data-src=\"https:\/\/wp.1dfh.de\/wordpress\/wp-content\/gallery\/flugplatzfest-mit-oldtimertreffen-fliegergruppe-huelben-e-v-27-07-2014\/1-gute-huelben.jpg?t=1773792456\" data-thumbnail=\"https:\/\/wp.1dfh.de\/wordpress\/wp-content\/gallery\/flugplatzfest-mit-oldtimertreffen-fliegergruppe-huelben-e-v-27-07-2014\/cache\/1-gute-huelben.jpg-nggid0540970-ngg0dyn-100x100x100-00f0w010c011r110f110r010t010.jpg?t=1773792456\" data-title=\"Flugplatzfest Fliegergruppe H\u00fclben e.V. 2014\" data-description=\"Flugplatzfest Fliegergruppe H\u00fclben e.V. 2014\">\n\t\t\t<img title=\"Flugplatzfest Fliegergruppe H\u00fclben e.V. 2014\"\n\t\t\t\talt=\"Flugplatzfest Fliegergruppe H\u00fclben e.V. 2014\"\n\t\t\t\tdata-image-id=\"40970\"\n\t\t\t\tsrc=\"\"\/>\n\t\t<\/a>\n\t\t\t<a href=\"https:\/\/wp.1dfh.de\/wordpress\/wp-content\/gallery\/boeblinger-modellflugtage-28-09-2014\/01-1dfh-28092014-000.jpg?t=1770668488\"\n\t\t\ttitle=\"B\u00f6blinger Modellflugtage 28.09.2014\"\n\t\t\t\t\t\t\t\t\t\t\t\t\t\t\t data-image-id=\"43092\" data-src=\"https:\/\/wp.1dfh.de\/wordpress\/wp-content\/gallery\/boeblinger-modellflugtage-28-09-2014\/01-1dfh-28092014-000.jpg?t=1770668488\" data-thumbnail=\"https:\/\/wp.1dfh.de\/wordpress\/wp-content\/gallery\/boeblinger-modellflugtage-28-09-2014\/cache\/01-1dfh-28092014-000.jpg-nggid0543092-ngg0dyn-100x100x100-00f0w010c011r110f110r010t010.jpg?t=1770668488\" data-title=\"B\u00f6blinger Modellflugtage 28.09.2014\" data-description=\"B\u00f6blinger Modellflugtage 28.09.2014\">\n\t\t\t<img title=\"B\u00f6blinger Modellflugtage 28.09.2014\"\n\t\t\t\talt=\"B\u00f6blinger Modellflugtage 28.09.2014\"\n\t\t\t\tdata-image-id=\"43092\"\n\t\t\t\tsrc=\"\"\/>\n\t\t<\/a>\n\t\t\t<a href=\"https:\/\/wp.1dfh.de\/wordpress\/wp-content\/gallery\/boeblinger-modellflugtage-28-09-2014\/02-1dfh-28092014-001.jpg?t=1770668488\"\n\t\t\ttitle=\"B\u00f6blinger Modellflugtage 28.09.2014\"\n\t\t\t\t\t\t\t\t\t\t\t\t\t\t\t data-image-id=\"43093\" data-src=\"https:\/\/wp.1dfh.de\/wordpress\/wp-content\/gallery\/boeblinger-modellflugtage-28-09-2014\/02-1dfh-28092014-001.jpg?t=1770668488\" data-thumbnail=\"https:\/\/wp.1dfh.de\/wordpress\/wp-content\/gallery\/boeblinger-modellflugtage-28-09-2014\/cache\/02-1dfh-28092014-001.jpg-nggid0543093-ngg0dyn-100x100x100-00f0w010c011r110f110r010t010.jpg?t=1770668488\" data-title=\"B\u00f6blinger Modellflugtage 28.09.2014\" data-description=\"B\u00f6blinger Modellflugtage 28.09.2014\">\n\t\t\t<img title=\"B\u00f6blinger Modellflugtage 28.09.2014\"\n\t\t\t\talt=\"B\u00f6blinger Modellflugtage 28.09.2014\"\n\t\t\t\tdata-image-id=\"43093\"\n\t\t\t\tsrc=\"\"\/>\n\t\t<\/a>\n\t\t\t<a href=\"https:\/\/wp.1dfh.de\/wordpress\/wp-content\/gallery\/boeblinger-modellflugtage-28-09-2014\/03-1dfh-28092014-002.jpg?t=1770668488\"\n\t\t\ttitle=\"B\u00f6blinger Modellflugtage 28.09.2014\"\n\t\t\t\t\t\t\t\t\t\t\t\t\t\t\t data-image-id=\"43094\" data-src=\"https:\/\/wp.1dfh.de\/wordpress\/wp-content\/gallery\/boeblinger-modellflugtage-28-09-2014\/03-1dfh-28092014-002.jpg?t=1770668488\" data-thumbnail=\"https:\/\/wp.1dfh.de\/wordpress\/wp-content\/gallery\/boeblinger-modellflugtage-28-09-2014\/cache\/03-1dfh-28092014-002.jpg-nggid0543094-ngg0dyn-100x100x100-00f0w010c011r110f110r010t010.jpg?t=1770668488\" data-title=\"B\u00f6blinger Modellflugtage 28.09.2014\" data-description=\"B\u00f6blinger Modellflugtage 28.09.2014\">\n\t\t\t<img title=\"B\u00f6blinger Modellflugtage 28.09.2014\"\n\t\t\t\talt=\"B\u00f6blinger Modellflugtage 28.09.2014\"\n\t\t\t\tdata-image-id=\"43094\"\n\t\t\t\tsrc=\"\"\/>\n\t\t<\/a>\n\t\t\t<a href=\"https:\/\/wp.1dfh.de\/wordpress\/wp-content\/gallery\/boeblinger-modellflugtage-28-09-2014\/04-1dfh-28092014-003.jpg?t=1770668488\"\n\t\t\ttitle=\"B\u00f6blinger Modellflugtage 28.09.2014\"\n\t\t\t\t\t\t\t\t\t\t\t\t\t\t\t data-image-id=\"43095\" data-src=\"https:\/\/wp.1dfh.de\/wordpress\/wp-content\/gallery\/boeblinger-modellflugtage-28-09-2014\/04-1dfh-28092014-003.jpg?t=1770668488\" data-thumbnail=\"https:\/\/wp.1dfh.de\/wordpress\/wp-content\/gallery\/boeblinger-modellflugtage-28-09-2014\/cache\/04-1dfh-28092014-003.jpg-nggid0543095-ngg0dyn-100x100x100-00f0w010c011r110f110r010t010.jpg?t=1770668488\" data-title=\"B\u00f6blinger Modellflugtage 28.09.2014\" data-description=\"B\u00f6blinger Modellflugtage 28.09.2014\">\n\t\t\t<img title=\"B\u00f6blinger Modellflugtage 28.09.2014\"\n\t\t\t\talt=\"B\u00f6blinger Modellflugtage 28.09.2014\"\n\t\t\t\tdata-image-id=\"43095\"\n\t\t\t\tsrc=\"\"\/>\n\t\t<\/a>\n\t\t\t<a href=\"https:\/\/wp.1dfh.de\/wordpress\/wp-content\/gallery\/boeblinger-modellflugtage-28-09-2014\/05-1dfh-28092014-004.jpg?t=1770668488\"\n\t\t\ttitle=\"B\u00f6blinger Modellflugtage 28.09.2014\"\n\t\t\t\t\t\t\t\t\t\t\t\t\t\t\t data-image-id=\"43096\" data-src=\"https:\/\/wp.1dfh.de\/wordpress\/wp-content\/gallery\/boeblinger-modellflugtage-28-09-2014\/05-1dfh-28092014-004.jpg?t=1770668488\" data-thumbnail=\"https:\/\/wp.1dfh.de\/wordpress\/wp-content\/gallery\/boeblinger-modellflugtage-28-09-2014\/cache\/05-1dfh-28092014-004.jpg-nggid0543096-ngg0dyn-100x100x100-00f0w010c011r110f110r010t010.jpg?t=1770668488\" data-title=\"B\u00f6blinger Modellflugtage 28.09.2014\" data-description=\"B\u00f6blinger Modellflugtage 28.09.2014\">\n\t\t\t<img title=\"B\u00f6blinger Modellflugtage 28.09.2014\"\n\t\t\t\talt=\"B\u00f6blinger Modellflugtage 28.09.2014\"\n\t\t\t\tdata-image-id=\"43096\"\n\t\t\t\tsrc=\"\"\/>\n\t\t<\/a>\n\t<\/div>\n","protected":false},"excerpt":{"rendered":"<p>Hallo Modellfliegerfreunde, aufgrund der aktuellen Wetterprognose f\u00fcr das kommende Wochenende m\u00fcssen wir leider unsere gro\u00dfen Modellflugtage 2014 hiermit absagen. Da wir keinen festen Boden haben ist es nicht m\u00f6glich das ganze Drumherum mit Bierwagen, Aggregat,&#8230; aufzubauen. Sollte es am Wochenende wieder erwarten doch trocken sein werden wir mit einer Minimall\u00f6sung (Getr\u00e4nke und Grill) am Platz &hellip; <a href=\"https:\/\/wp.1dfh.de\/wordpress\/modellflugtage-modellfluggruppe-im-aero-club-esslingen-neckar-e-v-20-09-21-09-2014\/\" class=\"more-link\"><span class=\"screen-reader-text\">Abgesagt: Modellflugtage MODELLFLUGGRUPPE im AERO CLUB ESSLINGEN &#8211; NECKAR e.V. 20.09. &#8211; 21.09.2014<\/span> weiterlesen <span class=\"meta-nav\">&rarr;<\/span><\/a><\/p>\n","protected":false},"author":2,"featured_media":26428,"comment_status":"open","ping_status":"open","sticky":false,"template":"","format":"standard","meta":{"ngg_post_thumbnail":0,"footnotes":""},"categories":[18],"tags":[1286,1122,10562,10563,2445,11224,366,1120,1121],"class_list":["post-26427","post","type-post","status-publish","format-standard","has-post-thumbnail","hentry","category-flugveranstaltungen","tag-abgesagt","tag-esslingen","tag-modellfluggruppe-esslingen","tag-modellfluggruppe-esslingen-e-v","tag-modellfluggruppe-im-aero-club-esslingen-neckar-e-v","tag-modellflugtag","tag-modellflugtage","tag-modellflugtage-modellfluggruppe-esslingen","tag-segelflugplatz-jagerhaus"],"_links":{"self":[{"href":"https:\/\/wp.1dfh.de\/wordpress\/wp-json\/wp\/v2\/posts\/26427","targetHints":{"allow":["GET"]}}],"collection":[{"href":"https:\/\/wp.1dfh.de\/wordpress\/wp-json\/wp\/v2\/posts"}],"about":[{"href":"https:\/\/wp.1dfh.de\/wordpress\/wp-json\/wp\/v2\/types\/post"}],"author":[{"embeddable":true,"href":"https:\/\/wp.1dfh.de\/wordpress\/wp-json\/wp\/v2\/users\/2"}],"replies":[{"embeddable":true,"href":"https:\/\/wp.1dfh.de\/wordpress\/wp-json\/wp\/v2\/comments?post=26427"}],"version-history":[{"count":0,"href":"https:\/\/wp.1dfh.de\/wordpress\/wp-json\/wp\/v2\/posts\/26427\/revisions"}],"wp:featuredmedia":[{"embeddable":true,"href":"https:\/\/wp.1dfh.de\/wordpress\/wp-json\/wp\/v2\/media\/26428"}],"wp:attachment":[{"href":"https:\/\/wp.1dfh.de\/wordpress\/wp-json\/wp\/v2\/media?parent=26427"}],"wp:term":[{"taxonomy":"category","embeddable":true,"href":"https:\/\/wp.1dfh.de\/wordpress\/wp-json\/wp\/v2\/categories?post=26427"},{"taxonomy":"post_tag","embeddable":true,"href":"https:\/\/wp.1dfh.de\/wordpress\/wp-json\/wp\/v2\/tags?post=26427"}],"curies":[{"name":"wp","href":"https:\/\/api.w.org\/{rel}","templated":true}]}}