{"id":26640,"date":"2014-10-20T10:44:16","date_gmt":"2014-10-20T08:44:16","guid":{"rendered":"http:\/\/wp.1dfh.de\/wordpress\/?p=26640"},"modified":"2014-10-20T10:49:23","modified_gmt":"2014-10-20T08:49:23","slug":"drachenfest-luftsportverein-muensingen-eisberg-e-v-25-10-26-10-2014","status":"publish","type":"post","link":"https:\/\/wp.1dfh.de\/wordpress\/drachenfest-luftsportverein-muensingen-eisberg-e-v-25-10-26-10-2014\/","title":{"rendered":"Drachenfest Luftsportverein M\u00fcnsingen-Eisberg e.V. 25.10. \u2013 26.10.2014"},"content":{"rendered":"<p><a href=\"http:\/\/www.lsvmuensingen.de\" target=\"_blank\"><strong>ngg_shortcode_0_placeholder<\/strong><\/a><\/p>\n<ul>\n<li><a href=\"http:\/\/www.lsvmuensingen.de\" target=\"_blank\"><strong>Luftsportverein M\u00fcnsingen-Eisberg e.V.<\/strong><\/a><\/li>\n<\/ul>\n<p>Drachenfest in M\u00fcnsingen \u2013 Dottingen auf dem Fluggel\u00e4nde Eisberg!<\/p>\n<p><em><strong>Wir, die Fliegerfreunde vom Luftsportverein Eisberg und unsere Freunde von der Fliegergruppe Plochingen laden Sie zusammen mit vielen angereisten Drachenfreunden ganz herzlich am Samstag 25. und Sonntag 26.10.2014 zum Drachenfest ein!<\/strong><\/em><\/p>\n<p>Ob Schmetterlinge, Raupen, fliegende Oktopusse &#8211; gro\u00df ist die Formen- und Farbenvielfalt der 3D-Drachen, die beim Drachenfest von Samstag, 25. bis Sonntag, 26. Oktober 2014 den Himmel \u00fcber dem Fluggel\u00e4nde bev\u00f6lkern werden.<br \/>\nDie Drachenfreunde haben auch dieses Jahr wieder in m\u00fchevoller Handarbeit hergestellte Drachen-Unikate im Gep\u00e4ck, mit denen sich wundersch\u00f6ne Bilder an den Himmel zaubern lassen.<br \/>\nDer Startschuss f\u00e4llt am Samstag, ab 13.00 Uhr mit der Begr\u00fc\u00dfung der Drachenfreunde im Hangar.<br \/>\nEin erster H\u00f6hepunkt wird dann um 15.00 Uhr das Rokkaku-Turnier sein; bei diesem spannenden Wettkampf verschiedener Teams versuchen die Teilnehmer jeweils den Sechseck-Drachen des Mitstreiters auf die Wiese zur\u00fcck zu holen.<br \/>\nDass es in dieser Jahreszeit bereits fr\u00fch zu dunkeln beginnt, wollen wir uns zunutze machen und gegen 19.00 Uhr bei passendem Wetter ein Nachtdrachenfliegen veranstalten.<br \/>\nAb 20.00 Uhr wird dann das gem\u00fctliche Zusammensein im Hangar mit Drachenkino eingl\u00e4utet.<br \/>\nAm Sonntag ab 10.00 Uhr sind dann wieder alle Kinder und Erwachsenen eingeladen,ihre Drachen zusammen mit den Anderen auf dem gro\u00dfen Segelfluggel\u00e4nde steigen zu lassen.<br \/>\nW\u00e4hrend des gesamten Wochenendes ist der Eintritt f\u00fcr alle frei!<br \/>\nH\u00fcpfburg, Stand mit S\u00fc\u00dfigkeiten, Drachenverkaufsstand, Drachendoktor, H\u00e4ndler mit Drachen, Windr\u00e4dern und vielem mehr, was im und mit dem Wind spielt, usw. machen das Drachenfest zum idealen Ausflugsziel f\u00fcr die ganze Familie !<br \/>\nEin windgesch\u00fctztes Pl\u00e4tzchen zum W\u00e4rmen bieten wir im beheizten Hangar. Dort bewirten wir Segelflieger aus M\u00fcnsingen und Plochingen unsere G\u00e4ste mit Speisen und Getr\u00e4nken.<\/p>\n<p>Ebenfalls am Hangar wird dann am Sonntag zwischen 13.00 Uhr und 15.00 Uhr das Kinderschminken mit Christina stattfinden<\/p>\n<p>[gmap]<\/p>\n<div class=\"ngg-related-gallery\">\n\t\t\t<a href=\"https:\/\/wp.1dfh.de\/wordpress\/wp-content\/gallery\/3-tp-tr-rt\/IMG_1516.jpg?t=1770668399\"\n\t\t\ttitle=\"Robert Sixt, Nachtflug,\"\n\t\t\t\t\t\t\t\t\t\t\t\t\t\t\t data-image-id=\"901\" data-src=\"https:\/\/wp.1dfh.de\/wordpress\/wp-content\/gallery\/3-tp-tr-rt\/IMG_1516.jpg?t=1770668399\" data-thumbnail=\"https:\/\/wp.1dfh.de\/wordpress\/wp-content\/gallery\/3-tp-tr-rt\/cache\/IMG_1516.jpg-nggid03901-ngg0dyn-100x100x100-00f0w010c011r110f110r010t010.jpg?t=1770668399\" data-title=\"IMG_1516\" data-description=\"Robert Sixt, Nachtflug,\">\n\t\t\t<img title=\"IMG_1516\"\n\t\t\t\talt=\"IMG_1516\"\n\t\t\t\tdata-image-id=\"901\"\n\t\t\t\tsrc=\"\"\/>\n\t\t<\/a>\n\t\t\t<a href=\"https:\/\/wp.1dfh.de\/wordpress\/wp-content\/gallery\/3-tp-tr-rt\/IMG_1521.jpg?t=1773494654\"\n\t\t\ttitle=\"Robert Sixt, Nachtflug,\"\n\t\t\t\t\t\t\t\t\t\t\t\t\t\t\t data-image-id=\"902\" data-src=\"https:\/\/wp.1dfh.de\/wordpress\/wp-content\/gallery\/3-tp-tr-rt\/IMG_1521.jpg?t=1773494654\" data-thumbnail=\"https:\/\/wp.1dfh.de\/wordpress\/wp-content\/gallery\/3-tp-tr-rt\/cache\/IMG_1521.jpg-nggid03902-ngg0dyn-100x100x100-00f0w010c011r110f110r010t010.jpg?t=1773494654\" data-title=\"IMG_1521\" data-description=\"Robert Sixt, Nachtflug,\">\n\t\t\t<img title=\"IMG_1521\"\n\t\t\t\talt=\"IMG_1521\"\n\t\t\t\tdata-image-id=\"902\"\n\t\t\t\tsrc=\"\"\/>\n\t\t<\/a>\n\t\t\t<a href=\"https:\/\/wp.1dfh.de\/wordpress\/wp-content\/gallery\/drachenfest-fliegergruppe-grabenstetten-teck-lenninger-tal-e-v-17-04-18-04-2010\/1dfh-4df-gra2010-134.jpg\"\n\t\t\ttitle=\" \"\n\t\t\t\t\t\t\t\t\t\t\t\t\t\t\t data-image-id=\"5029\" data-src=\"https:\/\/wp.1dfh.de\/wordpress\/wp-content\/gallery\/drachenfest-fliegergruppe-grabenstetten-teck-lenninger-tal-e-v-17-04-18-04-2010\/1dfh-4df-gra2010-134.jpg\" data-thumbnail=\"https:\/\/wp.1dfh.de\/wordpress\/nextgen-image\/5029\/100x100x100\/crop\/4d7401b70b65d5c3c2e5e231764e06bb\" data-title=\"1dfh-4df-gra2010-134\" data-description=\" \">\n\t\t\t<img title=\"1dfh-4df-gra2010-134\"\n\t\t\t\talt=\"1dfh-4df-gra2010-134\"\n\t\t\t\tdata-image-id=\"5029\"\n\t\t\t\tsrc=\"\"\/>\n\t\t<\/a>\n\t\t\t<a href=\"https:\/\/wp.1dfh.de\/wordpress\/wp-content\/gallery\/drachenfest-fliegergruppe-grabenstetten-teck-lenninger-tal-e-v-17-04-18-04-2010\/1dfh-4df-gra2010-135.jpg\"\n\t\t\ttitle=\" \"\n\t\t\t\t\t\t\t\t\t\t\t\t\t\t\t data-image-id=\"5030\" data-src=\"https:\/\/wp.1dfh.de\/wordpress\/wp-content\/gallery\/drachenfest-fliegergruppe-grabenstetten-teck-lenninger-tal-e-v-17-04-18-04-2010\/1dfh-4df-gra2010-135.jpg\" data-thumbnail=\"https:\/\/wp.1dfh.de\/wordpress\/nextgen-image\/5030\/100x100x100\/crop\/300b154d26b78ea98c4b47ddf7d4ee58\" data-title=\"1dfh-4df-gra2010-135\" data-description=\" \">\n\t\t\t<img title=\"1dfh-4df-gra2010-135\"\n\t\t\t\talt=\"1dfh-4df-gra2010-135\"\n\t\t\t\tdata-image-id=\"5030\"\n\t\t\t\tsrc=\"\"\/>\n\t\t<\/a>\n\t\t\t<a href=\"https:\/\/wp.1dfh.de\/wordpress\/wp-content\/gallery\/drachenfest-fliegergruppe-grabenstetten-teck-lenninger-tal-e-v-17-04-18-04-2010\/1dfh-4df-gra2010-136.jpg\"\n\t\t\ttitle=\" \"\n\t\t\t\t\t\t\t\t\t\t\t\t\t\t\t data-image-id=\"5031\" data-src=\"https:\/\/wp.1dfh.de\/wordpress\/wp-content\/gallery\/drachenfest-fliegergruppe-grabenstetten-teck-lenninger-tal-e-v-17-04-18-04-2010\/1dfh-4df-gra2010-136.jpg\" data-thumbnail=\"https:\/\/wp.1dfh.de\/wordpress\/nextgen-image\/5031\/100x100x100\/crop\/1454e2ba87f03c26b5475a0024030604\" data-title=\"1dfh-4df-gra2010-136\" data-description=\" \">\n\t\t\t<img title=\"1dfh-4df-gra2010-136\"\n\t\t\t\talt=\"1dfh-4df-gra2010-136\"\n\t\t\t\tdata-image-id=\"5031\"\n\t\t\t\tsrc=\"\"\/>\n\t\t<\/a>\n\t\t\t<a href=\"https:\/\/wp.1dfh.de\/wordpress\/wp-content\/gallery\/drachenfest-fliegergruppe-grabenstetten-teck-lenninger-tal-e-v-17-04-18-04-2010\/1dfh-4df-gra2010-137.jpg\"\n\t\t\ttitle=\" \"\n\t\t\t\t\t\t\t\t\t\t\t\t\t\t\t data-image-id=\"5032\" data-src=\"https:\/\/wp.1dfh.de\/wordpress\/wp-content\/gallery\/drachenfest-fliegergruppe-grabenstetten-teck-lenninger-tal-e-v-17-04-18-04-2010\/1dfh-4df-gra2010-137.jpg\" data-thumbnail=\"https:\/\/wp.1dfh.de\/wordpress\/nextgen-image\/5032\/100x100x100\/crop\/34130a1e0e1e00f302390000ea927fae\" data-title=\"1dfh-4df-gra2010-137\" data-description=\" \">\n\t\t\t<img title=\"1dfh-4df-gra2010-137\"\n\t\t\t\talt=\"1dfh-4df-gra2010-137\"\n\t\t\t\tdata-image-id=\"5032\"\n\t\t\t\tsrc=\"\"\/>\n\t\t<\/a>\n\t\t\t<a href=\"https:\/\/wp.1dfh.de\/wordpress\/wp-content\/gallery\/mhm2006\/IMG_3244.jpg?t=1773339160\"\n\t\t\ttitle=\" \"\n\t\t\t\t\t\t\t\t\t\t\t\t\t\t\t data-image-id=\"1365\" data-src=\"https:\/\/wp.1dfh.de\/wordpress\/wp-content\/gallery\/mhm2006\/IMG_3244.jpg?t=1773339160\" data-thumbnail=\"https:\/\/wp.1dfh.de\/wordpress\/wp-content\/gallery\/mhm2006\/cache\/IMG_3244.jpg-nggid041365-ngg0dyn-100x100x100-00f0w010c011r110f110r010t010.jpg?t=1773339160\" data-title=\"IMG_3244\" data-description=\" \">\n\t\t\t<img title=\"IMG_3244\"\n\t\t\t\talt=\"IMG_3244\"\n\t\t\t\tdata-image-id=\"1365\"\n\t\t\t\tsrc=\"\"\/>\n\t\t<\/a>\n\t<\/div>\n","protected":false},"excerpt":{"rendered":"<p>Luftsportverein M\u00fcnsingen-Eisberg e.V. Drachenfest in M\u00fcnsingen \u2013 Dottingen auf dem Fluggel\u00e4nde Eisberg! Wir, die Fliegerfreunde vom Luftsportverein Eisberg und unsere Freunde von der Fliegergruppe Plochingen laden Sie zusammen mit vielen angereisten Drachenfreunden ganz herzlich am Samstag 25. und Sonntag 26.10.2014 zum Drachenfest ein! Ob Schmetterlinge, Raupen, fliegende Oktopusse &#8211; gro\u00df ist die Formen- und Farbenvielfalt &hellip; <a href=\"https:\/\/wp.1dfh.de\/wordpress\/drachenfest-luftsportverein-muensingen-eisberg-e-v-25-10-26-10-2014\/\" class=\"more-link\"><span class=\"screen-reader-text\">Drachenfest Luftsportverein M\u00fcnsingen-Eisberg e.V. 25.10. \u2013 26.10.2014<\/span> weiterlesen <span class=\"meta-nav\">&rarr;<\/span><\/a><\/p>\n","protected":false},"author":2,"featured_media":0,"comment_status":"open","ping_status":"open","sticky":false,"template":"","format":"standard","meta":{"ngg_post_thumbnail":0,"footnotes":""},"categories":[1,18,9],"tags":[11594,12531,9369,11230],"class_list":["post-26640","post","type-post","status-publish","format-standard","hentry","category-allgemeines","category-flugveranstaltungen","category-termine","tag-drachenfest","tag-kinderschminken","tag-luftsportverein-muensingen-eisberg-e-v","tag-nachtflug"],"_links":{"self":[{"href":"https:\/\/wp.1dfh.de\/wordpress\/wp-json\/wp\/v2\/posts\/26640","targetHints":{"allow":["GET"]}}],"collection":[{"href":"https:\/\/wp.1dfh.de\/wordpress\/wp-json\/wp\/v2\/posts"}],"about":[{"href":"https:\/\/wp.1dfh.de\/wordpress\/wp-json\/wp\/v2\/types\/post"}],"author":[{"embeddable":true,"href":"https:\/\/wp.1dfh.de\/wordpress\/wp-json\/wp\/v2\/users\/2"}],"replies":[{"embeddable":true,"href":"https:\/\/wp.1dfh.de\/wordpress\/wp-json\/wp\/v2\/comments?post=26640"}],"version-history":[{"count":0,"href":"https:\/\/wp.1dfh.de\/wordpress\/wp-json\/wp\/v2\/posts\/26640\/revisions"}],"wp:attachment":[{"href":"https:\/\/wp.1dfh.de\/wordpress\/wp-json\/wp\/v2\/media?parent=26640"}],"wp:term":[{"taxonomy":"category","embeddable":true,"href":"https:\/\/wp.1dfh.de\/wordpress\/wp-json\/wp\/v2\/categories?post=26640"},{"taxonomy":"post_tag","embeddable":true,"href":"https:\/\/wp.1dfh.de\/wordpress\/wp-json\/wp\/v2\/tags?post=26640"}],"curies":[{"name":"wp","href":"https:\/\/api.w.org\/{rel}","templated":true}]}}