{"id":26650,"date":"2014-10-22T20:58:05","date_gmt":"2014-10-22T18:58:05","guid":{"rendered":"http:\/\/wp.1dfh.de\/wordpress\/?p=26650"},"modified":"2014-10-24T14:07:14","modified_gmt":"2014-10-24T12:07:14","slug":"matthias-dolderer-will-beim-finalen-showdown-der-red-bull-air-race-world-championship-2014-in-spielberg-erneut-aufs-podium","status":"publish","type":"post","link":"https:\/\/wp.1dfh.de\/wordpress\/matthias-dolderer-will-beim-finalen-showdown-der-red-bull-air-race-world-championship-2014-in-spielberg-erneut-aufs-podium\/","title":{"rendered":"Matthias Dolderer will beim finalen Showdown der Red Bull Air Race World Championship 2014 in Spielberg erneut aufs Podium!"},"content":{"rendered":"<div><em><strong> <a href=\"http:\/\/wp.1dfh.de\/wordpress\/wp-content\/uploads\/P-20141012-00054_News.jpg\"><img loading=\"lazy\" decoding=\"async\" class=\"alignright wp-image-26651 size-medium\" src=\"http:\/\/wp.1dfh.de\/wordpress\/wp-content\/uploads\/P-20141012-00054_News-300x200.jpg\" alt=\"P-20141012-00054_News\" width=\"300\" height=\"200\" srcset=\"https:\/\/wp.1dfh.de\/wordpress\/wp-content\/uploads\/P-20141012-00054_News-300x200.jpg 300w, https:\/\/wp.1dfh.de\/wordpress\/wp-content\/uploads\/P-20141012-00054_News.jpg 1200w\" sizes=\"auto, (max-width: 300px) 100vw, 300px\" \/><\/a>Kommendes Wochenende w\u00fcrde Matthias Dolderer gerne zum kr\u00f6nenden Abschluss seiner Saison in der Red Bull Air Race World Championship 2014 die deutsche Nationalhymne h\u00f6ren. Zumindest aber w\u00fcnscht sich der Oberschwabe aus Tannheim einen Podestplatz, um bei der R\u00fcckkehr der schnellsten Rennserie der Welt nach \u00d6sterreich an den Erfolg in Las Vegas anzukn\u00fcpfen.<\/strong><\/em><\/div>\n<div>22. Oktober 2014<\/div>\n<div><strong>Graz \/ 22. Oktober 2014.<\/strong> Elf Jahre ist es her, dass das Red Bull Air Race in Zeltweg seine Geburtsstunde gefeiert hat. Kommendes Wochenende steht nun endlich das \u00d6sterreich-Comeback an und zwar am nur zwei Kilometer vom Zeltweger Flugplatz entfernten Red Bull Ring.Ein Showdown der Extraklasse in einer der spannendsten Saisonen des Red Bull Air Race Zeit seines Bestehens. &#8222;<em>Das Finale in Spielberg wird mit Sicherheit eines der spektakul\u00e4rsten Rennen und das Highlight dieser Saison. Es ist toll, dass das Red Bull Air Race nach elf Jahren wieder nach \u00d6sterreich zur\u00fcckkehrt. Das Starten und Landen findet auf der Rennstrecke statt, wo sonst die Formel 1 oder die DTM f\u00e4hrt. F\u00fcr uns eine ganz besondere Herausforderung<\/em>&#8222;, so Matthias Dolderer, der sich momentan mit seiner Zivko Edge 540 V3 schon in Graz befindet.Die kontinuierliche Leistungssteigerung des deutschen Air Racers in dieser Saison hat ihm im letzten Rennen in Las Vegas einen dritten Platz beschert und dementsprechend sollte das Finale der diesj\u00e4hrigen Rennsaison ausgehen: &#8222;<em>Nach der Podiumsplatzierung in Las Vegas ist es mein Ziel, wieder aufs Treppchen zu fliegen.<\/em>&#8220;<\/p>\n<p><strong>Qualifying und Finale live auf ServusTV<\/strong><br \/>\nBei den Rennen \u00fcber Wasser zu Beginn der Saison in Abu Dhabi, Rovinj, Putrajaya und Gdynia war das Gl\u00fcck nie so wirklich auf Matthias Dolderers Seite, doch seit das Red Bull Air Race quasi wieder festen Boden unter den Rennflugzeugen hat, geht die Kurve des 44-J\u00e4hrigen steil bergauf. Vierter in Ascot und Dallas, als Dritter am Podium in Las Vegas. In Spielberg darf es gerne so weitergehen. &#8222;<em>Der Red Bull Ring ist in eine tolle Naturkulisse eingebettet. Nat\u00fcrlich kommen meine ganze Familie, viele Freunde und Fans &#8211; das motiviert zus\u00e4tzlich<\/em>&#8222;, so Dolderer.<\/p>\n<p>Am Wochenende sollte sich auch das Wetter in \u00d6sterreich wieder beruhigt haben und wer nicht vor Ort dabei sein kann, darf trotzdem alles live miterleben: ServusTV zeigt sowohl das Qualifying am Samstag ab 16:00 Uhr live und exklusiv als auch den finalen Showdown am Sonntag ab 14:15 Uhr.<\/p>\n<\/div>\n<div><strong>WM-Gesamtwertung:<\/strong> 1. Nigel Lamb (GBR) 53 Pkt., 2. Hannes Arch (AUT) 48, 3. Paul Bonhomme 47, 4. Pete McLeod (CAN) 37, 5. Matt Hall (AUS) 33, 6. Nicolas Ivanoff (FRA) 30, <strong>7. Matthias Dolderer (GER) 21<\/strong>, 8. Martin Sonka (CZE) 11, 9. Yoshihide Muroya (JPN) 10, 10. Peter Besenyei (HUN) 6, 11. Kirby Chambliss (USA) 5, 12. Michael Goulian (USA) 0.<\/div>\n<div><strong>RED BULL AIR RACE WORLD CHAMPIONSHIP:<\/strong> \u2028Die Red Bull Air Race World Championship ist eine Motorsportserie, bei der die besten Piloten der Welt gegeneinander antreten. Dabei z\u00e4hlen vor allem Geschwindigkeit, Pr\u00e4zision und Geschicklichkeit. In den \u00e4u\u00dferst leichten und wendigen Rennmaschinen absolvieren die Piloten einen Parcours, der aus 25 Meter hohen aufgeblasenen Pylonen besteht.<\/div>\n<div><strong>Red Bull Air Race Rennkalender 2014:<\/strong><br \/>\n28. Februar\/01. M\u00e4rz &#8211; Abu Dhabi (Vereinigte Arabische Emirate)<br \/>\n12.\/13. April &#8211; Rovinj (Kroatien)<br \/>\n17.\/18. Mai &#8211; Putrajaya (Malaysia)<br \/>\n26.\/27. Juli &#8211; Gdynia (Polen)<br \/>\n16.\/17. August &#8211; Ascot (Gro\u00dfbritannien)<br \/>\n06.\/07. September &#8211; Dallas\/Fort Worth (Vereinigte Staaten von Amerika)<br \/>\n11.\/12. Oktober &#8211; Las Vegas (Vereinigte Staaten von Amerika)<br \/>\n<a title=\"Red Bull Air Race kehrt zum Finale 2014 zur\u00fcck nach \u00d6sterreich 25.10. \u2013 26.10.2014\" href=\"http:\/\/wp.1dfh.de\/wordpress\/red-bull-air-race-kehrt-zum-finale-2014-zurueck-nach-oesterreich-25-10-26-10-2014\/\">25.\/26. Oktober &#8211; Spielberg (\u00d6sterreich)<\/a><\/div>\n<div class=\"ngg-related-gallery\">\n\t\t\t<a href=\"https:\/\/wp.1dfh.de\/wordpress\/wp-content\/gallery\/rba-piloten-2010\/SI201003030014.jpg?t=1773390884\"\n\t\t\ttitle=\"Matthias Dolderer (C) Red Bull\"\n\t\t\t\t\t\t\t\t\t\t\t\t\t\t\t data-image-id=\"4582\" data-src=\"https:\/\/wp.1dfh.de\/wordpress\/wp-content\/gallery\/rba-piloten-2010\/SI201003030014.jpg?t=1773390884\" data-thumbnail=\"https:\/\/wp.1dfh.de\/wordpress\/wp-content\/gallery\/rba-piloten-2010\/cache\/SI201003030014.jpg-nggid044582-ngg0dyn-100x100x100-00f0w010c011r110f110r010t010.jpg?t=1773390884\" data-title=\"SI201003030014\" data-description=\"Matthias Dolderer (C) Red Bull\">\n\t\t\t<img title=\"SI201003030014\"\n\t\t\t\talt=\"SI201003030014\"\n\t\t\t\tdata-image-id=\"4582\"\n\t\t\t\tsrc=\"\"\/>\n\t\t<\/a>\n\t\t\t<a href=\"https:\/\/wp.1dfh.de\/wordpress\/wp-content\/gallery\/rba-abu-dhabi-2010\/si201003270013.jpg?t=1773404469\"\n\t\t\ttitle=\"ABU DHABI, UNITED ARAB EMIRATES - MARCH 27: (L-R) Second placed Nigel Lamb of Great Britain, winner Paul Bonhomme of Great Britain and third placed Peter Besenyei of Hungary with their medals after the Red Bull Air Race day on March 27, 2010 in Abu Dhabi, United Arab Emirates. (Photo by Hamish Blair\/Getty Images for Red Bull Air Race) *** Local Caption *** Nigel Lamb; Paul Bonhomme; Peter Besenyei\"\n\t\t\t\t\t\t\t\t\t\t\t\t\t\t\t data-image-id=\"4693\" data-src=\"https:\/\/wp.1dfh.de\/wordpress\/wp-content\/gallery\/rba-abu-dhabi-2010\/si201003270013.jpg?t=1773404469\" data-thumbnail=\"https:\/\/wp.1dfh.de\/wordpress\/wp-content\/gallery\/rba-abu-dhabi-2010\/cache\/si201003270013.jpg-nggid044693-ngg0dyn-100x100x100-00f0w010c011r110f110r010t010.jpg?t=1773404469\" data-title=\"97755980DM010_Red_Bull_Air_\" data-description=\"ABU DHABI, UNITED ARAB EMIRATES - MARCH 27: (L-R) Second placed Nigel Lamb of Great Britain, winner Paul Bonhomme of Great Britain and third placed Peter Besenyei of Hungary with their medals after the Red Bull Air Race day on March 27, 2010 in Abu Dhabi, United Arab Emirates. (Photo by Hamish Blair\/Getty Images for Red Bull Air Race) *** Local Caption *** Nigel Lamb; Paul Bonhomme; Peter Besenyei\">\n\t\t\t<img title=\"97755980DM010_Red_Bull_Air_\"\n\t\t\t\talt=\"97755980DM010_Red_Bull_Air_\"\n\t\t\t\tdata-image-id=\"4693\"\n\t\t\t\tsrc=\"\"\/>\n\t\t<\/a>\n\t\t\t<a href=\"https:\/\/wp.1dfh.de\/wordpress\/wp-content\/gallery\/rba-abu-dhabi-2010\/si201003270016.jpg?t=1773404478\"\n\t\t\ttitle=\"Nigel Lamb of Great Britain celebrates his 2nd, Paul Bonhomme of Great Britain his 1st and Peter Besenyei of Hungary his 3rd place on the podium after the Red Bull Air Race day on March 27, 2010 in Abu Dhabi, United Arab Emirates.\"\n\t\t\t\t\t\t\t\t\t\t\t\t\t\t\t data-image-id=\"4694\" data-src=\"https:\/\/wp.1dfh.de\/wordpress\/wp-content\/gallery\/rba-abu-dhabi-2010\/si201003270016.jpg?t=1773404478\" data-thumbnail=\"https:\/\/wp.1dfh.de\/wordpress\/wp-content\/gallery\/rba-abu-dhabi-2010\/cache\/si201003270016.jpg-nggid044694-ngg0dyn-100x100x100-00f0w010c011r110f110r010t010.jpg?t=1773404478\" data-title=\"Nigel Lamb; Paul Bonhomme; Peter Besenyei - Race Day, Abu Dhabi\" data-description=\"Nigel Lamb of Great Britain celebrates his 2nd, Paul Bonhomme of Great Britain his 1st and Peter Besenyei of Hungary his 3rd place on the podium after the Red Bull Air Race day on March 27, 2010 in Abu Dhabi, United Arab Emirates.\">\n\t\t\t<img title=\"Nigel Lamb; Paul Bonhomme; Peter Besenyei - Race Day, Abu Dhabi\"\n\t\t\t\talt=\"Nigel Lamb; Paul Bonhomme; Peter Besenyei - Race Day, Abu Dhabi\"\n\t\t\t\tdata-image-id=\"4694\"\n\t\t\t\tsrc=\"\"\/>\n\t\t<\/a>\n\t\t\t<a href=\"https:\/\/wp.1dfh.de\/wordpress\/wp-content\/gallery\/rbar-interlaken-2007\/1dfh-rba-il07-000.jpg?t=1773407446\"\n\t\t\ttitle=\"Red Bull Air Race Interlaken 2007\"\n\t\t\t\t\t\t\t\t\t\t\t\t\t\t\t data-image-id=\"5301\" data-src=\"https:\/\/wp.1dfh.de\/wordpress\/wp-content\/gallery\/rbar-interlaken-2007\/1dfh-rba-il07-000.jpg?t=1773407446\" data-thumbnail=\"https:\/\/wp.1dfh.de\/wordpress\/wp-content\/gallery\/rbar-interlaken-2007\/cache\/1dfh-rba-il07-000.jpg-nggid045301-ngg0dyn-100x100x100-00f0w010c011r110f110r010t010.jpg?t=1773407446\" data-title=\"Red Bull Air Race Interlaken 2007\" data-description=\"Red Bull Air Race Interlaken 2007\">\n\t\t\t<img title=\"Red Bull Air Race Interlaken 2007\"\n\t\t\t\talt=\"Red Bull Air Race Interlaken 2007\"\n\t\t\t\tdata-image-id=\"5301\"\n\t\t\t\tsrc=\"\"\/>\n\t\t<\/a>\n\t\t\t<a href=\"https:\/\/wp.1dfh.de\/wordpress\/wp-content\/gallery\/rbar-interlaken-2007\/1dfh-rba-il07-001.jpg?t=1773407445\"\n\t\t\ttitle=\"Red Bull Air Race Interlaken 2007\"\n\t\t\t\t\t\t\t\t\t\t\t\t\t\t\t data-image-id=\"5302\" data-src=\"https:\/\/wp.1dfh.de\/wordpress\/wp-content\/gallery\/rbar-interlaken-2007\/1dfh-rba-il07-001.jpg?t=1773407445\" data-thumbnail=\"https:\/\/wp.1dfh.de\/wordpress\/wp-content\/gallery\/rbar-interlaken-2007\/cache\/1dfh-rba-il07-001.jpg-nggid045302-ngg0dyn-100x100x100-00f0w010c011r110f110r010t010.jpg?t=1773407445\" data-title=\"Red Bull Air Race Interlaken 2007\" data-description=\"Red Bull Air Race Interlaken 2007\">\n\t\t\t<img title=\"Red Bull Air Race Interlaken 2007\"\n\t\t\t\talt=\"Red Bull Air Race Interlaken 2007\"\n\t\t\t\tdata-image-id=\"5302\"\n\t\t\t\tsrc=\"\"\/>\n\t\t<\/a>\n\t\t\t<a href=\"https:\/\/wp.1dfh.de\/wordpress\/wp-content\/gallery\/rbar-interlaken-2007\/1dfh-rba-il07-002.jpg?t=1773417120\"\n\t\t\ttitle=\"Red Bull Air Race Interlaken 2007\"\n\t\t\t\t\t\t\t\t\t\t\t\t\t\t\t data-image-id=\"5303\" data-src=\"https:\/\/wp.1dfh.de\/wordpress\/wp-content\/gallery\/rbar-interlaken-2007\/1dfh-rba-il07-002.jpg?t=1773417120\" data-thumbnail=\"https:\/\/wp.1dfh.de\/wordpress\/wp-content\/gallery\/rbar-interlaken-2007\/cache\/1dfh-rba-il07-002.jpg-nggid045303-ngg0dyn-100x100x100-00f0w010c011r110f110r010t010.jpg?t=1773417120\" data-title=\"Red Bull Air Race Interlaken 2007\" data-description=\"Red Bull Air Race Interlaken 2007\">\n\t\t\t<img title=\"Red Bull Air Race Interlaken 2007\"\n\t\t\t\talt=\"Red Bull Air Race Interlaken 2007\"\n\t\t\t\tdata-image-id=\"5303\"\n\t\t\t\tsrc=\"\"\/>\n\t\t<\/a>\n\t\t\t<a href=\"https:\/\/wp.1dfh.de\/wordpress\/wp-content\/gallery\/rbar-interlaken-2007\/1dfh-rba-il07-003.jpg?t=1773417119\"\n\t\t\ttitle=\"Red Bull Air Race Interlaken 2007\"\n\t\t\t\t\t\t\t\t\t\t\t\t\t\t\t data-image-id=\"5304\" data-src=\"https:\/\/wp.1dfh.de\/wordpress\/wp-content\/gallery\/rbar-interlaken-2007\/1dfh-rba-il07-003.jpg?t=1773417119\" data-thumbnail=\"https:\/\/wp.1dfh.de\/wordpress\/wp-content\/gallery\/rbar-interlaken-2007\/cache\/1dfh-rba-il07-003.jpg-nggid045304-ngg0dyn-100x100x100-00f0w010c011r110f110r010t010.jpg?t=1773417119\" data-title=\"Red Bull Air Race Interlaken 2007\" data-description=\"Red Bull Air Race Interlaken 2007\">\n\t\t\t<img title=\"Red Bull Air Race Interlaken 2007\"\n\t\t\t\talt=\"Red Bull Air Race Interlaken 2007\"\n\t\t\t\tdata-image-id=\"5304\"\n\t\t\t\tsrc=\"\"\/>\n\t\t<\/a>\n\t<\/div>\n","protected":false},"excerpt":{"rendered":"<p>Kommendes Wochenende w\u00fcrde Matthias Dolderer gerne zum kr\u00f6nenden Abschluss seiner Saison in der Red Bull Air Race World Championship 2014 die deutsche Nationalhymne h\u00f6ren. Zumindest aber w\u00fcnscht sich der Oberschwabe aus Tannheim einen Podestplatz, um bei der R\u00fcckkehr der schnellsten Rennserie der Welt nach \u00d6sterreich an den Erfolg in Las Vegas anzukn\u00fcpfen. 22. Oktober 2014 &hellip; <a href=\"https:\/\/wp.1dfh.de\/wordpress\/matthias-dolderer-will-beim-finalen-showdown-der-red-bull-air-race-world-championship-2014-in-spielberg-erneut-aufs-podium\/\" class=\"more-link\"><span class=\"screen-reader-text\">Matthias Dolderer will beim finalen Showdown der Red Bull Air Race World Championship 2014 in Spielberg erneut aufs Podium!<\/span> weiterlesen <span class=\"meta-nav\">&rarr;<\/span><\/a><\/p>\n","protected":false},"author":2,"featured_media":26651,"comment_status":"open","ping_status":"open","sticky":false,"template":"","format":"standard","meta":{"ngg_post_thumbnail":0,"footnotes":""},"categories":[3,1],"tags":[11206,12690,11252,12700,12751,11858,12689,9958,11861,12752],"class_list":["post-26650","post","type-post","status-publish","format-standard","has-post-thumbnail","hentry","category-aktuelles","category-allgemeines","tag-matthias-dolderer","tag-rbar-2014","tag-red-bull-air-race","tag-red-bull-air-race-2014","tag-red-bull-air-race-spielberg","tag-red-bull-air-race-world-championship","tag-red-bull-air-race-world-championship-2014","tag-red-bull-ring","tag-servustv","tag-spielberg"],"_links":{"self":[{"href":"https:\/\/wp.1dfh.de\/wordpress\/wp-json\/wp\/v2\/posts\/26650","targetHints":{"allow":["GET"]}}],"collection":[{"href":"https:\/\/wp.1dfh.de\/wordpress\/wp-json\/wp\/v2\/posts"}],"about":[{"href":"https:\/\/wp.1dfh.de\/wordpress\/wp-json\/wp\/v2\/types\/post"}],"author":[{"embeddable":true,"href":"https:\/\/wp.1dfh.de\/wordpress\/wp-json\/wp\/v2\/users\/2"}],"replies":[{"embeddable":true,"href":"https:\/\/wp.1dfh.de\/wordpress\/wp-json\/wp\/v2\/comments?post=26650"}],"version-history":[{"count":0,"href":"https:\/\/wp.1dfh.de\/wordpress\/wp-json\/wp\/v2\/posts\/26650\/revisions"}],"wp:featuredmedia":[{"embeddable":true,"href":"https:\/\/wp.1dfh.de\/wordpress\/wp-json\/wp\/v2\/media\/26651"}],"wp:attachment":[{"href":"https:\/\/wp.1dfh.de\/wordpress\/wp-json\/wp\/v2\/media?parent=26650"}],"wp:term":[{"taxonomy":"category","embeddable":true,"href":"https:\/\/wp.1dfh.de\/wordpress\/wp-json\/wp\/v2\/categories?post=26650"},{"taxonomy":"post_tag","embeddable":true,"href":"https:\/\/wp.1dfh.de\/wordpress\/wp-json\/wp\/v2\/tags?post=26650"}],"curies":[{"name":"wp","href":"https:\/\/api.w.org\/{rel}","templated":true}]}}