{"id":26672,"date":"2014-10-25T22:55:35","date_gmt":"2014-10-25T20:55:35","guid":{"rendered":"http:\/\/wp.1dfh.de\/wordpress\/?p=26672"},"modified":"2014-10-25T23:13:46","modified_gmt":"2014-10-25T21:13:46","slug":"oesterreicher-arch-holt-das-qualifying-in-der-heimat","status":"publish","type":"post","link":"https:\/\/wp.1dfh.de\/wordpress\/oesterreicher-arch-holt-das-qualifying-in-der-heimat\/","title":{"rendered":"\u00d6sterreicher Arch holt das Qualifying in der Heimat"},"content":{"rendered":"<header class=\"article__header\">\n<figure id=\"attachment_26673\" aria-describedby=\"caption-attachment-26673\" style=\"width: 300px\" class=\"wp-caption alignright\"><a href=\"http:\/\/wp.1dfh.de\/wordpress\/oesterreicher-arch-holt-das-qualifying-in-der-heimat\/p-20141025-00231_news\/\" rel=\"attachment wp-att-26673\"><img loading=\"lazy\" decoding=\"async\" class=\"size-medium wp-image-26673\" src=\"http:\/\/wp.1dfh.de\/wordpress\/wp-content\/uploads\/P-20141025-00231_News-300x200.jpg\" alt=\"Hannes Arch\" width=\"300\" height=\"200\" srcset=\"https:\/\/wp.1dfh.de\/wordpress\/wp-content\/uploads\/P-20141025-00231_News-300x200.jpg 300w, https:\/\/wp.1dfh.de\/wordpress\/wp-content\/uploads\/P-20141025-00231_News.jpg 1200w\" sizes=\"auto, (max-width: 300px) 100vw, 300px\" \/><\/a><figcaption id=\"caption-attachment-26673\" class=\"wp-caption-text\">Hannes Arch<\/figcaption><\/figure>\n<p class=\"article__summary\"><strong><em>Mit einer sensationellen Zeit gewinnt Hannes Arch das Qualifying vor heimischen Publikum und h\u00e4lt damit die Titelhoffnungen am Leben. Die Hoffnungen auf den WM-Titel leben bei Hannes Arch. W\u00e4hrend der WM-F\u00fchrende Nigel Lamb aus Gro\u00dfbritannien im Qualifying als Vierter strauchelte, holte sich der \u00d6sterreicher mit einem ph\u00e4nomenalen Flug die beste Ausgangssituation f\u00fcr morgen.<\/em><\/strong><\/p>\n<p>Arch widerstand dem Druck vor der dem Heimpublikum und legte bei sonnigem Herbstwetter einen brillanten Flug hin, der die mehr als 15,000 Zuschauer in Euphorie versetzte und dem Lokalmatador den dritten Qualifying-Sieg der Saison bescherte.<\/p>\n<p>Der Deutsche Matthias Dolderer belegte einen starken zweiten Platz, Martin Sonka aus Tschechien holte sich den dritten Rang vor einem entt\u00e4uschenden WM-F\u00fchrenden Lamb, der nur Vierter wurde. Noch f\u00fchrt der Brite mit f\u00fcnf Punkten Vorsprung vor Arch. Sollte er morgen mindestens Zweiter werden, hat er den WM-Titel sicher. Doch Hannes Arch, der nur 30 Kilometer vom Red Bull Ring entfernt aufgewachsen ist, will alles tun, damit dies nicht geschieht. Dank seiner starken Leistungen in Spielberg hofft der \u00d6sterreicher weiter auf die WM-Krone.<\/p>\n<p>Der Weltmeister von 2008, der in dieser Saison zwei von sieben Rennen gewonnen hat, war bereits in den vorherigen drei Trainingseinheiten in Spielberg nicht zu stoppen. Er flog jeweils die schnellste Zeit auf der h\u00fcgeligen Rennstrecke und gewann schlie\u00dflich das Qualifying mit einem Streckenrekord von 55.545 Sekunden, w\u00e4hrend Dolderer mit fast einer Sekunde Abstand und einer Zeit von 56.509 direkt hinter dem \u00d6sterreicher landete. Sonka wurde in einer Zeit von 56.876 Sekunden Dritter.<\/p>\n<p><strong>&#8222;Es ist einfach ein super Gef\u00fchl alles aus dem Flugzeug und meinen F\u00e4higkeiten herausgeholt zu haben&#8220;<\/strong>, sagte ein gl\u00fccklicher Arch, der in dieser Saison schon das Rennen in Rovinj gewonnen hatte, nachdem er dort auch schon nach dem Qualifying ganz vorne stand. Der \u00d6sterreicher meinte weiter:<strong> &#8222;Ich bin wirklich zufrieden, dass ich das leiste, wozu ich auch im Stande bin. Ein gro\u00dfer Dank an mein Team f\u00fcr die tolle Vorbereitung. Es ist super so viele Leute hier zu haben, die uns unterst\u00fctzen. Ich kann die Energie der Massen wirklich auf der Strecke sp\u00fcren.&#8220;<\/strong><\/p>\n<p><strong>Nigel Lamb, der staunend mit zusehen musste wie Arch das Training und das Qualifying dominierte, sagte im Anschluss, dass der \u00d6sterreicher einfach herausragend geflogen sei auf seiner Heimstrecke, einem sehr herausfordernden Kurs mit einem H\u00f6henunterschied von 65 Metern auf jeder Runde. Lamb wei\u00df nat\u00fcrlich, dass er am Sonntag nur einen zweiten Platz braucht, um den ersten WM-Titel seiner Karriere zu holen, doch in den bisherigen Trainingseinheiten kam er nie \u00fcber den dritten Platz hinaus.<br \/>\n<\/strong><\/p>\n<p><strong>&#8222;Ich denke nicht, dass ich schlecht geflogen bin. Ein paar andere Jungs sind aber einfach besser geflogen als ich&#8220;,<\/strong> \u00e4u\u00dferte sich Lamb, der in dieser Saison ein Rennen gewonnen hat und vier zweite Pl\u00e4tze in Folge holte. Anerkennend gab er zu: <strong>&#8222;Ich habe ein paar \u00c4nderungen in der Fluglinie vorgenommen vor dem Qualifying und wir dachten, dass uns das schneller macht. Das war nicht so. Jetzt schauen wir uns das noch einmal an und vielleicht finden wir heraus, dass das keine so gute Idee war und wir fliegen wieder so wie zuvor. Hannes Zeit war einfach ph\u00e4nomenal, wirklich unglaublich. Doch morgen ist ein anderer Tag.&#8220;<\/strong><\/p>\n<\/header>\n<div style=\"display:none\"><\/div>\n<p><script language=\"JavaScript\" type=\"text\/javascript\" src=\"http:\/\/admin.brightcove.com\/js\/BrightcoveExperiences.js\"><\/script><script type=\"text\/javascript\" src=\"http:\/\/admin.brightcove.com\/js\/APIModules_all.js\"><\/script><script type=\"text\/javascript\" src=\"http:\/\/widgets.outbrain.com\/outbrain.js\"><\/script><object id=\"myExperience2083601910001\" class=\"BrightcoveExperience\"><param name=\"filter\" value=\"projectdomain:www.redbullairrace.com\" \/><param name=\"isSlim\" value=\"true\" \/><param name=\"playerID\" value=\"1154759063001\" \/><param name=\"linkBaseURL\" value=\"http:\/\/www.redbullairrace.com\/en_DE\/video\/final-qualifying-action-2014\" \/><param name=\"@videoPlayer\" value=\"3858670433001\" \/><param name=\"width\" value=\"480\" \/><param name=\"autoStart\" value=\"false\" \/><param name=\"height\" value=\"270\" \/><param name=\"relatedcontent\" value=\"true,true\" \/><param name=\"originalTemplateReadyHandler\" value=\"BCLS.onTemplateReady\" \/><param name=\"bgcolor\" value=\"#000000\" \/><param name=\"startTime\" value=\"1414271457285\" \/><param name=\"templateErrorHandler\" value=\"BCLS.onTemplateError\" \/><param name=\"templateLoadHandler\" value=\"BCLS.onTemplateLoad\" \/><param name=\"logoHover\" value=\"Watch on redbull.com\" \/><param name=\"templateReadyHandler\" value=\"brightcove[\"templateReadyHandlervideo3858670433001\"]\" \/><param name=\"dynamicStreaming\" value=\"true\" \/><param name=\"isRTL\" value=\"false\" \/><param name=\"socialHover\" value=\"Share or embed\" \/><param name=\"closedCaptionsHover\" value=\"Subtitles\" \/><param name=\"htmlFallback\" value=\"true\" \/><param name=\"jumpHover\" value=\"Jump backwards\" \/><param name=\"purl\" value=\"http:\/\/www.redbullairrace.com\/en_DE\/video\/final-qualifying-action-2014\" \/><param name=\"qualityHover\" value=\"Change quality\" \/><param name=\"includeAPI\" value=\"true\" \/><param name=\"playerKey\" value=\"AQ~~,AAAB5RhA4mE~,_qLQOMb4NsD6DRfCwL_FSBNcKyM9hEwo\" \/><param name=\"link\" value=\"http:\/\/www.redbull.com\" \/><param name=\"onsiteSettings\" value=\"false,false,false,true\" \/><\/object><script type=\"text\/javascript\">brightcove.createExperiences();<\/script><\/p>\n<div class=\"ngg-related-gallery\">\n\t\t\t<a href=\"https:\/\/wp.1dfh.de\/wordpress\/wp-content\/gallery\/rba-piloten-2010\/SI201003030014.jpg?t=1773390884\"\n\t\t\ttitle=\"Matthias Dolderer (C) Red Bull\"\n\t\t\t\t\t\t\t\t\t\t\t\t\t\t\t data-image-id=\"4582\" data-src=\"https:\/\/wp.1dfh.de\/wordpress\/wp-content\/gallery\/rba-piloten-2010\/SI201003030014.jpg?t=1773390884\" data-thumbnail=\"https:\/\/wp.1dfh.de\/wordpress\/wp-content\/gallery\/rba-piloten-2010\/cache\/SI201003030014.jpg-nggid044582-ngg0dyn-100x100x100-00f0w010c011r110f110r010t010.jpg?t=1773390884\" data-title=\"SI201003030014\" data-description=\"Matthias Dolderer (C) Red Bull\">\n\t\t\t<img title=\"SI201003030014\"\n\t\t\t\talt=\"SI201003030014\"\n\t\t\t\tdata-image-id=\"4582\"\n\t\t\t\tsrc=\"\"\/>\n\t\t<\/a>\n\t\t\t<a href=\"https:\/\/wp.1dfh.de\/wordpress\/wp-content\/gallery\/rba-abu-dhabi-2010\/si201003270013.jpg?t=1773404469\"\n\t\t\ttitle=\"ABU DHABI, UNITED ARAB EMIRATES - MARCH 27: (L-R) Second placed Nigel Lamb of Great Britain, winner Paul Bonhomme of Great Britain and third placed Peter Besenyei of Hungary with their medals after the Red Bull Air Race day on March 27, 2010 in Abu Dhabi, United Arab Emirates. (Photo by Hamish Blair\/Getty Images for Red Bull Air Race) *** Local Caption *** Nigel Lamb; Paul Bonhomme; Peter Besenyei\"\n\t\t\t\t\t\t\t\t\t\t\t\t\t\t\t data-image-id=\"4693\" data-src=\"https:\/\/wp.1dfh.de\/wordpress\/wp-content\/gallery\/rba-abu-dhabi-2010\/si201003270013.jpg?t=1773404469\" data-thumbnail=\"https:\/\/wp.1dfh.de\/wordpress\/wp-content\/gallery\/rba-abu-dhabi-2010\/cache\/si201003270013.jpg-nggid044693-ngg0dyn-100x100x100-00f0w010c011r110f110r010t010.jpg?t=1773404469\" data-title=\"97755980DM010_Red_Bull_Air_\" data-description=\"ABU DHABI, UNITED ARAB EMIRATES - MARCH 27: (L-R) Second placed Nigel Lamb of Great Britain, winner Paul Bonhomme of Great Britain and third placed Peter Besenyei of Hungary with their medals after the Red Bull Air Race day on March 27, 2010 in Abu Dhabi, United Arab Emirates. (Photo by Hamish Blair\/Getty Images for Red Bull Air Race) *** Local Caption *** Nigel Lamb; Paul Bonhomme; Peter Besenyei\">\n\t\t\t<img title=\"97755980DM010_Red_Bull_Air_\"\n\t\t\t\talt=\"97755980DM010_Red_Bull_Air_\"\n\t\t\t\tdata-image-id=\"4693\"\n\t\t\t\tsrc=\"\"\/>\n\t\t<\/a>\n\t\t\t<a href=\"https:\/\/wp.1dfh.de\/wordpress\/wp-content\/gallery\/rba-abu-dhabi-2010\/si201003270016.jpg?t=1773404478\"\n\t\t\ttitle=\"Nigel Lamb of Great Britain celebrates his 2nd, Paul Bonhomme of Great Britain his 1st and Peter Besenyei of Hungary his 3rd place on the podium after the Red Bull Air Race day on March 27, 2010 in Abu Dhabi, United Arab Emirates.\"\n\t\t\t\t\t\t\t\t\t\t\t\t\t\t\t data-image-id=\"4694\" data-src=\"https:\/\/wp.1dfh.de\/wordpress\/wp-content\/gallery\/rba-abu-dhabi-2010\/si201003270016.jpg?t=1773404478\" data-thumbnail=\"https:\/\/wp.1dfh.de\/wordpress\/wp-content\/gallery\/rba-abu-dhabi-2010\/cache\/si201003270016.jpg-nggid044694-ngg0dyn-100x100x100-00f0w010c011r110f110r010t010.jpg?t=1773404478\" data-title=\"Nigel Lamb; Paul Bonhomme; Peter Besenyei - Race Day, Abu Dhabi\" data-description=\"Nigel Lamb of Great Britain celebrates his 2nd, Paul Bonhomme of Great Britain his 1st and Peter Besenyei of Hungary his 3rd place on the podium after the Red Bull Air Race day on March 27, 2010 in Abu Dhabi, United Arab Emirates.\">\n\t\t\t<img title=\"Nigel Lamb; Paul Bonhomme; Peter Besenyei - Race Day, Abu Dhabi\"\n\t\t\t\talt=\"Nigel Lamb; Paul Bonhomme; Peter Besenyei - Race Day, Abu Dhabi\"\n\t\t\t\tdata-image-id=\"4694\"\n\t\t\t\tsrc=\"\"\/>\n\t\t<\/a>\n\t\t\t<a href=\"https:\/\/wp.1dfh.de\/wordpress\/wp-content\/gallery\/rbar-rio-de-janeiro-2010\/si201005090122.jpg?t=1770668309\"\n\t\t\ttitle=\"Hannes Arch of Austria celebrates his victory in the Red Bull Air Race Day on May 9, 2010 in Rio de Janeiro, Brazil. Nigel Lamb of Great Britain came 2nd and Paul Bonhomme of Great Britain his 3rd podium. Foto \u00a9 Red Bull\"\n\t\t\t\t\t\t\t\t\t\t\t\t\t\t\t data-image-id=\"5299\" data-src=\"https:\/\/wp.1dfh.de\/wordpress\/wp-content\/gallery\/rbar-rio-de-janeiro-2010\/si201005090122.jpg?t=1770668309\" data-thumbnail=\"https:\/\/wp.1dfh.de\/wordpress\/wp-content\/gallery\/rbar-rio-de-janeiro-2010\/cache\/si201005090122.jpg-nggid045299-ngg0dyn-100x100x100-00f0w010c011r110f110r010t010.jpg?t=1770668309\" data-title=\"si201005090122\" data-description=\"Hannes Arch of Austria celebrates his victory in the Red Bull Air Race Day on May 9, 2010 in Rio de Janeiro, Brazil. Nigel Lamb of Great Britain came 2nd and Paul Bonhomme of Great Britain his 3rd podium. Foto \u00a9 Red Bull\">\n\t\t\t<img title=\"si201005090122\"\n\t\t\t\talt=\"si201005090122\"\n\t\t\t\tdata-image-id=\"5299\"\n\t\t\t\tsrc=\"\"\/>\n\t\t<\/a>\n\t\t\t<a href=\"https:\/\/wp.1dfh.de\/wordpress\/wp-content\/gallery\/rbar-interlaken-2007\/1dfh-rba-il07-000.jpg?t=1773407446\"\n\t\t\ttitle=\"Red Bull Air Race Interlaken 2007\"\n\t\t\t\t\t\t\t\t\t\t\t\t\t\t\t data-image-id=\"5301\" data-src=\"https:\/\/wp.1dfh.de\/wordpress\/wp-content\/gallery\/rbar-interlaken-2007\/1dfh-rba-il07-000.jpg?t=1773407446\" data-thumbnail=\"https:\/\/wp.1dfh.de\/wordpress\/wp-content\/gallery\/rbar-interlaken-2007\/cache\/1dfh-rba-il07-000.jpg-nggid045301-ngg0dyn-100x100x100-00f0w010c011r110f110r010t010.jpg?t=1773407446\" data-title=\"Red Bull Air Race Interlaken 2007\" data-description=\"Red Bull Air Race Interlaken 2007\">\n\t\t\t<img title=\"Red Bull Air Race Interlaken 2007\"\n\t\t\t\talt=\"Red Bull Air Race Interlaken 2007\"\n\t\t\t\tdata-image-id=\"5301\"\n\t\t\t\tsrc=\"\"\/>\n\t\t<\/a>\n\t\t\t<a href=\"https:\/\/wp.1dfh.de\/wordpress\/wp-content\/gallery\/rbar-interlaken-2007\/1dfh-rba-il07-001.jpg?t=1773407445\"\n\t\t\ttitle=\"Red Bull Air Race Interlaken 2007\"\n\t\t\t\t\t\t\t\t\t\t\t\t\t\t\t data-image-id=\"5302\" data-src=\"https:\/\/wp.1dfh.de\/wordpress\/wp-content\/gallery\/rbar-interlaken-2007\/1dfh-rba-il07-001.jpg?t=1773407445\" data-thumbnail=\"https:\/\/wp.1dfh.de\/wordpress\/wp-content\/gallery\/rbar-interlaken-2007\/cache\/1dfh-rba-il07-001.jpg-nggid045302-ngg0dyn-100x100x100-00f0w010c011r110f110r010t010.jpg?t=1773407445\" data-title=\"Red Bull Air Race Interlaken 2007\" data-description=\"Red Bull Air Race Interlaken 2007\">\n\t\t\t<img title=\"Red Bull Air Race Interlaken 2007\"\n\t\t\t\talt=\"Red Bull Air Race Interlaken 2007\"\n\t\t\t\tdata-image-id=\"5302\"\n\t\t\t\tsrc=\"\"\/>\n\t\t<\/a>\n\t\t\t<a href=\"https:\/\/wp.1dfh.de\/wordpress\/wp-content\/gallery\/rbar-interlaken-2007\/1dfh-rba-il07-002.jpg?t=1773417120\"\n\t\t\ttitle=\"Red Bull Air Race Interlaken 2007\"\n\t\t\t\t\t\t\t\t\t\t\t\t\t\t\t data-image-id=\"5303\" data-src=\"https:\/\/wp.1dfh.de\/wordpress\/wp-content\/gallery\/rbar-interlaken-2007\/1dfh-rba-il07-002.jpg?t=1773417120\" data-thumbnail=\"https:\/\/wp.1dfh.de\/wordpress\/wp-content\/gallery\/rbar-interlaken-2007\/cache\/1dfh-rba-il07-002.jpg-nggid045303-ngg0dyn-100x100x100-00f0w010c011r110f110r010t010.jpg?t=1773417120\" data-title=\"Red Bull Air Race Interlaken 2007\" data-description=\"Red Bull Air Race Interlaken 2007\">\n\t\t\t<img title=\"Red Bull Air Race Interlaken 2007\"\n\t\t\t\talt=\"Red Bull Air Race Interlaken 2007\"\n\t\t\t\tdata-image-id=\"5303\"\n\t\t\t\tsrc=\"\"\/>\n\t\t<\/a>\n\t<\/div>\n","protected":false},"excerpt":{"rendered":"<p>Mit einer sensationellen Zeit gewinnt Hannes Arch das Qualifying vor heimischen Publikum und h\u00e4lt damit die Titelhoffnungen am Leben. Die Hoffnungen auf den WM-Titel leben bei Hannes Arch. W\u00e4hrend der WM-F\u00fchrende Nigel Lamb aus Gro\u00dfbritannien im Qualifying als Vierter strauchelte, holte sich der \u00d6sterreicher mit einem ph\u00e4nomenalen Flug die beste Ausgangssituation f\u00fcr morgen. Arch widerstand &hellip; <a href=\"https:\/\/wp.1dfh.de\/wordpress\/oesterreicher-arch-holt-das-qualifying-in-der-heimat\/\" class=\"more-link\"><span class=\"screen-reader-text\">\u00d6sterreicher Arch holt das Qualifying in der Heimat<\/span> weiterlesen <span class=\"meta-nav\">&rarr;<\/span><\/a><\/p>\n","protected":false},"author":2,"featured_media":26673,"comment_status":"open","ping_status":"open","sticky":false,"template":"","format":"standard","meta":{"ngg_post_thumbnail":0,"footnotes":""},"categories":[3,1,11],"tags":[11507,11206,12690,11252,12700,12751,11858,12689,9958,12752],"class_list":["post-26672","post","type-post","status-publish","format-standard","has-post-thumbnail","hentry","category-aktuelles","category-allgemeines","category-videos","tag-hannes-arch","tag-matthias-dolderer","tag-rbar-2014","tag-red-bull-air-race","tag-red-bull-air-race-2014","tag-red-bull-air-race-spielberg","tag-red-bull-air-race-world-championship","tag-red-bull-air-race-world-championship-2014","tag-red-bull-ring","tag-spielberg"],"_links":{"self":[{"href":"https:\/\/wp.1dfh.de\/wordpress\/wp-json\/wp\/v2\/posts\/26672","targetHints":{"allow":["GET"]}}],"collection":[{"href":"https:\/\/wp.1dfh.de\/wordpress\/wp-json\/wp\/v2\/posts"}],"about":[{"href":"https:\/\/wp.1dfh.de\/wordpress\/wp-json\/wp\/v2\/types\/post"}],"author":[{"embeddable":true,"href":"https:\/\/wp.1dfh.de\/wordpress\/wp-json\/wp\/v2\/users\/2"}],"replies":[{"embeddable":true,"href":"https:\/\/wp.1dfh.de\/wordpress\/wp-json\/wp\/v2\/comments?post=26672"}],"version-history":[{"count":0,"href":"https:\/\/wp.1dfh.de\/wordpress\/wp-json\/wp\/v2\/posts\/26672\/revisions"}],"wp:featuredmedia":[{"embeddable":true,"href":"https:\/\/wp.1dfh.de\/wordpress\/wp-json\/wp\/v2\/media\/26673"}],"wp:attachment":[{"href":"https:\/\/wp.1dfh.de\/wordpress\/wp-json\/wp\/v2\/media?parent=26672"}],"wp:term":[{"taxonomy":"category","embeddable":true,"href":"https:\/\/wp.1dfh.de\/wordpress\/wp-json\/wp\/v2\/categories?post=26672"},{"taxonomy":"post_tag","embeddable":true,"href":"https:\/\/wp.1dfh.de\/wordpress\/wp-json\/wp\/v2\/tags?post=26672"}],"curies":[{"name":"wp","href":"https:\/\/api.w.org\/{rel}","templated":true}]}}