{"id":26921,"date":"2015-01-15T11:44:08","date_gmt":"2015-01-15T10:44:08","guid":{"rendered":"http:\/\/wp.1dfh.de\/wordpress\/?p=26921"},"modified":"2015-01-15T11:44:08","modified_gmt":"2015-01-15T10:44:08","slug":"mdr-lebensretter-nva-kampfjet-stuerzt-in-wohnhaus-15-01-2015","status":"publish","type":"post","link":"https:\/\/wp.1dfh.de\/wordpress\/mdr-lebensretter-nva-kampfjet-stuerzt-in-wohnhaus-15-01-2015\/","title":{"rendered":"MDR: Lebensretter  NVA-Kampfjet st\u00fcrzt in Wohnhaus 15.01.2015"},"content":{"rendered":"<figure id=\"attachment_17571\" aria-describedby=\"caption-attachment-17571\" style=\"width: 190px\" class=\"wp-caption alignright\"><a href=\"http:\/\/www.mdr.de\" target=\"_blank\"><img loading=\"lazy\" decoding=\"async\" class=\"size-full wp-image-17571\" src=\"http:\/\/wp.1dfh.de\/wordpress\/wp-content\/uploads\/282291.jpg\" alt=\"MDR Fernsehen\" width=\"190\" height=\"107\" srcset=\"https:\/\/wp.1dfh.de\/wordpress\/wp-content\/uploads\/282291.jpg 190w, https:\/\/wp.1dfh.de\/wordpress\/wp-content\/uploads\/282291-150x84.jpg 150w\" sizes=\"auto, (max-width: 190px) 100vw, 190px\" \/><\/a><figcaption id=\"caption-attachment-17571\" class=\"wp-caption-text\">MDR Fernsehen<\/figcaption><\/figure>\n<p>Do., 15.01. 20:15 Uhr 44:30 min<\/p>\n<p>Im Januar 1975 kam es in Cottbus zu einem der folgenschwersten Unf\u00e4lle in der DDR-Milit\u00e4rfluggeschichte. Eine MIG 21 st\u00fcrzte in einen Wohnblock. In dem Flammenmeer starben der Pilot und f\u00fcnf Bewohner. 16 weitere Menschen wurden verletzt. \u00dcber 300 Feuerwehrm\u00e4nner, Mediziner, NVA-Soldaten und Polizisten waren im Einsatz. Helfer von damals berichten \u00fcber die dramatischen Ereignisse.<\/p>\n<p>Au\u00dferdem:<br \/>\n* Die Geschichte des Schleudersitzes<br \/>\n* Unf\u00e4lle bei Flugschauen<\/p>\n<h2 class=\"ctElement\">Moderation<\/h2>\n<div class=\"ctElement paragraph\">\n<div class=\"linkBox\">\n<ul class=\"teaserLinks\">\n<li class=\"first last\">Sven Voss<\/li>\n<\/ul>\n<\/div>\n<\/div>\n","protected":false},"excerpt":{"rendered":"<p>Do., 15.01. 20:15 Uhr 44:30 min Im Januar 1975 kam es in Cottbus zu einem der folgenschwersten Unf\u00e4lle in der DDR-Milit\u00e4rfluggeschichte. Eine MIG 21 st\u00fcrzte in einen Wohnblock. In dem Flammenmeer starben der Pilot und f\u00fcnf Bewohner. 16 weitere Menschen wurden verletzt. \u00dcber 300 Feuerwehrm\u00e4nner, Mediziner, NVA-Soldaten und Polizisten waren im Einsatz. Helfer von damals &hellip; <a href=\"https:\/\/wp.1dfh.de\/wordpress\/mdr-lebensretter-nva-kampfjet-stuerzt-in-wohnhaus-15-01-2015\/\" class=\"more-link\"><span class=\"screen-reader-text\">MDR: Lebensretter  NVA-Kampfjet st\u00fcrzt in Wohnhaus 15.01.2015<\/span> weiterlesen <span class=\"meta-nav\">&rarr;<\/span><\/a><\/p>\n","protected":false},"author":2,"featured_media":17571,"comment_status":"open","ping_status":"open","sticky":false,"template":"","format":"standard","meta":{"ngg_post_thumbnail":0,"footnotes":""},"categories":[9,10],"tags":[6970],"class_list":["post-26921","post","type-post","status-publish","format-standard","has-post-thumbnail","hentry","category-termine","category-tv-sendungen","tag-mdr"],"_links":{"self":[{"href":"https:\/\/wp.1dfh.de\/wordpress\/wp-json\/wp\/v2\/posts\/26921","targetHints":{"allow":["GET"]}}],"collection":[{"href":"https:\/\/wp.1dfh.de\/wordpress\/wp-json\/wp\/v2\/posts"}],"about":[{"href":"https:\/\/wp.1dfh.de\/wordpress\/wp-json\/wp\/v2\/types\/post"}],"author":[{"embeddable":true,"href":"https:\/\/wp.1dfh.de\/wordpress\/wp-json\/wp\/v2\/users\/2"}],"replies":[{"embeddable":true,"href":"https:\/\/wp.1dfh.de\/wordpress\/wp-json\/wp\/v2\/comments?post=26921"}],"version-history":[{"count":0,"href":"https:\/\/wp.1dfh.de\/wordpress\/wp-json\/wp\/v2\/posts\/26921\/revisions"}],"wp:featuredmedia":[{"embeddable":true,"href":"https:\/\/wp.1dfh.de\/wordpress\/wp-json\/wp\/v2\/media\/17571"}],"wp:attachment":[{"href":"https:\/\/wp.1dfh.de\/wordpress\/wp-json\/wp\/v2\/media?parent=26921"}],"wp:term":[{"taxonomy":"category","embeddable":true,"href":"https:\/\/wp.1dfh.de\/wordpress\/wp-json\/wp\/v2\/categories?post=26921"},{"taxonomy":"post_tag","embeddable":true,"href":"https:\/\/wp.1dfh.de\/wordpress\/wp-json\/wp\/v2\/tags?post=26921"}],"curies":[{"name":"wp","href":"https:\/\/api.w.org\/{rel}","templated":true}]}}