{"id":26959,"date":"2015-06-14T22:00:36","date_gmt":"2015-06-14T20:00:36","guid":{"rendered":"http:\/\/wp.1dfh.de\/wordpress\/?p=26959"},"modified":"2015-06-28T00:28:02","modified_gmt":"2015-06-27T22:28:02","slug":"3-oldtimer-und-luftfahrtfestival-eutingen-gaeu-14-06-2015","status":"publish","type":"post","link":"https:\/\/wp.1dfh.de\/wordpress\/3-oldtimer-und-luftfahrtfestival-eutingen-gaeu-14-06-2015\/","title":{"rendered":"3. Oldtimer- und Luftfahrtfestival Eutingen (G\u00e4u) 14.06.2015"},"content":{"rendered":"<figure id=\"attachment_26960\" aria-describedby=\"caption-attachment-26960\" style=\"width: 300px\" class=\"wp-caption alignright\"><a href=\"http:\/\/www.mobile-legenden.de\/\" target=\"_blank\"><img loading=\"lazy\" decoding=\"async\" class=\"size-medium wp-image-26960\" src=\"http:\/\/wp.1dfh.de\/wordpress\/wp-content\/uploads\/mobile-legenden-2015-300x81.jpg\" alt=\"Mobile Legenden 2015\" width=\"300\" height=\"81\" srcset=\"https:\/\/wp.1dfh.de\/wordpress\/wp-content\/uploads\/mobile-legenden-2015-300x81.jpg 300w, https:\/\/wp.1dfh.de\/wordpress\/wp-content\/uploads\/mobile-legenden-2015.jpg 800w\" sizes=\"auto, (max-width: 300px) 100vw, 300px\" \/><\/a><figcaption id=\"caption-attachment-26960\" class=\"wp-caption-text\">Mobile Legenden 2015<\/figcaption><\/figure>\n<p>MOBILE LEGENDEN 2015<br \/>\n3. Oldtimer- und Luftfahrtfestival am 14. Juni in Eutingen (G\u00e4u)<br \/>\nDie MOBILEN LEGENDEN gehen in die dritte Runde! Nachdem die Veranstaltung \u2013 eine charmante Kombination aus Oldtimer- und Fliegertreffen \u2013 nun schon zweimal in Folge Tausende Besucher aus ganz Baden-W\u00fcrttemberg nach Eutingen im G\u00e4u gelockt hat, erf\u00e4hrt das Oldtimer- und Luftfahrtfestival auch 2015 eine Fortsetzung. Termin ist der 14. Juni.<br \/>\nKamen im ersten Jahr auf Anhieb rund 2000 historische Fahrzeuge zu den MOBILEN LEGENDEN, so waren es bei der zweiten Auflage im vergangenen Sommer bereits 3000 nostalgische Sch\u00f6nheiten und Rarit\u00e4ten, die sich auf dem Flugplatz in Eutingen tummelten \u2013 Pkw, Lkw, Traktoren und Landmaschinen, Busse, Unimog, Motor- und Fahrr\u00e4der und nat\u00fcrlich historische und zeitgen\u00f6ssische Flugzeuge. Genau diese Vielfalt an Oldtimern zu Land und in der Luft verleiht den MOBILEN LEGENDEN ihren ganz besonderen Reiz, denn die Programm-Mixtur hat Seltenheitswert \u2013 sowohl in der Oldtimerszene, als auch im Veranstaltungsangebot Baden-W\u00fcrttembergs.<br \/>\nSelbstverst\u00e4ndlich werden bei den MOBILEN LEGENDEN 2015 auch wieder einige neue Attraktionen auf dem breitgef\u00e4cherten Programm stehen \u2013 die Organisation l\u00e4uft derzeit auf Hochtouren. Lasst euch \u00fcberraschen \u2013 und streicht euch den 14. Juni 2015 schon mal dick im Kalender an!<\/p>\n<p>&nbsp;<\/p>\n<table class=\"farbig breit-80\" summary=\"Die Tabelle listet das Flugprogramm auf\" cellspacing=\"0\">\n<thead>\n<tr>\n<th colspan=\"2\" scope=\"colgroup\">Sonntag, 14. Juni 2015, 10.30 Uhr &#8211; ca. 12.30 Uhr<\/th>\n<\/tr>\n<\/thead>\n<tfoot>\n<tr>\n<td colspan=\"2\">(Stand: Juni 2015, \u00c4nderungen vorbehalten)<\/td>\n<\/tr>\n<\/tfoot>\n<tbody>\n<tr>\n<th class=\"spaltentitel\" scope=\"col\">Flugzeug<\/th>\n<th class=\"spaltentitel\" scope=\"col\">Pilot<\/th>\n<\/tr>\n<tr class=\"alt\">\n<td>Vorbei-\/Anflug B\u00fccker\/Klemm<\/td>\n<td>Fluggemeinschaft Eutingen<\/td>\n<\/tr>\n<tr>\n<td>Ultraleichtflugzeug-Formation<\/td>\n<td>Grass Hoppers<\/td>\n<\/tr>\n<tr class=\"alt\">\n<td>Motorkunstflug Zlivko Edge 540<\/td>\n<td>Matthias Dolderer<\/td>\n<\/tr>\n<tr>\n<td>Segelkunstflug Pilatus B4 PC-11<\/td>\n<td>Bernd Brodbeck<\/td>\n<\/tr>\n<tr class=\"alt\">\n<td>Motorkunstflug Zlin 526<\/td>\n<td>Romeo Adaci<\/td>\n<\/tr>\n<tr>\n<td>Segelkunstflug AV 36<\/td>\n<td>Stefan Zistler<\/td>\n<\/tr>\n<tr class=\"alt\">\n<td>Motorkunstflug Extra 330<\/td>\n<td>Thomas Bader<\/td>\n<\/tr>\n<tr>\n<td>Harvard T6 Jagdflugzeug<\/td>\n<td>Dietmar Eger<\/td>\n<\/tr>\n<tr class=\"alt\">\n<td>Modellflug<\/td>\n<td>MFV Ergenzingen<\/td>\n<\/tr>\n<\/tbody>\n<\/table>\n<table class=\"farbig breit-80\" summary=\"Die Tabelle listet das Flugprogramm auf\" cellspacing=\"0\">\n<colgroup>\n<col width=\"50%\" \/>\n<col width=\"50%\" \/> <\/colgroup>\n<thead>\n<tr>\n<th colspan=\"2\" scope=\"colgroup\">Sonntag, 14. Juni 2015, 13.30 Uhr &#8211; ca. 16.30 Uhr<\/th>\n<\/tr>\n<\/thead>\n<tfoot>\n<tr>\n<td colspan=\"2\">(Stand: Juni 2015, \u00c4nderungen vorbehalten)<\/td>\n<\/tr>\n<\/tfoot>\n<tbody>\n<tr>\n<th class=\"spaltentitel\" scope=\"col\">Flugzeug<\/th>\n<th class=\"spaltentitel\" scope=\"col\">Pilot<\/th>\n<\/tr>\n<tr class=\"alt\">\n<td>Gummiseilstart Segelschulgleiter SG 38<\/td>\n<td>Fluggemeinschaft Eutingen<\/td>\n<\/tr>\n<tr>\n<td>Dornier Do 27 mit Fallschirmspringern<\/td>\n<td><a href=\"http:\/\/wp.1dfh.de\/wordpress\/furstenberg-fallschirm-team\/\">F\u00fcrstenberg Fallschirm-Team<\/a><\/td>\n<\/tr>\n<tr class=\"alt\">\n<td>Motorkunstflug Zlin 526<\/td>\n<td>Romeo Adaci<\/td>\n<\/tr>\n<tr>\n<td>Segelkunstflug Pilatus B4 PC-11<\/td>\n<td>Bernd Brodbeck<\/td>\n<\/tr>\n<tr class=\"alt\">\n<td>Motorkunstflug Extra 330<\/td>\n<td>Thomas Bader<\/td>\n<\/tr>\n<tr>\n<td>Segelkunstflug AV 36<\/td>\n<td>Stefan Zistler<\/td>\n<\/tr>\n<tr class=\"alt\">\n<td>Harvard T6 Jagdflugzeug<\/td>\n<td>Dietmar Eger<\/td>\n<\/tr>\n<tr>\n<td>Schleppstart Segelschulgleiter SG 38<\/td>\n<td>Fluggemeinschaft Eutingen<\/td>\n<\/tr>\n<tr class=\"alt\">\n<td>Dornier Do 27 mit Fallschirmspringern<\/td>\n<td><a href=\"http:\/\/wp.1dfh.de\/wordpress\/furstenberg-fallschirm-team\/\">F\u00fcrstenberg Fallschirm-Team<\/a><\/td>\n<\/tr>\n<tr>\n<td>Modellflug<\/td>\n<td>MFV Ergenzingen<\/td>\n<\/tr>\n<tr class=\"alt\">\n<td>Ultraleichtflugzeug-Formation<\/td>\n<td>Grass Hoppers<\/td>\n<\/tr>\n<tr>\n<td>Vorbei-\/Abflug B\u00fccker\/Klemm<\/td>\n<td>Fluggemeinschaft Eutingen<\/td>\n<\/tr>\n<tr class=\"alt\">\n<td>Mustang P-51D<br \/>\n(in Kombination mit der Harvard T6)<\/td>\n<td><span class=\"text_exposed_show\"> <a class=\"st_tag internal_tag\" title=\"Posts tagged with Wilhelm Heinz\" href=\"http:\/\/wp.1dfh.de\/wordpress\/tag\/wilhelm-heinz\/\" rel=\"tag\">Wilhelm Heinz<\/a><\/span><\/td>\n<\/tr>\n<\/tbody>\n<\/table>\nngg_shortcode_0_placeholder\n<div class=\"ngg-related-gallery\">\n\t\t\t<a href=\"https:\/\/wp.1dfh.de\/wordpress\/wp-content\/gallery\/airgames07\/1dfh-airgames-07-ft_0004.JPG?t=1773605732\"\n\t\t\ttitle=\"SG 38\"\n\t\t\t\t\t\t\t\t\t\t\t\t\t\t\t data-image-id=\"183\" data-src=\"https:\/\/wp.1dfh.de\/wordpress\/wp-content\/gallery\/airgames07\/1dfh-airgames-07-ft_0004.JPG?t=1773605732\" data-thumbnail=\"https:\/\/wp.1dfh.de\/wordpress\/wp-content\/gallery\/airgames07\/cache\/1dfh-airgames-07-ft_0004.JPG-nggid03183-ngg0dyn-100x100x100-00f0w010c011r110f110r010t010.JPG?t=1773605732\" data-title=\"1dfh-airgames-07-ft_0004\" data-description=\"SG 38\">\n\t\t\t<img title=\"1dfh-airgames-07-ft_0004\"\n\t\t\t\talt=\"1dfh-airgames-07-ft_0004\"\n\t\t\t\tdata-image-id=\"183\"\n\t\t\t\tsrc=\"\"\/>\n\t\t<\/a>\n\t\t\t<a href=\"https:\/\/wp.1dfh.de\/wordpress\/wp-content\/gallery\/airgames07\/1dfh-airgames-07-ft_0005.JPG?t=1773605732\"\n\t\t\ttitle=\"SG 38\"\n\t\t\t\t\t\t\t\t\t\t\t\t\t\t\t data-image-id=\"184\" data-src=\"https:\/\/wp.1dfh.de\/wordpress\/wp-content\/gallery\/airgames07\/1dfh-airgames-07-ft_0005.JPG?t=1773605732\" data-thumbnail=\"https:\/\/wp.1dfh.de\/wordpress\/wp-content\/gallery\/airgames07\/cache\/1dfh-airgames-07-ft_0005.JPG-nggid03184-ngg0dyn-100x100x100-00f0w010c011r110f110r010t010.JPG?t=1773605732\" data-title=\"1dfh-airgames-07-ft_0005\" data-description=\"SG 38\">\n\t\t\t<img title=\"1dfh-airgames-07-ft_0005\"\n\t\t\t\talt=\"1dfh-airgames-07-ft_0005\"\n\t\t\t\tdata-image-id=\"184\"\n\t\t\t\tsrc=\"\"\/>\n\t\t<\/a>\n\t\t\t<a href=\"https:\/\/wp.1dfh.de\/wordpress\/wp-content\/gallery\/kehl09\/1dfh-kehl09_0025.JPG?t=1770667318\"\n\t\t\ttitle=\" \"\n\t\t\t\t\t\t\t\t\t\t\t\t\t\t\t data-image-id=\"731\" data-src=\"https:\/\/wp.1dfh.de\/wordpress\/wp-content\/gallery\/kehl09\/1dfh-kehl09_0025.JPG?t=1770667318\" data-thumbnail=\"https:\/\/wp.1dfh.de\/wordpress\/wp-content\/gallery\/kehl09\/cache\/1dfh-kehl09_0025.JPG-nggid03731-ngg0dyn-100x100x100-00f0w010c011r110f110r010t010.JPG?t=1770667318\" data-title=\"1dfh-kehl09_0025\" data-description=\" \">\n\t\t\t<img title=\"1dfh-kehl09_0025\"\n\t\t\t\talt=\"1dfh-kehl09_0025\"\n\t\t\t\tdata-image-id=\"731\"\n\t\t\t\tsrc=\"\"\/>\n\t\t<\/a>\n\t\t\t<a href=\"https:\/\/wp.1dfh.de\/wordpress\/wp-content\/gallery\/flugplatzfest-ubersberg-16-08-2009\/1dfh-flugplatzfest-uebersberg-020.jpg?t=1773630502\"\n\t\t\ttitle=\" \"\n\t\t\t\t\t\t\t\t\t\t\t\t\t\t\t data-image-id=\"2075\" data-src=\"https:\/\/wp.1dfh.de\/wordpress\/wp-content\/gallery\/flugplatzfest-ubersberg-16-08-2009\/1dfh-flugplatzfest-uebersberg-020.jpg?t=1773630502\" data-thumbnail=\"https:\/\/wp.1dfh.de\/wordpress\/wp-content\/gallery\/flugplatzfest-ubersberg-16-08-2009\/cache\/1dfh-flugplatzfest-uebersberg-020.jpg-nggid042075-ngg0dyn-100x100x100-00f0w010c011r110f110r010t010.jpg?t=1773630502\" data-title=\"1dfh-flugplatzfest-uebersberg-020\" data-description=\" \">\n\t\t\t<img title=\"1dfh-flugplatzfest-uebersberg-020\"\n\t\t\t\talt=\"1dfh-flugplatzfest-uebersberg-020\"\n\t\t\t\tdata-image-id=\"2075\"\n\t\t\t\tsrc=\"\"\/>\n\t\t<\/a>\n\t\t\t<a href=\"https:\/\/wp.1dfh.de\/wordpress\/wp-content\/gallery\/flugplatzfest-ubersberg-16-08-2009\/1dfh-flugplatzfest-uebersberg-021.jpg?t=1773630502\"\n\t\t\ttitle=\" \"\n\t\t\t\t\t\t\t\t\t\t\t\t\t\t\t data-image-id=\"2076\" data-src=\"https:\/\/wp.1dfh.de\/wordpress\/wp-content\/gallery\/flugplatzfest-ubersberg-16-08-2009\/1dfh-flugplatzfest-uebersberg-021.jpg?t=1773630502\" data-thumbnail=\"https:\/\/wp.1dfh.de\/wordpress\/wp-content\/gallery\/flugplatzfest-ubersberg-16-08-2009\/cache\/1dfh-flugplatzfest-uebersberg-021.jpg-nggid042076-ngg0dyn-100x100x100-00f0w010c011r110f110r010t010.jpg?t=1773630502\" data-title=\"1dfh-flugplatzfest-uebersberg-021\" data-description=\" \">\n\t\t\t<img title=\"1dfh-flugplatzfest-uebersberg-021\"\n\t\t\t\talt=\"1dfh-flugplatzfest-uebersberg-021\"\n\t\t\t\tdata-image-id=\"2076\"\n\t\t\t\tsrc=\"\"\/>\n\t\t<\/a>\n\t\t\t<a href=\"https:\/\/wp.1dfh.de\/wordpress\/wp-content\/gallery\/flugplatzfest-degerfeld-2009\/1dfh-degerfeld-290809-009.jpg?t=1773573763\"\n\t\t\ttitle=\" \"\n\t\t\t\t\t\t\t\t\t\t\t\t\t\t\t data-image-id=\"2406\" data-src=\"https:\/\/wp.1dfh.de\/wordpress\/wp-content\/gallery\/flugplatzfest-degerfeld-2009\/1dfh-degerfeld-290809-009.jpg?t=1773573763\" data-thumbnail=\"https:\/\/wp.1dfh.de\/wordpress\/wp-content\/gallery\/flugplatzfest-degerfeld-2009\/cache\/1dfh-degerfeld-290809-009.jpg-nggid042406-ngg0dyn-100x100x100-00f0w010c011r110f110r010t010.jpg?t=1773573763\" data-title=\"1dfh-degerfeld-290809-009\" data-description=\" \">\n\t\t\t<img title=\"1dfh-degerfeld-290809-009\"\n\t\t\t\talt=\"1dfh-degerfeld-290809-009\"\n\t\t\t\tdata-image-id=\"2406\"\n\t\t\t\tsrc=\"\"\/>\n\t\t<\/a>\n\t\t\t<a href=\"https:\/\/wp.1dfh.de\/wordpress\/wp-content\/gallery\/flugplatzfest-degerfeld-2009\/1dfh-degerfeld-290809-010.jpg?t=1773573763\"\n\t\t\ttitle=\" \"\n\t\t\t\t\t\t\t\t\t\t\t\t\t\t\t data-image-id=\"2407\" data-src=\"https:\/\/wp.1dfh.de\/wordpress\/wp-content\/gallery\/flugplatzfest-degerfeld-2009\/1dfh-degerfeld-290809-010.jpg?t=1773573763\" data-thumbnail=\"https:\/\/wp.1dfh.de\/wordpress\/wp-content\/gallery\/flugplatzfest-degerfeld-2009\/cache\/1dfh-degerfeld-290809-010.jpg-nggid042407-ngg0dyn-100x100x100-00f0w010c011r110f110r010t010.jpg?t=1773573763\" data-title=\"1dfh-degerfeld-290809-010\" data-description=\" \">\n\t\t\t<img title=\"1dfh-degerfeld-290809-010\"\n\t\t\t\talt=\"1dfh-degerfeld-290809-010\"\n\t\t\t\tdata-image-id=\"2407\"\n\t\t\t\tsrc=\"\"\/>\n\t\t<\/a>\n\t<\/div>\n","protected":false},"excerpt":{"rendered":"<p>MOBILE LEGENDEN 2015 3. Oldtimer- und Luftfahrtfestival am 14. Juni in Eutingen (G\u00e4u) Die MOBILEN LEGENDEN gehen in die dritte Runde! Nachdem die Veranstaltung \u2013 eine charmante Kombination aus Oldtimer- und Fliegertreffen \u2013 nun schon zweimal in Folge Tausende Besucher aus ganz Baden-W\u00fcrttemberg nach Eutingen im G\u00e4u gelockt hat, erf\u00e4hrt das Oldtimer- und Luftfahrtfestival auch &hellip; <a href=\"https:\/\/wp.1dfh.de\/wordpress\/3-oldtimer-und-luftfahrtfestival-eutingen-gaeu-14-06-2015\/\" class=\"more-link\"><span class=\"screen-reader-text\">3. Oldtimer- und Luftfahrtfestival Eutingen (G\u00e4u) 14.06.2015<\/span> weiterlesen <span class=\"meta-nav\">&rarr;<\/span><\/a><\/p>\n","protected":false},"author":2,"featured_media":0,"comment_status":"open","ping_status":"open","sticky":false,"template":"","format":"standard","meta":{"ngg_post_thumbnail":0,"footnotes":""},"categories":[15,18,6,9],"tags":[10390,680,12675,12125,11132,12634,11429,11328,12635,12636,11154,968,12640,11206,12674,12641,10807,12677,8929,11312,8928,9881,12604,11294],"class_list":["post-26959","post","type-post","status-publish","format-standard","hentry","category-ausstellungen","category-flugveranstaltungen","category-fotos","category-termine","tag-3-oldtimer-und-luftfahrtfestival","tag-av-36","tag-bernd-brodbeck","tag-dietmar-eger","tag-edge-540","tag-eutingen","tag-extra-330sc","tag-fallschirmspringer","tag-flugsportgruppe-hanns-klemm-boblingen-e-v","tag-flugsportverein-rottenburg-horb-e-v","tag-flugtag","tag-furstenberg-fallschirm-team","tag-louisiana-kid","tag-matthias-dolderer","tag-mobile-legenden","tag-mustang-p-51-d","tag-mustang-p-51d","tag-pilatus-b-4","tag-romeo-adaci","tag-sg-38","tag-stefan-zistler","tag-thomas-bader","tag-wilhelm-heinz","tag-zlin-526"],"_links":{"self":[{"href":"https:\/\/wp.1dfh.de\/wordpress\/wp-json\/wp\/v2\/posts\/26959","targetHints":{"allow":["GET"]}}],"collection":[{"href":"https:\/\/wp.1dfh.de\/wordpress\/wp-json\/wp\/v2\/posts"}],"about":[{"href":"https:\/\/wp.1dfh.de\/wordpress\/wp-json\/wp\/v2\/types\/post"}],"author":[{"embeddable":true,"href":"https:\/\/wp.1dfh.de\/wordpress\/wp-json\/wp\/v2\/users\/2"}],"replies":[{"embeddable":true,"href":"https:\/\/wp.1dfh.de\/wordpress\/wp-json\/wp\/v2\/comments?post=26959"}],"version-history":[{"count":0,"href":"https:\/\/wp.1dfh.de\/wordpress\/wp-json\/wp\/v2\/posts\/26959\/revisions"}],"wp:attachment":[{"href":"https:\/\/wp.1dfh.de\/wordpress\/wp-json\/wp\/v2\/media?parent=26959"}],"wp:term":[{"taxonomy":"category","embeddable":true,"href":"https:\/\/wp.1dfh.de\/wordpress\/wp-json\/wp\/v2\/categories?post=26959"},{"taxonomy":"post_tag","embeddable":true,"href":"https:\/\/wp.1dfh.de\/wordpress\/wp-json\/wp\/v2\/tags?post=26959"}],"curies":[{"name":"wp","href":"https:\/\/api.w.org\/{rel}","templated":true}]}}