{"id":27075,"date":"2015-01-28T20:23:48","date_gmt":"2015-01-28T19:23:48","guid":{"rendered":"http:\/\/wp.1dfh.de\/wordpress\/?p=27075"},"modified":"2015-08-09T21:33:35","modified_gmt":"2015-08-09T19:33:35","slug":"65-jahre-modellfluggruppe-schaffhausen-05-09-06-09-2015","status":"publish","type":"post","link":"https:\/\/wp.1dfh.de\/wordpress\/65-jahre-modellfluggruppe-schaffhausen-05-09-06-09-2015\/","title":{"rendered":"65 Jahre Modellfluggruppe Schaffhausen 05.09. &#8211; 06.09.2015"},"content":{"rendered":"<h4>Faszination Modellflug \u2013 Wo Gross und Klein sich treffen&#8230; 5. und 6. September 2015 \u2013 Flugplatz Schmerlat\u201c<\/h4>\n<figure id=\"attachment_27076\" aria-describedby=\"caption-attachment-27076\" style=\"width: 511px\" class=\"wp-caption alignnone\"><a href=\"http:\/\/www.mg-schaffhausen.ch\" target=\"_blank\"><img loading=\"lazy\" decoding=\"async\" class=\"wp-image-27076\" src=\"http:\/\/wp.1dfh.de\/wordpress\/wp-content\/uploads\/mgs-jubilaeum-300x105.jpg\" alt=\"65 Jahre Modellfluggruppe Schaffhausen\" width=\"511\" height=\"179\" srcset=\"https:\/\/wp.1dfh.de\/wordpress\/wp-content\/uploads\/mgs-jubilaeum-300x105.jpg 300w, https:\/\/wp.1dfh.de\/wordpress\/wp-content\/uploads\/mgs-jubilaeum.jpg 907w\" sizes=\"auto, (max-width: 511px) 100vw, 511px\" \/><\/a><figcaption id=\"caption-attachment-27076\" class=\"wp-caption-text\">65 Jahre Modellfluggruppe Schaffhausen<\/figcaption><\/figure>\n<p>Bekannte Top-Piloten aus dem In- und Ausland werden ihr K\u00f6nnen auf dem Flugplatz Schmerlat eindr\u00fccklich demonstrieren. Jets, angetrieben von richtigen D\u00fcsentriebwerken, Segelflugmodelle mit bis zu 11 Metern Spannweite, Helikopter, teilweise auch Turbinen betrieben und eindr\u00fccklicher Kunstflug sowie spannende Modelle mit den neusten Elektroantriebstechniken und Verbrenner- Motoren, Modelle welche den \u201cechten\u201c Fliegern in nichts nachstehen, garantieren hohe Besucherzahlen.<\/p>\n<p>Wo Gross und Klein sich treffen&#8230;<br \/>\nDer absolute H\u00f6hepunkt wird am Samstag die Flugvorf\u00fchrung der Schweizer Luftwaffe mit dem PC-7 Team und dem F\/A-18 Hornet Solo Display sein. Diese Kombination der beiden starken Teams gab es bis jetzt noch nie \u00fcber Schaffhausen<\/p>\n<p>Ein grosser Festwirtschaftsbetrieb versorgt Zuschauer und Piloten mit Speis und Trank.<\/p>\n<div class=\"ngg-related-gallery\">\n\t\t\t<a href=\"https:\/\/wp.1dfh.de\/wordpress\/wp-content\/gallery\/modellflugtag-modellflugclub-untermunkheim-e-v-30-06-2013\/modellflugtag-mfc-untermuenkheim30062013.jpg?t=1775664101\"\n\t\t\ttitle=\"40 Jahre MFC-Unterm\u00fcnkheim\"\n\t\t\t\t\t\t\t\t\t\t\t\t\t\t\t data-image-id=\"28191\" data-src=\"https:\/\/wp.1dfh.de\/wordpress\/wp-content\/gallery\/modellflugtag-modellflugclub-untermunkheim-e-v-30-06-2013\/modellflugtag-mfc-untermuenkheim30062013.jpg?t=1775664101\" data-thumbnail=\"https:\/\/wp.1dfh.de\/wordpress\/wp-content\/gallery\/modellflugtag-modellflugclub-untermunkheim-e-v-30-06-2013\/cache\/modellflugtag-mfc-untermuenkheim30062013.jpg-nggid0528191-ngg0dyn-100x100x100-00f0w010c011r110f110r010t010.jpg?t=1775664101\" data-title=\"40 Jahre MFC-Unterm\u00fcnkheim\" data-description=\"40 Jahre MFC-Unterm\u00fcnkheim\">\n\t\t\t<img title=\"40 Jahre MFC-Unterm\u00fcnkheim\"\n\t\t\t\talt=\"40 Jahre MFC-Unterm\u00fcnkheim\"\n\t\t\t\tdata-image-id=\"28191\"\n\t\t\t\tsrc=\"\"\/>\n\t\t<\/a>\n\t\t\t<a href=\"https:\/\/wp.1dfh.de\/wordpress\/wp-content\/gallery\/flugplatzfest-mit-oldtimertreffen-fliegergruppe-huelben-e-v-27-07-2014\/1-gute-huelben.jpg?t=1773792456\"\n\t\t\ttitle=\"Flugplatzfest Fliegergruppe H\u00fclben e.V. 2014\"\n\t\t\t\t\t\t\t\t\t\t\t\t\t\t\t data-image-id=\"40970\" data-src=\"https:\/\/wp.1dfh.de\/wordpress\/wp-content\/gallery\/flugplatzfest-mit-oldtimertreffen-fliegergruppe-huelben-e-v-27-07-2014\/1-gute-huelben.jpg?t=1773792456\" data-thumbnail=\"https:\/\/wp.1dfh.de\/wordpress\/wp-content\/gallery\/flugplatzfest-mit-oldtimertreffen-fliegergruppe-huelben-e-v-27-07-2014\/cache\/1-gute-huelben.jpg-nggid0540970-ngg0dyn-100x100x100-00f0w010c011r110f110r010t010.jpg?t=1773792456\" data-title=\"Flugplatzfest Fliegergruppe H\u00fclben e.V. 2014\" data-description=\"Flugplatzfest Fliegergruppe H\u00fclben e.V. 2014\">\n\t\t\t<img title=\"Flugplatzfest Fliegergruppe H\u00fclben e.V. 2014\"\n\t\t\t\talt=\"Flugplatzfest Fliegergruppe H\u00fclben e.V. 2014\"\n\t\t\t\tdata-image-id=\"40970\"\n\t\t\t\tsrc=\"\"\/>\n\t\t<\/a>\n\t\t\t<a href=\"https:\/\/wp.1dfh.de\/wordpress\/wp-content\/gallery\/boeblinger-modellflugtage-28-09-2014\/01-1dfh-28092014-000.jpg?t=1770668488\"\n\t\t\ttitle=\"B\u00f6blinger Modellflugtage 28.09.2014\"\n\t\t\t\t\t\t\t\t\t\t\t\t\t\t\t data-image-id=\"43092\" data-src=\"https:\/\/wp.1dfh.de\/wordpress\/wp-content\/gallery\/boeblinger-modellflugtage-28-09-2014\/01-1dfh-28092014-000.jpg?t=1770668488\" data-thumbnail=\"https:\/\/wp.1dfh.de\/wordpress\/wp-content\/gallery\/boeblinger-modellflugtage-28-09-2014\/cache\/01-1dfh-28092014-000.jpg-nggid0543092-ngg0dyn-100x100x100-00f0w010c011r110f110r010t010.jpg?t=1770668488\" data-title=\"B\u00f6blinger Modellflugtage 28.09.2014\" data-description=\"B\u00f6blinger Modellflugtage 28.09.2014\">\n\t\t\t<img title=\"B\u00f6blinger Modellflugtage 28.09.2014\"\n\t\t\t\talt=\"B\u00f6blinger Modellflugtage 28.09.2014\"\n\t\t\t\tdata-image-id=\"43092\"\n\t\t\t\tsrc=\"\"\/>\n\t\t<\/a>\n\t\t\t<a href=\"https:\/\/wp.1dfh.de\/wordpress\/wp-content\/gallery\/boeblinger-modellflugtage-28-09-2014\/02-1dfh-28092014-001.jpg?t=1770668488\"\n\t\t\ttitle=\"B\u00f6blinger Modellflugtage 28.09.2014\"\n\t\t\t\t\t\t\t\t\t\t\t\t\t\t\t data-image-id=\"43093\" data-src=\"https:\/\/wp.1dfh.de\/wordpress\/wp-content\/gallery\/boeblinger-modellflugtage-28-09-2014\/02-1dfh-28092014-001.jpg?t=1770668488\" data-thumbnail=\"https:\/\/wp.1dfh.de\/wordpress\/wp-content\/gallery\/boeblinger-modellflugtage-28-09-2014\/cache\/02-1dfh-28092014-001.jpg-nggid0543093-ngg0dyn-100x100x100-00f0w010c011r110f110r010t010.jpg?t=1770668488\" data-title=\"B\u00f6blinger Modellflugtage 28.09.2014\" data-description=\"B\u00f6blinger Modellflugtage 28.09.2014\">\n\t\t\t<img title=\"B\u00f6blinger Modellflugtage 28.09.2014\"\n\t\t\t\talt=\"B\u00f6blinger Modellflugtage 28.09.2014\"\n\t\t\t\tdata-image-id=\"43093\"\n\t\t\t\tsrc=\"\"\/>\n\t\t<\/a>\n\t\t\t<a href=\"https:\/\/wp.1dfh.de\/wordpress\/wp-content\/gallery\/boeblinger-modellflugtage-28-09-2014\/03-1dfh-28092014-002.jpg?t=1770668488\"\n\t\t\ttitle=\"B\u00f6blinger Modellflugtage 28.09.2014\"\n\t\t\t\t\t\t\t\t\t\t\t\t\t\t\t data-image-id=\"43094\" data-src=\"https:\/\/wp.1dfh.de\/wordpress\/wp-content\/gallery\/boeblinger-modellflugtage-28-09-2014\/03-1dfh-28092014-002.jpg?t=1770668488\" data-thumbnail=\"https:\/\/wp.1dfh.de\/wordpress\/wp-content\/gallery\/boeblinger-modellflugtage-28-09-2014\/cache\/03-1dfh-28092014-002.jpg-nggid0543094-ngg0dyn-100x100x100-00f0w010c011r110f110r010t010.jpg?t=1770668488\" data-title=\"B\u00f6blinger Modellflugtage 28.09.2014\" data-description=\"B\u00f6blinger Modellflugtage 28.09.2014\">\n\t\t\t<img title=\"B\u00f6blinger Modellflugtage 28.09.2014\"\n\t\t\t\talt=\"B\u00f6blinger Modellflugtage 28.09.2014\"\n\t\t\t\tdata-image-id=\"43094\"\n\t\t\t\tsrc=\"\"\/>\n\t\t<\/a>\n\t\t\t<a href=\"https:\/\/wp.1dfh.de\/wordpress\/wp-content\/gallery\/boeblinger-modellflugtage-28-09-2014\/04-1dfh-28092014-003.jpg?t=1770668488\"\n\t\t\ttitle=\"B\u00f6blinger Modellflugtage 28.09.2014\"\n\t\t\t\t\t\t\t\t\t\t\t\t\t\t\t data-image-id=\"43095\" data-src=\"https:\/\/wp.1dfh.de\/wordpress\/wp-content\/gallery\/boeblinger-modellflugtage-28-09-2014\/04-1dfh-28092014-003.jpg?t=1770668488\" data-thumbnail=\"https:\/\/wp.1dfh.de\/wordpress\/wp-content\/gallery\/boeblinger-modellflugtage-28-09-2014\/cache\/04-1dfh-28092014-003.jpg-nggid0543095-ngg0dyn-100x100x100-00f0w010c011r110f110r010t010.jpg?t=1770668488\" data-title=\"B\u00f6blinger Modellflugtage 28.09.2014\" data-description=\"B\u00f6blinger Modellflugtage 28.09.2014\">\n\t\t\t<img title=\"B\u00f6blinger Modellflugtage 28.09.2014\"\n\t\t\t\talt=\"B\u00f6blinger Modellflugtage 28.09.2014\"\n\t\t\t\tdata-image-id=\"43095\"\n\t\t\t\tsrc=\"\"\/>\n\t\t<\/a>\n\t\t\t<a href=\"https:\/\/wp.1dfh.de\/wordpress\/wp-content\/gallery\/boeblinger-modellflugtage-28-09-2014\/05-1dfh-28092014-004.jpg?t=1770668488\"\n\t\t\ttitle=\"B\u00f6blinger Modellflugtage 28.09.2014\"\n\t\t\t\t\t\t\t\t\t\t\t\t\t\t\t data-image-id=\"43096\" data-src=\"https:\/\/wp.1dfh.de\/wordpress\/wp-content\/gallery\/boeblinger-modellflugtage-28-09-2014\/05-1dfh-28092014-004.jpg?t=1770668488\" data-thumbnail=\"https:\/\/wp.1dfh.de\/wordpress\/wp-content\/gallery\/boeblinger-modellflugtage-28-09-2014\/cache\/05-1dfh-28092014-004.jpg-nggid0543096-ngg0dyn-100x100x100-00f0w010c011r110f110r010t010.jpg?t=1770668488\" data-title=\"B\u00f6blinger Modellflugtage 28.09.2014\" data-description=\"B\u00f6blinger Modellflugtage 28.09.2014\">\n\t\t\t<img title=\"B\u00f6blinger Modellflugtage 28.09.2014\"\n\t\t\t\talt=\"B\u00f6blinger Modellflugtage 28.09.2014\"\n\t\t\t\tdata-image-id=\"43096\"\n\t\t\t\tsrc=\"\"\/>\n\t\t<\/a>\n\t<\/div>\n","protected":false},"excerpt":{"rendered":"<p>Faszination Modellflug \u2013 Wo Gross und Klein sich treffen&#8230; 5. und 6. September 2015 \u2013 Flugplatz Schmerlat\u201c Bekannte Top-Piloten aus dem In- und Ausland werden ihr K\u00f6nnen auf dem Flugplatz Schmerlat eindr\u00fccklich demonstrieren. Jets, angetrieben von richtigen D\u00fcsentriebwerken, Segelflugmodelle mit bis zu 11 Metern Spannweite, Helikopter, teilweise auch Turbinen betrieben und eindr\u00fccklicher Kunstflug sowie spannende &hellip; <a href=\"https:\/\/wp.1dfh.de\/wordpress\/65-jahre-modellfluggruppe-schaffhausen-05-09-06-09-2015\/\" class=\"more-link\"><span class=\"screen-reader-text\">65 Jahre Modellfluggruppe Schaffhausen 05.09. &#8211; 06.09.2015<\/span> weiterlesen <span class=\"meta-nav\">&rarr;<\/span><\/a><\/p>\n","protected":false},"author":2,"featured_media":27076,"comment_status":"open","ping_status":"open","sticky":false,"template":"","format":"standard","meta":{"ngg_post_thumbnail":0,"footnotes":""},"categories":[18,9],"tags":[11833,10407,10406,11224,4629],"class_list":["post-27075","post","type-post","status-publish","format-standard","has-post-thumbnail","hentry","category-flugveranstaltungen","category-termine","tag-fa-18-hornet-solo-display","tag-flugplatz-schmerlat","tag-modellfluggruppe-schaffhausen","tag-modellflugtag","tag-pc-7-team"],"_links":{"self":[{"href":"https:\/\/wp.1dfh.de\/wordpress\/wp-json\/wp\/v2\/posts\/27075","targetHints":{"allow":["GET"]}}],"collection":[{"href":"https:\/\/wp.1dfh.de\/wordpress\/wp-json\/wp\/v2\/posts"}],"about":[{"href":"https:\/\/wp.1dfh.de\/wordpress\/wp-json\/wp\/v2\/types\/post"}],"author":[{"embeddable":true,"href":"https:\/\/wp.1dfh.de\/wordpress\/wp-json\/wp\/v2\/users\/2"}],"replies":[{"embeddable":true,"href":"https:\/\/wp.1dfh.de\/wordpress\/wp-json\/wp\/v2\/comments?post=27075"}],"version-history":[{"count":0,"href":"https:\/\/wp.1dfh.de\/wordpress\/wp-json\/wp\/v2\/posts\/27075\/revisions"}],"wp:featuredmedia":[{"embeddable":true,"href":"https:\/\/wp.1dfh.de\/wordpress\/wp-json\/wp\/v2\/media\/27076"}],"wp:attachment":[{"href":"https:\/\/wp.1dfh.de\/wordpress\/wp-json\/wp\/v2\/media?parent=27075"}],"wp:term":[{"taxonomy":"category","embeddable":true,"href":"https:\/\/wp.1dfh.de\/wordpress\/wp-json\/wp\/v2\/categories?post=27075"},{"taxonomy":"post_tag","embeddable":true,"href":"https:\/\/wp.1dfh.de\/wordpress\/wp-json\/wp\/v2\/tags?post=27075"}],"curies":[{"name":"wp","href":"https:\/\/api.w.org\/{rel}","templated":true}]}}