{"id":28437,"date":"2015-09-26T20:40:15","date_gmt":"2015-09-26T18:40:15","guid":{"rendered":"http:\/\/wp.1dfh.de\/wordpress\/?p=28437"},"modified":"2015-09-26T20:42:17","modified_gmt":"2015-09-26T18:42:17","slug":"drachenfest-fliegergruppe-grabenstetten-teck-lenninger-tal-e-v-26-09-27-09-2015","status":"publish","type":"post","link":"https:\/\/wp.1dfh.de\/wordpress\/drachenfest-fliegergruppe-grabenstetten-teck-lenninger-tal-e-v-26-09-27-09-2015\/","title":{"rendered":"Drachenfest Fliegergruppe Grabenstetten-Teck-Lenninger Tal e.V.  26.09. &#8211; 27.09.2015"},"content":{"rendered":"<figure id=\"attachment_28438\" aria-describedby=\"caption-attachment-28438\" style=\"width: 466px\" class=\"wp-caption alignright\"><a href=\"http:\/\/www.grabenstetten.info\/\" target=\"_blank\"><img loading=\"lazy\" decoding=\"async\" class=\"wp-image-28438 size-full\" src=\"http:\/\/wp.1dfh.de\/wordpress\/wp-content\/uploads\/Drachenfest-Grabenstetten-2015.jpg\" alt=\"Drachenfest Grabenstetten 2015\" width=\"466\" height=\"640\" srcset=\"https:\/\/wp.1dfh.de\/wordpress\/wp-content\/uploads\/Drachenfest-Grabenstetten-2015.jpg 466w, https:\/\/wp.1dfh.de\/wordpress\/wp-content\/uploads\/Drachenfest-Grabenstetten-2015-218x300.jpg 218w\" sizes=\"auto, (max-width: 466px) 100vw, 466px\" \/><\/a><figcaption id=\"caption-attachment-28438\" class=\"wp-caption-text\">Drachenfest Grabenstetten 2015<\/figcaption><\/figure>\n<p>Die Fliegergruppe Grabenstetten l\u00e4dt ganz herzlich zum Drachenfest am 26. und 27. September auf dem Flugplatz Grabenstetten ein.<\/p>\n<p>Am Samstag ab 13 Uhr, sowie am Sonntag ab 10 Uhr gibt es spektakul\u00e4re Drachen am Himmel zu bewundern. Gerne k\u00f6nnen eigene Drachen mitgebracht und im markierten Bereich steigen gelassen werden.<\/p>\n<p>Um das bunte Geschehen nicht mit leerem Magen genie\u00dfen zu m\u00fcssen, k\u00f6nnen vor Ort leckere Speisen und Getr\u00e4nke erworben werden. Neben Kinderschminken, H\u00fcpfburg und Bonbonf\u00e4hre wird es auch einen Flugsimulator geben, an welchem jeder einmal Testen kann wie es ist, Pilot eines Segelflugzeugs zu sein.<\/p>\nngg_shortcode_0_placeholder\n<div class=\"ngg-related-gallery\">\n\t\t\t<a href=\"https:\/\/wp.1dfh.de\/wordpress\/wp-content\/gallery\/drachenfest-fliegergruppe-grabenstetten-teck-lenninger-tal-e-v-17-04-18-04-2010\/1dfh-4df-gra2010-134.jpg\"\n\t\t\ttitle=\" \"\n\t\t\t\t\t\t\t\t\t\t\t\t\t\t\t data-image-id=\"5029\" data-src=\"https:\/\/wp.1dfh.de\/wordpress\/wp-content\/gallery\/drachenfest-fliegergruppe-grabenstetten-teck-lenninger-tal-e-v-17-04-18-04-2010\/1dfh-4df-gra2010-134.jpg\" data-thumbnail=\"https:\/\/wp.1dfh.de\/wordpress\/nextgen-image\/5029\/100x100x100\/crop\/4d7401b70b65d5c3c2e5e231764e06bb\" data-title=\"1dfh-4df-gra2010-134\" data-description=\" \">\n\t\t\t<img title=\"1dfh-4df-gra2010-134\"\n\t\t\t\talt=\"1dfh-4df-gra2010-134\"\n\t\t\t\tdata-image-id=\"5029\"\n\t\t\t\tsrc=\"\"\/>\n\t\t<\/a>\n\t\t\t<a href=\"https:\/\/wp.1dfh.de\/wordpress\/wp-content\/gallery\/drachenfest-fliegergruppe-grabenstetten-teck-lenninger-tal-e-v-17-04-18-04-2010\/1dfh-4df-gra2010-135.jpg\"\n\t\t\ttitle=\" \"\n\t\t\t\t\t\t\t\t\t\t\t\t\t\t\t data-image-id=\"5030\" data-src=\"https:\/\/wp.1dfh.de\/wordpress\/wp-content\/gallery\/drachenfest-fliegergruppe-grabenstetten-teck-lenninger-tal-e-v-17-04-18-04-2010\/1dfh-4df-gra2010-135.jpg\" data-thumbnail=\"https:\/\/wp.1dfh.de\/wordpress\/nextgen-image\/5030\/100x100x100\/crop\/300b154d26b78ea98c4b47ddf7d4ee58\" data-title=\"1dfh-4df-gra2010-135\" data-description=\" \">\n\t\t\t<img title=\"1dfh-4df-gra2010-135\"\n\t\t\t\talt=\"1dfh-4df-gra2010-135\"\n\t\t\t\tdata-image-id=\"5030\"\n\t\t\t\tsrc=\"\"\/>\n\t\t<\/a>\n\t\t\t<a href=\"https:\/\/wp.1dfh.de\/wordpress\/wp-content\/gallery\/drachenfest-fliegergruppe-grabenstetten-teck-lenninger-tal-e-v-17-04-18-04-2010\/1dfh-4df-gra2010-000.jpg?t=1773420597\"\n\t\t\ttitle=\" \"\n\t\t\t\t\t\t\t\t\t\t\t\t\t\t\t data-image-id=\"4895\" data-src=\"https:\/\/wp.1dfh.de\/wordpress\/wp-content\/gallery\/drachenfest-fliegergruppe-grabenstetten-teck-lenninger-tal-e-v-17-04-18-04-2010\/1dfh-4df-gra2010-000.jpg?t=1773420597\" data-thumbnail=\"https:\/\/wp.1dfh.de\/wordpress\/wp-content\/gallery\/drachenfest-fliegergruppe-grabenstetten-teck-lenninger-tal-e-v-17-04-18-04-2010\/cache\/1dfh-4df-gra2010-000.jpg-nggid044895-ngg0dyn-100x100x100-00f0w010c011r110f110r010t010.jpg?t=1773420597\" data-title=\"1dfh-4df-gra2010-000\" data-description=\" \">\n\t\t\t<img title=\"1dfh-4df-gra2010-000\"\n\t\t\t\talt=\"1dfh-4df-gra2010-000\"\n\t\t\t\tdata-image-id=\"4895\"\n\t\t\t\tsrc=\"\"\/>\n\t\t<\/a>\n\t\t\t<a href=\"https:\/\/wp.1dfh.de\/wordpress\/wp-content\/gallery\/drachenfest-fliegergruppe-grabenstetten-teck-lenninger-tal-e-v-17-04-18-04-2010\/1dfh-4df-gra2010-001.jpg?t=1773380126\"\n\t\t\ttitle=\" \"\n\t\t\t\t\t\t\t\t\t\t\t\t\t\t\t data-image-id=\"4896\" data-src=\"https:\/\/wp.1dfh.de\/wordpress\/wp-content\/gallery\/drachenfest-fliegergruppe-grabenstetten-teck-lenninger-tal-e-v-17-04-18-04-2010\/1dfh-4df-gra2010-001.jpg?t=1773380126\" data-thumbnail=\"https:\/\/wp.1dfh.de\/wordpress\/wp-content\/gallery\/drachenfest-fliegergruppe-grabenstetten-teck-lenninger-tal-e-v-17-04-18-04-2010\/cache\/1dfh-4df-gra2010-001.jpg-nggid044896-ngg0dyn-100x100x100-00f0w010c011r110f110r010t010.jpg?t=1773380126\" data-title=\"1dfh-4df-gra2010-001\" data-description=\" \">\n\t\t\t<img title=\"1dfh-4df-gra2010-001\"\n\t\t\t\talt=\"1dfh-4df-gra2010-001\"\n\t\t\t\tdata-image-id=\"4896\"\n\t\t\t\tsrc=\"\"\/>\n\t\t<\/a>\n\t\t\t<a href=\"https:\/\/wp.1dfh.de\/wordpress\/wp-content\/gallery\/drachenfest-fliegergruppe-grabenstetten-teck-lenninger-tal-e-v-17-04-18-04-2010\/1dfh-4df-gra2010-002.jpg?t=1773380126\"\n\t\t\ttitle=\" \"\n\t\t\t\t\t\t\t\t\t\t\t\t\t\t\t data-image-id=\"4897\" data-src=\"https:\/\/wp.1dfh.de\/wordpress\/wp-content\/gallery\/drachenfest-fliegergruppe-grabenstetten-teck-lenninger-tal-e-v-17-04-18-04-2010\/1dfh-4df-gra2010-002.jpg?t=1773380126\" data-thumbnail=\"https:\/\/wp.1dfh.de\/wordpress\/wp-content\/gallery\/drachenfest-fliegergruppe-grabenstetten-teck-lenninger-tal-e-v-17-04-18-04-2010\/cache\/1dfh-4df-gra2010-002.jpg-nggid044897-ngg0dyn-100x100x100-00f0w010c011r110f110r010t010.jpg?t=1773380126\" data-title=\"1dfh-4df-gra2010-002\" data-description=\" \">\n\t\t\t<img title=\"1dfh-4df-gra2010-002\"\n\t\t\t\talt=\"1dfh-4df-gra2010-002\"\n\t\t\t\tdata-image-id=\"4897\"\n\t\t\t\tsrc=\"\"\/>\n\t\t<\/a>\n\t\t\t<a href=\"https:\/\/wp.1dfh.de\/wordpress\/wp-content\/gallery\/drachenfest-fliegergruppe-grabenstetten-teck-lenninger-tal-e-v-17-04-18-04-2010\/1dfh-4df-gra2010-003.jpg?t=1773380126\"\n\t\t\ttitle=\" \"\n\t\t\t\t\t\t\t\t\t\t\t\t\t\t\t data-image-id=\"4898\" data-src=\"https:\/\/wp.1dfh.de\/wordpress\/wp-content\/gallery\/drachenfest-fliegergruppe-grabenstetten-teck-lenninger-tal-e-v-17-04-18-04-2010\/1dfh-4df-gra2010-003.jpg?t=1773380126\" data-thumbnail=\"https:\/\/wp.1dfh.de\/wordpress\/wp-content\/gallery\/drachenfest-fliegergruppe-grabenstetten-teck-lenninger-tal-e-v-17-04-18-04-2010\/cache\/1dfh-4df-gra2010-003.jpg-nggid044898-ngg0dyn-100x100x100-00f0w010c011r110f110r010t010.jpg?t=1773380126\" data-title=\"1dfh-4df-gra2010-003\" data-description=\" \">\n\t\t\t<img title=\"1dfh-4df-gra2010-003\"\n\t\t\t\talt=\"1dfh-4df-gra2010-003\"\n\t\t\t\tdata-image-id=\"4898\"\n\t\t\t\tsrc=\"\"\/>\n\t\t<\/a>\n\t\t\t<a href=\"https:\/\/wp.1dfh.de\/wordpress\/wp-content\/gallery\/drachenfest-fliegergruppe-grabenstetten-teck-lenninger-tal-e-v-17-04-18-04-2010\/1dfh-4df-gra2010-004.jpg?t=1773380126\"\n\t\t\ttitle=\" \"\n\t\t\t\t\t\t\t\t\t\t\t\t\t\t\t data-image-id=\"4899\" data-src=\"https:\/\/wp.1dfh.de\/wordpress\/wp-content\/gallery\/drachenfest-fliegergruppe-grabenstetten-teck-lenninger-tal-e-v-17-04-18-04-2010\/1dfh-4df-gra2010-004.jpg?t=1773380126\" data-thumbnail=\"https:\/\/wp.1dfh.de\/wordpress\/wp-content\/gallery\/drachenfest-fliegergruppe-grabenstetten-teck-lenninger-tal-e-v-17-04-18-04-2010\/cache\/1dfh-4df-gra2010-004.jpg-nggid044899-ngg0dyn-100x100x100-00f0w010c011r110f110r010t010.jpg?t=1773380126\" data-title=\"1dfh-4df-gra2010-004\" data-description=\" \">\n\t\t\t<img title=\"1dfh-4df-gra2010-004\"\n\t\t\t\talt=\"1dfh-4df-gra2010-004\"\n\t\t\t\tdata-image-id=\"4899\"\n\t\t\t\tsrc=\"\"\/>\n\t\t<\/a>\n\t<\/div>\n","protected":false},"excerpt":{"rendered":"<p>Die Fliegergruppe Grabenstetten l\u00e4dt ganz herzlich zum Drachenfest am 26. und 27. September auf dem Flugplatz Grabenstetten ein. Am Samstag ab 13 Uhr, sowie am Sonntag ab 10 Uhr gibt es spektakul\u00e4re Drachen am Himmel zu bewundern. Gerne k\u00f6nnen eigene Drachen mitgebracht und im markierten Bereich steigen gelassen werden. Um das bunte Geschehen nicht mit &hellip; <a href=\"https:\/\/wp.1dfh.de\/wordpress\/drachenfest-fliegergruppe-grabenstetten-teck-lenninger-tal-e-v-26-09-27-09-2015\/\" class=\"more-link\"><span class=\"screen-reader-text\">Drachenfest Fliegergruppe Grabenstetten-Teck-Lenninger Tal e.V.  26.09. &#8211; 27.09.2015<\/span> weiterlesen <span class=\"meta-nav\">&rarr;<\/span><\/a><\/p>\n","protected":false},"author":2,"featured_media":28438,"comment_status":"open","ping_status":"open","sticky":false,"template":"","format":"standard","meta":{"ngg_post_thumbnail":0,"footnotes":""},"categories":[18,6,9],"tags":[12867,11594,4646,1321,11164,7682,12531],"class_list":["post-28437","post","type-post","status-publish","format-standard","has-post-thumbnail","hentry","category-flugveranstaltungen","category-fotos","category-termine","tag-bonbonfaehre","tag-drachenfest","tag-fliegergruppe-grabenstetten-teck-lenninger-tal-e-v-2","tag-flugsimulator","tag-grabenstetten","tag-hupfburg","tag-kinderschminken"],"_links":{"self":[{"href":"https:\/\/wp.1dfh.de\/wordpress\/wp-json\/wp\/v2\/posts\/28437","targetHints":{"allow":["GET"]}}],"collection":[{"href":"https:\/\/wp.1dfh.de\/wordpress\/wp-json\/wp\/v2\/posts"}],"about":[{"href":"https:\/\/wp.1dfh.de\/wordpress\/wp-json\/wp\/v2\/types\/post"}],"author":[{"embeddable":true,"href":"https:\/\/wp.1dfh.de\/wordpress\/wp-json\/wp\/v2\/users\/2"}],"replies":[{"embeddable":true,"href":"https:\/\/wp.1dfh.de\/wordpress\/wp-json\/wp\/v2\/comments?post=28437"}],"version-history":[{"count":0,"href":"https:\/\/wp.1dfh.de\/wordpress\/wp-json\/wp\/v2\/posts\/28437\/revisions"}],"wp:featuredmedia":[{"embeddable":true,"href":"https:\/\/wp.1dfh.de\/wordpress\/wp-json\/wp\/v2\/media\/28438"}],"wp:attachment":[{"href":"https:\/\/wp.1dfh.de\/wordpress\/wp-json\/wp\/v2\/media?parent=28437"}],"wp:term":[{"taxonomy":"category","embeddable":true,"href":"https:\/\/wp.1dfh.de\/wordpress\/wp-json\/wp\/v2\/categories?post=28437"},{"taxonomy":"post_tag","embeddable":true,"href":"https:\/\/wp.1dfh.de\/wordpress\/wp-json\/wp\/v2\/tags?post=28437"}],"curies":[{"name":"wp","href":"https:\/\/api.w.org\/{rel}","templated":true}]}}