{"id":28613,"date":"2015-10-15T14:22:05","date_gmt":"2015-10-15T12:22:05","guid":{"rendered":"http:\/\/wp.1dfh.de\/wordpress\/?p=28613"},"modified":"2015-10-15T14:23:46","modified_gmt":"2015-10-15T12:23:46","slug":"servustv-dead-mens-tales-die-vom-himmel-fallen-16-10-2015","status":"publish","type":"post","link":"https:\/\/wp.1dfh.de\/wordpress\/servustv-dead-mens-tales-die-vom-himmel-fallen-16-10-2015\/","title":{"rendered":"ServusTV: Dead Men&#8217;s Tales &#8230; Die vom Himmel fallen 16.10.2015"},"content":{"rendered":"<figure id=\"attachment_9332\" aria-describedby=\"caption-attachment-9332\" style=\"width: 300px\" class=\"wp-caption alignright\"><a href=\"http:\/\/servustv.com\" target=\"_blank\"><img loading=\"lazy\" decoding=\"async\" class=\"size-medium wp-image-9332 \" title=\"ServusTV\" src=\"http:\/\/wp.1dfh.de\/wordpress\/wp-content\/uploads\/logo_servustv_grey_S_better_claim-300x57.png\" alt=\"ServusTV\" width=\"300\" height=\"57\" srcset=\"https:\/\/wp.1dfh.de\/wordpress\/wp-content\/uploads\/logo_servustv_grey_S_better_claim-300x57.png 300w, https:\/\/wp.1dfh.de\/wordpress\/wp-content\/uploads\/logo_servustv_grey_S_better_claim-150x28.png 150w, https:\/\/wp.1dfh.de\/wordpress\/wp-content\/uploads\/logo_servustv_grey_S_better_claim.png 363w\" sizes=\"auto, (max-width: 300px) 100vw, 300px\" \/><\/a><figcaption id=\"caption-attachment-9332\" class=\"wp-caption-text\"><a href=\"http:\/\/servustv.com\" target=\"_blank\">ServusTV<\/a><\/figcaption><\/figure>\n<ul>\n<li>Fr | 16.10. 21:15<\/li>\n<li>Retroalpin<\/li>\n<li>Dead Men&#8217;s Tales &#8230; Die vom Himmel fallen<\/li>\n<li>Sport |<\/li>\n<li>\u00d6sterreich 2015<\/li>\n<\/ul>\n<p>Es ist ein Albtraum, Du springst mit Deinem Fallschirm aus dem Flugzeug und registrierst, dass sich der Schirm nicht \u00f6ffnen l\u00e4sst und rast im freien Fall auf die Erde zu. Leo Dickinson hat sechs Fallschirmunf\u00e4lle bzw. Rettungsaktionen originalgetreu nachrekonstruiert, bei denen die Springer wie durch ein Wunder gerettet werden konnten. Der Kunstflieger und Air Race Pilot Hannes Arch f\u00fchrt durch diese spektakul\u00e4re Sendung.<\/p>\n<div class=\"ngg-related-gallery\">\n\t\t\t<a href=\"https:\/\/wp.1dfh.de\/wordpress\/wp-content\/gallery\/red-bull-stratos\/30-p-20120424-00013_news.jpg?t=1773355192\"\n\t\t\ttitle=\"Technical Director Art Thompson of the United States, pilot Felix Baumgartner of Austria and USAF Colonel Joe Kittinger (Retired) of the United States and seen at the Servus TV live show Sport and Talk in Salzburg in Salzburg, Austria on April 23, 2012. \/\/ J\u00c3\u00b6rg Mitter\/Red Bull Content Pool \/\/ P-20120424-00013 \/\/ Usage for editorial use only \/\/ Please go to www.redbullcontentpool.com for further information. \/\/\"\n\t\t\t\t\t\t\t\t\t\t\t\t\t\t\t data-image-id=\"15973\" data-src=\"https:\/\/wp.1dfh.de\/wordpress\/wp-content\/gallery\/red-bull-stratos\/30-p-20120424-00013_news.jpg?t=1773355192\" data-thumbnail=\"https:\/\/wp.1dfh.de\/wordpress\/wp-content\/gallery\/red-bull-stratos\/cache\/30-p-20120424-00013_news.jpg-nggid0515973-ngg0dyn-100x100x100-00f0w010c011r110f110r010t010.jpg?t=1773355192\" data-title=\"30-p-20120424-00013_news\" data-description=\"Technical Director Art Thompson of the United States, pilot Felix Baumgartner of Austria and USAF Colonel Joe Kittinger (Retired) of the United States and seen at the Servus TV live show Sport and Talk in Salzburg in Salzburg, Austria on April 23, 2012. \/\/ J\u00c3\u00b6rg Mitter\/Red Bull Content Pool \/\/ P-20120424-00013 \/\/ Usage for editorial use only \/\/ Please go to www.redbullcontentpool.com for further information. \/\/\">\n\t\t\t<img title=\"30-p-20120424-00013_news\"\n\t\t\t\talt=\"30-p-20120424-00013_news\"\n\t\t\t\tdata-image-id=\"15973\"\n\t\t\t\tsrc=\"\"\/>\n\t\t<\/a>\n\t\t\t<a href=\"https:\/\/wp.1dfh.de\/wordpress\/wp-content\/gallery\/tag-der-offenen-tur-beim-luftsportverein-erbach-e-v-01-05-2011\/1dfh-erbach061.jpg?t=1773841534\"\n\t\t\ttitle=\"Tag der offenen T\u00fcr beim Luftsportverein Erbach e.V.\"\n\t\t\t\t\t\t\t\t\t\t\t\t\t\t\t data-image-id=\"11230\" data-src=\"https:\/\/wp.1dfh.de\/wordpress\/wp-content\/gallery\/tag-der-offenen-tur-beim-luftsportverein-erbach-e-v-01-05-2011\/1dfh-erbach061.jpg?t=1773841534\" data-thumbnail=\"https:\/\/wp.1dfh.de\/wordpress\/wp-content\/gallery\/tag-der-offenen-tur-beim-luftsportverein-erbach-e-v-01-05-2011\/cache\/1dfh-erbach061.jpg-nggid0511230-ngg0dyn-100x100x100-00f0w010c011r110f110r010t010.jpg?t=1773841534\" data-title=\"Tag der offenen T\u00fcr beim Luftsportverein Erbach e.V.\" data-description=\"Tag der offenen T\u00fcr beim Luftsportverein Erbach e.V.\">\n\t\t\t<img title=\"Tag der offenen T\u00fcr beim Luftsportverein Erbach e.V.\"\n\t\t\t\talt=\"Tag der offenen T\u00fcr beim Luftsportverein Erbach e.V.\"\n\t\t\t\tdata-image-id=\"11230\"\n\t\t\t\tsrc=\"\"\/>\n\t\t<\/a>\n\t\t\t<a href=\"https:\/\/wp.1dfh.de\/wordpress\/wp-content\/gallery\/tag-der-offenen-tur-beim-luftsportverein-erbach-e-v-01-05-2011\/1dfh-erbach062.jpg?t=1773841534\"\n\t\t\ttitle=\"Tag der offenen T\u00fcr beim Luftsportverein Erbach e.V.\"\n\t\t\t\t\t\t\t\t\t\t\t\t\t\t\t data-image-id=\"11231\" data-src=\"https:\/\/wp.1dfh.de\/wordpress\/wp-content\/gallery\/tag-der-offenen-tur-beim-luftsportverein-erbach-e-v-01-05-2011\/1dfh-erbach062.jpg?t=1773841534\" data-thumbnail=\"https:\/\/wp.1dfh.de\/wordpress\/wp-content\/gallery\/tag-der-offenen-tur-beim-luftsportverein-erbach-e-v-01-05-2011\/cache\/1dfh-erbach062.jpg-nggid0511231-ngg0dyn-100x100x100-00f0w010c011r110f110r010t010.jpg?t=1773841534\" data-title=\"Tag der offenen T\u00fcr beim Luftsportverein Erbach e.V.\" data-description=\"Tag der offenen T\u00fcr beim Luftsportverein Erbach e.V.\">\n\t\t\t<img title=\"Tag der offenen T\u00fcr beim Luftsportverein Erbach e.V.\"\n\t\t\t\talt=\"Tag der offenen T\u00fcr beim Luftsportverein Erbach e.V.\"\n\t\t\t\tdata-image-id=\"11231\"\n\t\t\t\tsrc=\"\"\/>\n\t\t<\/a>\n\t\t\t<a href=\"https:\/\/wp.1dfh.de\/wordpress\/wp-content\/gallery\/tag-der-offenen-tur-beim-luftsportverein-erbach-e-v-01-05-2011\/1dfh-erbach063.jpg?t=1773841534\"\n\t\t\ttitle=\"Tag der offenen T\u00fcr beim Luftsportverein Erbach e.V.\"\n\t\t\t\t\t\t\t\t\t\t\t\t\t\t\t data-image-id=\"11232\" data-src=\"https:\/\/wp.1dfh.de\/wordpress\/wp-content\/gallery\/tag-der-offenen-tur-beim-luftsportverein-erbach-e-v-01-05-2011\/1dfh-erbach063.jpg?t=1773841534\" data-thumbnail=\"https:\/\/wp.1dfh.de\/wordpress\/wp-content\/gallery\/tag-der-offenen-tur-beim-luftsportverein-erbach-e-v-01-05-2011\/cache\/1dfh-erbach063.jpg-nggid0511232-ngg0dyn-100x100x100-00f0w010c011r110f110r010t010.jpg?t=1773841534\" data-title=\"Tag der offenen T\u00fcr beim Luftsportverein Erbach e.V.\" data-description=\"Tag der offenen T\u00fcr beim Luftsportverein Erbach e.V.\">\n\t\t\t<img title=\"Tag der offenen T\u00fcr beim Luftsportverein Erbach e.V.\"\n\t\t\t\talt=\"Tag der offenen T\u00fcr beim Luftsportverein Erbach e.V.\"\n\t\t\t\tdata-image-id=\"11232\"\n\t\t\t\tsrc=\"\"\/>\n\t\t<\/a>\n\t\t\t<a href=\"https:\/\/wp.1dfh.de\/wordpress\/wp-content\/gallery\/tag-der-offenen-tur-beim-luftsportverein-erbach-e-v-01-05-2011\/1dfh-erbach064.jpg?t=1773841534\"\n\t\t\ttitle=\"Tag der offenen T\u00fcr beim Luftsportverein Erbach e.V.\"\n\t\t\t\t\t\t\t\t\t\t\t\t\t\t\t data-image-id=\"11233\" data-src=\"https:\/\/wp.1dfh.de\/wordpress\/wp-content\/gallery\/tag-der-offenen-tur-beim-luftsportverein-erbach-e-v-01-05-2011\/1dfh-erbach064.jpg?t=1773841534\" data-thumbnail=\"https:\/\/wp.1dfh.de\/wordpress\/wp-content\/gallery\/tag-der-offenen-tur-beim-luftsportverein-erbach-e-v-01-05-2011\/cache\/1dfh-erbach064.jpg-nggid0511233-ngg0dyn-100x100x100-00f0w010c011r110f110r010t010.jpg?t=1773841534\" data-title=\"Tag der offenen T\u00fcr beim Luftsportverein Erbach e.V.\" data-description=\"Tag der offenen T\u00fcr beim Luftsportverein Erbach e.V.\">\n\t\t\t<img title=\"Tag der offenen T\u00fcr beim Luftsportverein Erbach e.V.\"\n\t\t\t\talt=\"Tag der offenen T\u00fcr beim Luftsportverein Erbach e.V.\"\n\t\t\t\tdata-image-id=\"11233\"\n\t\t\t\tsrc=\"\"\/>\n\t\t<\/a>\n\t\t\t<a href=\"https:\/\/wp.1dfh.de\/wordpress\/wp-content\/gallery\/tag-der-offenen-tur-beim-luftsportverein-erbach-e-v-01-05-2011\/1dfh-erbach065.jpg?t=1773841534\"\n\t\t\ttitle=\"Tag der offenen T\u00fcr beim Luftsportverein Erbach e.V.\"\n\t\t\t\t\t\t\t\t\t\t\t\t\t\t\t data-image-id=\"11234\" data-src=\"https:\/\/wp.1dfh.de\/wordpress\/wp-content\/gallery\/tag-der-offenen-tur-beim-luftsportverein-erbach-e-v-01-05-2011\/1dfh-erbach065.jpg?t=1773841534\" data-thumbnail=\"https:\/\/wp.1dfh.de\/wordpress\/wp-content\/gallery\/tag-der-offenen-tur-beim-luftsportverein-erbach-e-v-01-05-2011\/cache\/1dfh-erbach065.jpg-nggid0511234-ngg0dyn-100x100x100-00f0w010c011r110f110r010t010.jpg?t=1773841534\" data-title=\"Tag der offenen T\u00fcr beim Luftsportverein Erbach e.V.\" data-description=\"Tag der offenen T\u00fcr beim Luftsportverein Erbach e.V.\">\n\t\t\t<img title=\"Tag der offenen T\u00fcr beim Luftsportverein Erbach e.V.\"\n\t\t\t\talt=\"Tag der offenen T\u00fcr beim Luftsportverein Erbach e.V.\"\n\t\t\t\tdata-image-id=\"11234\"\n\t\t\t\tsrc=\"\"\/>\n\t\t<\/a>\n\t\t\t<a href=\"https:\/\/wp.1dfh.de\/wordpress\/wp-content\/gallery\/tag-der-offenen-tur-beim-luftsportverein-erbach-e-v-01-05-2011\/1dfh-erbach066.jpg?t=1773841534\"\n\t\t\ttitle=\"Tag der offenen T\u00fcr beim Luftsportverein Erbach e.V.\"\n\t\t\t\t\t\t\t\t\t\t\t\t\t\t\t data-image-id=\"11235\" data-src=\"https:\/\/wp.1dfh.de\/wordpress\/wp-content\/gallery\/tag-der-offenen-tur-beim-luftsportverein-erbach-e-v-01-05-2011\/1dfh-erbach066.jpg?t=1773841534\" data-thumbnail=\"https:\/\/wp.1dfh.de\/wordpress\/wp-content\/gallery\/tag-der-offenen-tur-beim-luftsportverein-erbach-e-v-01-05-2011\/cache\/1dfh-erbach066.jpg-nggid0511235-ngg0dyn-100x100x100-00f0w010c011r110f110r010t010.jpg?t=1773841534\" data-title=\"Tag der offenen T\u00fcr beim Luftsportverein Erbach e.V.\" data-description=\"Tag der offenen T\u00fcr beim Luftsportverein Erbach e.V.\">\n\t\t\t<img title=\"Tag der offenen T\u00fcr beim Luftsportverein Erbach e.V.\"\n\t\t\t\talt=\"Tag der offenen T\u00fcr beim Luftsportverein Erbach e.V.\"\n\t\t\t\tdata-image-id=\"11235\"\n\t\t\t\tsrc=\"\"\/>\n\t\t<\/a>\n\t<\/div>\n","protected":false},"excerpt":{"rendered":"<p>Fr | 16.10. 21:15 Retroalpin Dead Men&#8217;s Tales &#8230; Die vom Himmel fallen Sport | \u00d6sterreich 2015 Es ist ein Albtraum, Du springst mit Deinem Fallschirm aus dem Flugzeug und registrierst, dass sich der Schirm nicht \u00f6ffnen l\u00e4sst und rast im freien Fall auf die Erde zu. Leo Dickinson hat sechs Fallschirmunf\u00e4lle bzw. Rettungsaktionen originalgetreu &hellip; <a href=\"https:\/\/wp.1dfh.de\/wordpress\/servustv-dead-mens-tales-die-vom-himmel-fallen-16-10-2015\/\" class=\"more-link\"><span class=\"screen-reader-text\">ServusTV: Dead Men&#8217;s Tales &#8230; Die vom Himmel fallen 16.10.2015<\/span> weiterlesen <span class=\"meta-nav\">&rarr;<\/span><\/a><\/p>\n","protected":false},"author":2,"featured_media":9332,"comment_status":"open","ping_status":"open","sticky":false,"template":"","format":"standard","meta":{"ngg_post_thumbnail":0,"footnotes":""},"categories":[9,10],"tags":[1598,11328,11861],"class_list":["post-28613","post","type-post","status-publish","format-standard","has-post-thumbnail","hentry","category-termine","category-tv-sendungen","tag-fallschirm","tag-fallschirmspringer","tag-servustv"],"_links":{"self":[{"href":"https:\/\/wp.1dfh.de\/wordpress\/wp-json\/wp\/v2\/posts\/28613","targetHints":{"allow":["GET"]}}],"collection":[{"href":"https:\/\/wp.1dfh.de\/wordpress\/wp-json\/wp\/v2\/posts"}],"about":[{"href":"https:\/\/wp.1dfh.de\/wordpress\/wp-json\/wp\/v2\/types\/post"}],"author":[{"embeddable":true,"href":"https:\/\/wp.1dfh.de\/wordpress\/wp-json\/wp\/v2\/users\/2"}],"replies":[{"embeddable":true,"href":"https:\/\/wp.1dfh.de\/wordpress\/wp-json\/wp\/v2\/comments?post=28613"}],"version-history":[{"count":0,"href":"https:\/\/wp.1dfh.de\/wordpress\/wp-json\/wp\/v2\/posts\/28613\/revisions"}],"wp:featuredmedia":[{"embeddable":true,"href":"https:\/\/wp.1dfh.de\/wordpress\/wp-json\/wp\/v2\/media\/9332"}],"wp:attachment":[{"href":"https:\/\/wp.1dfh.de\/wordpress\/wp-json\/wp\/v2\/media?parent=28613"}],"wp:term":[{"taxonomy":"category","embeddable":true,"href":"https:\/\/wp.1dfh.de\/wordpress\/wp-json\/wp\/v2\/categories?post=28613"},{"taxonomy":"post_tag","embeddable":true,"href":"https:\/\/wp.1dfh.de\/wordpress\/wp-json\/wp\/v2\/tags?post=28613"}],"curies":[{"name":"wp","href":"https:\/\/api.w.org\/{rel}","templated":true}]}}