{"id":29053,"date":"2016-03-08T10:00:56","date_gmt":"2016-03-08T09:00:56","guid":{"rendered":"http:\/\/wp.1dfh.de\/wordpress\/?p=29053"},"modified":"2016-03-08T10:04:04","modified_gmt":"2016-03-08T09:04:04","slug":"7-rotor-live-iffezheim12-03-13-03-2016","status":"publish","type":"post","link":"https:\/\/wp.1dfh.de\/wordpress\/7-rotor-live-iffezheim12-03-13-03-2016\/","title":{"rendered":"7. ROTOR live Iffezheim12.03. &#8211; 13.03.2016"},"content":{"rendered":"<h4>Die siebte ROTOR live steht in den Startl\u00f6chern<\/h4>\n<figure id=\"attachment_29054\" aria-describedby=\"caption-attachment-29054\" style=\"width: 212px\" class=\"wp-caption alignright\"><a href=\"http:\/\/www.rotor-live.de\/wp\/\" target=\"_blank\" rel=\"attachment wp-att-29054\"><img loading=\"lazy\" decoding=\"async\" class=\"size-medium wp-image-29054\" src=\"http:\/\/wp.1dfh.de\/wordpress\/wp-content\/uploads\/ROTOR-live-Plakat-20161-212x300.jpg\" alt=\"ROTOR-live-2016\" width=\"212\" height=\"300\" srcset=\"https:\/\/wp.1dfh.de\/wordpress\/wp-content\/uploads\/ROTOR-live-Plakat-20161-212x300.jpg 212w, https:\/\/wp.1dfh.de\/wordpress\/wp-content\/uploads\/ROTOR-live-Plakat-20161.jpg 595w\" sizes=\"auto, (max-width: 212px) 100vw, 212px\" \/><\/a><figcaption id=\"caption-attachment-29054\" class=\"wp-caption-text\">ROTOR-live-2016<\/figcaption><\/figure>\n<p><em><strong>Sie ist der \u00bbPoint of Interest\u00ab der RC &#8211; Heli &#8211; Szene: die <\/strong><\/em><em><strong>Verkaufs &#8211; und Pr\u00e4sentationsmesse ROTOR live in Iffezheim <\/strong><\/em><em><strong>bei Baden &#8211; Baden vom 12. bis 13. M\u00e4rz 2016. Mit weit \u00fcber <\/strong><\/em><em><strong>10.000 Besuchern und mehr als 55 Ausstellern aus dem In &#8211; <\/strong><\/em><em><strong>und Ausland l\u00e4utet sie j\u00e4hrlich den Start in die Flugsaison ein <\/strong><\/em><em><strong>und bietet Piloten und Interessierten die M\u00f6glichkeit, sich <\/strong><\/em><em><strong>\u00fcber aktuelle Trends und Neuheiten im RC &#8211; Heli &#8211; Bereich zu <\/strong><\/em><em><strong>informieren.<\/strong><\/em><\/p>\n<p>Schauplatz der Messe ist die Galopprennbahn bei Baden &#8211; Baden, die nicht nur ein stilvolles Ambiente, sondern auch gen\u00fcgend Platz f\u00fcr die Pr\u00e4sentation von Produkten und Neuheiten bietet. Parallel zum Messebetrieb auf mehreren Etagen findet wieder ein durchgehend moderiertes Flugprogramm statt, bei dem internationale Piloten dem Publikum Neuheiten in Aktion vorstellen.<\/p>\n<h4>Top &#8211; Piloten, 3D &#8211; Contest und Workshops<\/h4>\n<p>Bereits jetzt haben zahlreiche Top &#8211; Piloten ihr Kommen zugesagt. <a href=\"https:\/\/www.rc-heli.de\/board\/showpost.php?p=3110460&amp;postcount=143\" target=\"_blank\"><del>Erstmals in der Geschichte der ROTOR live d\u00fcrfen wir 2016 Tareq Alsaadi \u2013 Spitzen &#8211; und Showpilot aus Dubai \u2013 begr\u00fc\u00dfen, der mit seinen atemberaubenden Showfl\u00fcgen f\u00fcr ein weiteres Highlight sorgen wird.<\/del> <\/a>Einen Wettbewerb der Superlative gibt es wieder mit dem 3D -Contest: Weltklasse &#8211; Piloten, die in spannenden Fights um den Sieg k\u00e4mpfen. Kann Dunkan Boission seinen Titel auch 2016 verteidigen? Wir werden seh\u2019n! Erg\u00e4nzt wird das Neuheiten &#8211; und Showflugprogramm durch unsere Workshops und Seminare, die von erfahrenen Referenten\u00a0 urchgef\u00fchrt werden. So beinhaltet z.B. der Vortrag von Fluglehrer Daniel Wiedenmann das Thema systematisches Flugtraining f\u00fcr Einsteiger und Fortgeschrittene.<\/p>\n<h4>Das Copterforum@ROTOR live<\/h4>\n<p>Erstmalig wird auch das Thema Multi &#8211; und Race &#8211; Kopter auf der ROTOR live in Form von Fachvortr\u00e4gen und Workshops sowie Produkt &#8211; Demoslots verst\u00e4rkt eine Rolle einnehmen. Besucher erhalten nicht nur die M\u00f6glichkeit, Kopter und Zubeh\u00f6r selbst zu testen, sondern k\u00f6nnen sich bei unseren Vortr\u00e4gen auch \u00fcber den Stand der Technik sowie die aktuelle Rechtslage informieren. Ein weiteres Highlight wird das G-FPV &#8211; Race f\u00fcr Race- Kopter sein, das 2016 erstmalig veranstaltet wird. In Zusammenarbeit mit der Firma Graupner\/SJ bildet dieser Wettbewerb den Auftakt f\u00fcr eine neue, actionreiche Rennserie der Extraklasse.<\/p>\n<p>Stand 29.02.2016<\/p>\n<h3>Flugshow Samstag<\/h3>\n<p><a href=\"http:\/\/www.rotor-live.de\/wp\/wp-content\/uploads\/2012\/01\/Flugshow_2016.xlsx_1.pdf\" target=\"_blank\"><img loading=\"lazy\" decoding=\"async\" class=\"alignnone\" src=\"http:\/\/www.rotor-live.de\/wp\/wp-content\/uploads\/2012\/01\/Flugshow_2016_1-552x1024.jpg\" alt=\"\" width=\"648\" height=\"1024\" \/><\/a><\/p>\n<h4>Flugshow Sonntag<\/h4>\n<p><a href=\"http:\/\/www.rotor-live.de\/wp\/wp-content\/uploads\/2012\/01\/Flugshow_2016.xlsx_2.pdf\" target=\"_blank\"><img loading=\"lazy\" decoding=\"async\" class=\"alignnone\" src=\"http:\/\/www.rotor-live.de\/wp\/wp-content\/uploads\/2012\/01\/Flugshow_2016_2-603x1024.jpg\" alt=\"\" width=\"655\" height=\"1024\" \/><\/a><\/p>\n<h1 class=\"page-title\">Vortr\u00e4ge &amp; Workshops<\/h1>\n<div class=\"entry clearfix\">\n<table border=\"0\" width=\"604\" cellspacing=\"0\" cellpadding=\"0\">\n<tbody>\n<tr>\n<td class=\"xl67\" colspan=\"2\" width=\"376\" height=\"23\">Samstag, 12. M\u00e4rz 2016<\/td>\n<td class=\"xl68\" width=\"228\"><\/td>\n<\/tr>\n<tr class=\"xl65\">\n<td class=\"xl69\" height=\"23\">Uhrzeit<\/td>\n<td class=\"xl69\">Vortrag<\/td>\n<td class=\"xl69\">Referent<\/td>\n<\/tr>\n<tr class=\"xl71\">\n<td class=\"xl70\" height=\"23\">9.30 \u2013 10.15<\/td>\n<td class=\"xl70\">Systematisches Flugtraining<\/td>\n<td class=\"xl70\">Daniel Wiedenmann \/<br \/>\nFlugschule Gonzalez<\/td>\n<\/tr>\n<tr class=\"xl73\">\n<td class=\"xl72\" height=\"23\">10.30 \u2013 11.15<\/td>\n<td class=\"xl72\">Aerial Imaging mit Multikoptern<\/td>\n<td class=\"xl72\">Detlef St\u00f6cker<\/td>\n<\/tr>\n<tr class=\"xl73\">\n<td class=\"xl72\" height=\"23\">11.30 \u2013 12.15<\/td>\n<td class=\"xl72\">Helihauben lackieren<\/td>\n<td class=\"xl72\">Kevin Eikamp<\/td>\n<\/tr>\n<tr class=\"xl73\">\n<td class=\"xl72\" height=\"23\">13.00 \u2013 13.45<\/td>\n<td class=\"xl72\">Augenschutz f\u00fcr Modellflieger<\/td>\n<td class=\"xl72\">CARUSO Freeland<\/td>\n<\/tr>\n<tr class=\"xl73\">\n<td class=\"xl72\" height=\"23\">14.00 \u2013 14.45<\/td>\n<td class=\"xl72\">Vorstellung CORE 700<\/td>\n<td class=\"xl72\">Markus Fiehn \/ TeProFi<\/td>\n<\/tr>\n<tr class=\"xl73\">\n<td class=\"xl72\" height=\"23\">15.00 \u2013 15.45<\/td>\n<td class=\"xl72\">Basiswissen: FPV-Fliegen<\/td>\n<td class=\"xl72\">Sergei Pachtenko \/ walkera-fans.de<\/td>\n<\/tr>\n<tr class=\"xl73\">\n<td class=\"xl72\" height=\"23\">16.00 \u2013 16.45<\/td>\n<td class=\"xl72\">Vom Rundflug zum 3D-Flug<\/td>\n<td class=\"xl72\">Stefan Segerer \/ rc-helischule.ch<\/td>\n<\/tr>\n<tr class=\"xl73\">\n<td class=\"xl72\" height=\"23\">17.00 \u2013 17.45<\/td>\n<td class=\"xl72\">Multikopter: aktuelle Technik und Recht<\/td>\n<td class=\"xl72\">Sascha Helle \/<\/p>\n<p class=\"p1\">FLIGHTCOPTER Flying Camera Systems GmbH<\/p>\n<\/td>\n<\/tr>\n<\/tbody>\n<\/table>\n<table border=\"0\" width=\"604\" cellspacing=\"0\" cellpadding=\"0\">\n<tbody>\n<tr>\n<td class=\"xl67\" colspan=\"2\" width=\"376\" height=\"23\">Sonntag, 13. M\u00e4rz 2016<\/td>\n<td class=\"xl68\" width=\"228\"><\/td>\n<\/tr>\n<tr class=\"xl65\">\n<td class=\"xl69\" height=\"23\">Uhrzeit<\/td>\n<td class=\"xl69\">Vortrag<\/td>\n<td class=\"xl69\">Referent<\/td>\n<\/tr>\n<tr class=\"xl71\">\n<td class=\"xl70\" height=\"23\">9.30 \u2013 10.15<\/td>\n<td class=\"xl70\">Multikopter: aktuelle Technik und Recht<\/td>\n<td class=\"xl70\">Sascha Helle \/<\/p>\n<p class=\"p1\">FLIGHTCOPTER Flying Camera Systems GmbH<\/p>\n<\/td>\n<\/tr>\n<tr class=\"xl73\">\n<td class=\"xl72\" height=\"23\">10.30 \u2013 11.15<\/td>\n<td class=\"xl72\">Vom Rundflug zum 3D-Flug<\/td>\n<td class=\"xl72\">Stefan Segerer \/ rc-helischule.ch<\/td>\n<\/tr>\n<tr class=\"xl73\">\n<td class=\"xl72\" height=\"23\">11.30 \u2013 12.15<\/td>\n<td class=\"xl72\">Basiswissen: FPV-Fliegen<\/td>\n<td class=\"xl72\">Sergei Pachtenko \/ walkera-fans.de<\/td>\n<\/tr>\n<tr class=\"xl73\">\n<td class=\"xl72\" height=\"23\">12.30 \u2013\u00a013.15<\/td>\n<td class=\"xl72\">BL-Motorentuning<\/td>\n<td class=\"xl72\">Copper Doc \/ Michael Steinmetz<\/td>\n<\/tr>\n<tr class=\"xl73\">\n<td class=\"xl72\" height=\"23\">13.30 \u2013 14.15<\/td>\n<td class=\"xl72\">Systematisches Flugtraining<\/td>\n<td class=\"xl72\">Daniel Wiedenmann \/ Flugschule Gonzalez<\/td>\n<\/tr>\n<tr class=\"xl73\">\n<td class=\"xl72\" height=\"23\">14.30 \u2013 15.15<\/td>\n<td class=\"xl72\">Helihauben lackieren<\/td>\n<td class=\"xl72\">Kevin Eikamp<\/td>\n<\/tr>\n<tr class=\"xl71\">\n<td class=\"xl70\" height=\"23\">15.30 \u2013 16.15<\/td>\n<td class=\"xl70\">Aerial Imaging mit Multikoptern<\/td>\n<td class=\"xl70\">Detlef St\u00f6cker<\/td>\n<\/tr>\n<tr>\n<td class=\"xl70\" height=\"23\">16.30 \u2013 17.15<\/td>\n<td class=\"xl70\">Augenschutz f\u00fcr Modellflieger<\/td>\n<td class=\"xl70\">CARUSO Freeland<\/td>\n<\/tr>\n<\/tbody>\n<\/table>\n<p>Die geplanten Zeiten\u00a0k\u00f6nnen\u00a0sich durch unvorhergesehene Einfl\u00fcsse (Krankheit der Referenten etc.) \u00e4ndern.<\/p>\n<\/div>\n<p>[gmap]<\/p>\n<div class=\"ngg-related-gallery\">\n\t\t\t<a href=\"https:\/\/wp.1dfh.de\/wordpress\/wp-content\/gallery\/mcb06\/IMG_0001.jpg?t=1773339152\"\n\t\t\ttitle=\" \"\n\t\t\t\t\t\t\t\t\t\t\t\t\t\t\t data-image-id=\"1674\" data-src=\"https:\/\/wp.1dfh.de\/wordpress\/wp-content\/gallery\/mcb06\/IMG_0001.jpg?t=1773339152\" data-thumbnail=\"https:\/\/wp.1dfh.de\/wordpress\/wp-content\/gallery\/mcb06\/cache\/IMG_0001.jpg-nggid041674-ngg0dyn-100x100x100-00f0w010c011r110f110r010t010.jpg?t=1773339152\" data-title=\"IMG_0001\" data-description=\" \">\n\t\t\t<img title=\"IMG_0001\"\n\t\t\t\talt=\"IMG_0001\"\n\t\t\t\tdata-image-id=\"1674\"\n\t\t\t\tsrc=\"\"\/>\n\t\t<\/a>\n\t\t\t<a href=\"https:\/\/wp.1dfh.de\/wordpress\/wp-content\/gallery\/mcb06\/IMG_0002.jpg?t=1773371941\"\n\t\t\ttitle=\" \"\n\t\t\t\t\t\t\t\t\t\t\t\t\t\t\t data-image-id=\"1675\" data-src=\"https:\/\/wp.1dfh.de\/wordpress\/wp-content\/gallery\/mcb06\/IMG_0002.jpg?t=1773371941\" data-thumbnail=\"https:\/\/wp.1dfh.de\/wordpress\/wp-content\/gallery\/mcb06\/cache\/IMG_0002.jpg-nggid041675-ngg0dyn-100x100x100-00f0w010c011r110f110r010t010.jpg?t=1773371941\" data-title=\"IMG_0002\" data-description=\" \">\n\t\t\t<img title=\"IMG_0002\"\n\t\t\t\talt=\"IMG_0002\"\n\t\t\t\tdata-image-id=\"1675\"\n\t\t\t\tsrc=\"\"\/>\n\t\t<\/a>\n\t\t\t<a href=\"https:\/\/wp.1dfh.de\/wordpress\/wp-content\/gallery\/mcb06\/IMG_0003.jpg?t=1773339152\"\n\t\t\ttitle=\" \"\n\t\t\t\t\t\t\t\t\t\t\t\t\t\t\t data-image-id=\"1676\" data-src=\"https:\/\/wp.1dfh.de\/wordpress\/wp-content\/gallery\/mcb06\/IMG_0003.jpg?t=1773339152\" data-thumbnail=\"https:\/\/wp.1dfh.de\/wordpress\/wp-content\/gallery\/mcb06\/cache\/IMG_0003.jpg-nggid041676-ngg0dyn-100x100x100-00f0w010c011r110f110r010t010.jpg?t=1773339152\" data-title=\"IMG_0003\" data-description=\" \">\n\t\t\t<img title=\"IMG_0003\"\n\t\t\t\talt=\"IMG_0003\"\n\t\t\t\tdata-image-id=\"1676\"\n\t\t\t\tsrc=\"\"\/>\n\t\t<\/a>\n\t\t\t<a href=\"https:\/\/wp.1dfh.de\/wordpress\/wp-content\/gallery\/mcb06\/IMG_0004.jpg?t=1773339152\"\n\t\t\ttitle=\" \"\n\t\t\t\t\t\t\t\t\t\t\t\t\t\t\t data-image-id=\"1677\" data-src=\"https:\/\/wp.1dfh.de\/wordpress\/wp-content\/gallery\/mcb06\/IMG_0004.jpg?t=1773339152\" data-thumbnail=\"https:\/\/wp.1dfh.de\/wordpress\/wp-content\/gallery\/mcb06\/cache\/IMG_0004.jpg-nggid041677-ngg0dyn-100x100x100-00f0w010c011r110f110r010t010.jpg?t=1773339152\" data-title=\"IMG_0004\" data-description=\" \">\n\t\t\t<img title=\"IMG_0004\"\n\t\t\t\talt=\"IMG_0004\"\n\t\t\t\tdata-image-id=\"1677\"\n\t\t\t\tsrc=\"\"\/>\n\t\t<\/a>\n\t\t\t<a href=\"https:\/\/wp.1dfh.de\/wordpress\/wp-content\/gallery\/mcb06\/IMG_0005.jpg?t=1773339152\"\n\t\t\ttitle=\" \"\n\t\t\t\t\t\t\t\t\t\t\t\t\t\t\t data-image-id=\"1678\" data-src=\"https:\/\/wp.1dfh.de\/wordpress\/wp-content\/gallery\/mcb06\/IMG_0005.jpg?t=1773339152\" data-thumbnail=\"https:\/\/wp.1dfh.de\/wordpress\/wp-content\/gallery\/mcb06\/cache\/IMG_0005.jpg-nggid041678-ngg0dyn-100x100x100-00f0w010c011r110f110r010t010.jpg?t=1773339152\" data-title=\"IMG_0005\" data-description=\" \">\n\t\t\t<img title=\"IMG_0005\"\n\t\t\t\talt=\"IMG_0005\"\n\t\t\t\tdata-image-id=\"1678\"\n\t\t\t\tsrc=\"\"\/>\n\t\t<\/a>\n\t\t\t<a href=\"https:\/\/wp.1dfh.de\/wordpress\/wp-content\/gallery\/mcb06\/IMG_0006.jpg?t=1773339152\"\n\t\t\ttitle=\" \"\n\t\t\t\t\t\t\t\t\t\t\t\t\t\t\t data-image-id=\"1679\" data-src=\"https:\/\/wp.1dfh.de\/wordpress\/wp-content\/gallery\/mcb06\/IMG_0006.jpg?t=1773339152\" data-thumbnail=\"https:\/\/wp.1dfh.de\/wordpress\/wp-content\/gallery\/mcb06\/cache\/IMG_0006.jpg-nggid041679-ngg0dyn-100x100x100-00f0w010c011r110f110r010t010.jpg?t=1773339152\" data-title=\"IMG_0006\" data-description=\" \">\n\t\t\t<img title=\"IMG_0006\"\n\t\t\t\talt=\"IMG_0006\"\n\t\t\t\tdata-image-id=\"1679\"\n\t\t\t\tsrc=\"\"\/>\n\t\t<\/a>\n\t\t\t<a href=\"https:\/\/wp.1dfh.de\/wordpress\/wp-content\/gallery\/mcb06\/IMG_0007.jpg?t=1773642147\"\n\t\t\ttitle=\" \"\n\t\t\t\t\t\t\t\t\t\t\t\t\t\t\t data-image-id=\"1680\" data-src=\"https:\/\/wp.1dfh.de\/wordpress\/wp-content\/gallery\/mcb06\/IMG_0007.jpg?t=1773642147\" data-thumbnail=\"https:\/\/wp.1dfh.de\/wordpress\/wp-content\/gallery\/mcb06\/cache\/IMG_0007.jpg-nggid041680-ngg0dyn-100x100x100-00f0w010c011r110f110r010t010.jpg?t=1773642147\" data-title=\"IMG_0007\" data-description=\" \">\n\t\t\t<img title=\"IMG_0007\"\n\t\t\t\talt=\"IMG_0007\"\n\t\t\t\tdata-image-id=\"1680\"\n\t\t\t\tsrc=\"\"\/>\n\t\t<\/a>\n\t<\/div>\n","protected":false},"excerpt":{"rendered":"<p>Die siebte ROTOR live steht in den Startl\u00f6chern Sie ist der \u00bbPoint of Interest\u00ab der RC &#8211; Heli &#8211; Szene: die Verkaufs &#8211; und Pr\u00e4sentationsmesse ROTOR live in Iffezheim bei Baden &#8211; Baden vom 12. bis 13. M\u00e4rz 2016. Mit weit \u00fcber 10.000 Besuchern und mehr als 55 Ausstellern aus dem In &#8211; und Ausland &hellip; <a href=\"https:\/\/wp.1dfh.de\/wordpress\/7-rotor-live-iffezheim12-03-13-03-2016\/\" class=\"more-link\"><span class=\"screen-reader-text\">7. ROTOR live Iffezheim12.03. &#8211; 13.03.2016<\/span> weiterlesen <span class=\"meta-nav\">&rarr;<\/span><\/a><\/p>\n","protected":false},"author":2,"featured_media":0,"comment_status":"open","ping_status":"open","sticky":false,"template":"","format":"standard","meta":{"ngg_post_thumbnail":0,"footnotes":""},"categories":[15,18,9,13],"tags":[13108,11150,13145,13146,11735,11510,11733,11875,1976,2574,10418],"class_list":["post-29053","post","type-post","status-publish","format-standard","hentry","category-ausstellungen","category-flugveranstaltungen","category-termine","category-wettbewerbe","tag-7-rotor-live","tag-flugshow","tag-fpv-racing","tag-graupner-g-fpv","tag-iffezheim","tag-rc-hubschrauber","tag-rotor-live","tag-rotor-live-iffezheim","tag-rotor-magazin","tag-vortrage","tag-workshops"],"_links":{"self":[{"href":"https:\/\/wp.1dfh.de\/wordpress\/wp-json\/wp\/v2\/posts\/29053","targetHints":{"allow":["GET"]}}],"collection":[{"href":"https:\/\/wp.1dfh.de\/wordpress\/wp-json\/wp\/v2\/posts"}],"about":[{"href":"https:\/\/wp.1dfh.de\/wordpress\/wp-json\/wp\/v2\/types\/post"}],"author":[{"embeddable":true,"href":"https:\/\/wp.1dfh.de\/wordpress\/wp-json\/wp\/v2\/users\/2"}],"replies":[{"embeddable":true,"href":"https:\/\/wp.1dfh.de\/wordpress\/wp-json\/wp\/v2\/comments?post=29053"}],"version-history":[{"count":17,"href":"https:\/\/wp.1dfh.de\/wordpress\/wp-json\/wp\/v2\/posts\/29053\/revisions"}],"predecessor-version":[{"id":29199,"href":"https:\/\/wp.1dfh.de\/wordpress\/wp-json\/wp\/v2\/posts\/29053\/revisions\/29199"}],"wp:attachment":[{"href":"https:\/\/wp.1dfh.de\/wordpress\/wp-json\/wp\/v2\/media?parent=29053"}],"wp:term":[{"taxonomy":"category","embeddable":true,"href":"https:\/\/wp.1dfh.de\/wordpress\/wp-json\/wp\/v2\/categories?post=29053"},{"taxonomy":"post_tag","embeddable":true,"href":"https:\/\/wp.1dfh.de\/wordpress\/wp-json\/wp\/v2\/tags?post=29053"}],"curies":[{"name":"wp","href":"https:\/\/api.w.org\/{rel}","templated":true}]}}