{"id":29068,"date":"2016-07-18T11:00:58","date_gmt":"2016-07-18T09:00:58","guid":{"rendered":"http:\/\/wp.1dfh.de\/wordpress\/?p=29068"},"modified":"2016-07-18T11:37:38","modified_gmt":"2016-07-18T09:37:38","slug":"4-oldtimer-und-luftfahrtfestival-eutingen-gaeu-17-07-2016","status":"publish","type":"post","link":"https:\/\/wp.1dfh.de\/wordpress\/4-oldtimer-und-luftfahrtfestival-eutingen-gaeu-17-07-2016\/","title":{"rendered":"4. Oldtimer- und Luftfahrtfestival Eutingen (G\u00e4u) 17.07.2016"},"content":{"rendered":"<ul>\n<li>\n<figure id=\"attachment_29638\" aria-describedby=\"caption-attachment-29638\" style=\"width: 572px\" class=\"wp-caption alignnone\"><a href=\"http:\/\/www.mobile-legenden.de\/\" target=\"_blank\"><img loading=\"lazy\" decoding=\"async\" class=\"wp-image-29638 size-full\" src=\"http:\/\/wp.1dfh.de\/wordpress\/wp-content\/uploads\/Mobile-Legenden-2016.jpg\" alt=\". Oldtimer- und Luftfahrtfestival Eutingen (G\u00e4u) 17.07.2016\" width=\"572\" height=\"800\" srcset=\"https:\/\/wp.1dfh.de\/wordpress\/wp-content\/uploads\/Mobile-Legenden-2016.jpg 572w, https:\/\/wp.1dfh.de\/wordpress\/wp-content\/uploads\/Mobile-Legenden-2016-215x300.jpg 215w\" sizes=\"auto, (max-width: 572px) 100vw, 572px\" \/><\/a><figcaption id=\"caption-attachment-29638\" class=\"wp-caption-text\">4. Oldtimer- und Luftfahrtfestival Eutingen (G\u00e4u) 17.07.2016<\/figcaption><\/figure>\n<p><a href=\"http:\/\/www.mobile-legenden.de\" target=\"_blank\">Mobile Legenden am 17. Juli 2016<\/a><\/li>\n<\/ul>\n<h5>Mobile Rarit\u00e4ten zu Lande und in der Luft<br \/>\n4. Oldtimer- und Luftfahrtfestival \u201eMobile Legenden \u201c am 17. Juli 2016<\/h5>\nngg_shortcode_0_placeholder\n<p>Das mittlerweile sehr beliebte und gut besuchte Oldtimer- und Luftfahrtfestival \u201eMobile Legenden\u201c in Eutingen im G\u00e4u geht am Sonntag, dem 17. Juli, in die vierte Runde und wartet neben den<br \/>\nbew\u00e4hrten Programmpunkten mit neuen Attraktionen auf.<br \/>\nLiebhaber von historischen Fahrzeugen schnalzen mit der Zunge: Bis zu 3000 Old- und Youngtimer aller Fahrzeugklassen werden wieder auf dem Fluggel\u00e4nde erwartet \u2013 Pkw, Lkw, Traktoren und Landmaschinen, Busse, Motor- und Fahrr\u00e4der.<br \/>\nNeu:<br \/>\nAuf einem Gel\u00e4ndeteil pr\u00e4sentieren die Mobilen Legenden ausschlie\u00dflich faszinierende US-Cars, ein Augenschmaus f\u00fcr alle Fans der eindrucksvollen Stra\u00dfenkreuzer, die mit ihren auff\u00e4lligen Designs,<br \/>\nihrer imponierenden Gr\u00f6\u00dfe, ihren Heckflossen und ihrem satten Motorsound die Blicke auf sich ziehen. Die einzigartige Atmosph\u00e4re ihrer Epoche wird live untermalt von der Band \u201eSonja und die<br \/>\nMaratongas\u201c, die Evergreens der 30er- bis 60er-Jahre spielt.<br \/>\nEbenfalls neu<br \/>\n: Die \u201eTour Natur\u201c ist eine malerische touristische Oldtimer-Ausfahrt und f\u00fchrt \u00fcber rund 120 Kilometer auf romantischen Stra\u00dfen durch den Nordschwarzwald. Die Teilnehmer werden zu einem Fr\u00fchst\u00fcck empfangen; danach l\u00f6sen sie unterwegs interessante Aufgaben und k\u00f6nnen Preise gewinnen. Mittags werden die Teams mit einer kr\u00e4ftigen Brotzeit bewirtet. Start und Ziel ist das Gel\u00e4nde der Mobilen Legenden 2016 am Flugplatz Eutingen im G\u00e4u.<br \/>\nDer Unimog-Parcours ist fester Bestandteil der Mobilen Legenden und wartet wieder mit spektakul\u00e4ren Schikanen auf, mutige Fahrg\u00e4ste sind willkommen. Und nicht zuletzt pr\u00e4sentieren die<br \/>\nOldtimerfreunde Eutingen mit ihrer historischen Werkstatt und dem Mofa-Roulette, bei dem sich ein Motorrad an einem Seil wie eine Roulettekugel \u00fcber ein Spielfeld bewegt, zwei ganz besondere<br \/>\nGimmicks. Akrobatik auf zwei R\u00e4dern pr\u00e4sentiert Markus Stahlberg, Deutscher Meister und Vizeweltmeister im Bike-Trial.<br \/>\nWie immer geh\u00f6rt ein Treffen historischer Traktoren und Schlepper zum Programm der Mobilen Legenden. Unter anderem pr\u00e4sentieren die \u201eKolbenqu\u00e4ler Schwabenland\u201c aus Wendelsheim einen<br \/>\nAusschnitt der deutschen Traktorengeschichte mit Treckern der Marken Lanz, Deutz, Hanomag, Ursus und anderen.<br \/>\nAm Himmel geht es wieder spektakul\u00e4r zu: Historische und zeitgen\u00f6ssische Flugzeuge versetzen die Zuschauer mit Kunstf\u00fcgen und Fliegerformationen in Staunen. Eine der spektakul\u00e4rsten Maschinen ist die Pilatus P-2, deren auff\u00e4llige Bemalung an eine Raubkatze erinnert. Das schweizerische Trainingsflugzeug vom Ende des letzten Weltkriegs ist ein Filmstar &#8211; den ber\u00fchmtesten Auftritt hatte es 1989 in &#8222;Indiana Jones und der letzte Kreuzzug&#8220;.<br \/>\nEine wahre Rakete unter den Propellerflugzeugen ist die Mustang P-51D. Mit 1600 PS schafft das \u00fcber 70 Jahre alte Flugzeug h\u00f6llische 812 km\/h H\u00f6chstgeschwindigkeit. Atemberaubende Flugfiguren<br \/>\nzeigt die Extra 330, die als Hochleistungsflugzeug f\u00fcr den\u00a0 Wettbewerbs-Kunstflug entwickelt wurde.<br \/>\nWeitere ausgefallene H\u00f6hepunkte sind unter anderem Luftakrobatik mit dem Nurfl\u00fcgel-Segler Fauvel AV36 und dem Segelflugzeug Pilatus B4, das zu sph\u00e4rischer Musik mit Rauchpatronen an den<br \/>\nFl\u00fcgelspitzen Figuren in den Himmel zeichnet. Ein Blickfang ist auch der rund 75 Jahre alte Segel- Schulgleiter SG 38, der ab 1938 sowohl im Amateur- als auch im Industriebau hergestellt wurde. Hier<br \/>\nzeigt die Flugsportgruppe Rottenburg-Horb einen Gummiseilstart mit Muskelkraft.<br \/>\nGastpiloten mit ihren Old- und Youngtimern sind herzlich willkommen. Free Fly am Veranstaltungstag. Platzfrequenz ist 129,975.<br \/>\nFlankiert wird die stolze Fahrzeug- und Flugzeugparade bei den \u201eMobilen Legenden 2016\u201c von einem vielseitigen Rahmenprogramm. Auf dem Festivalgel\u00e4nde spielt Livemusik, dar\u00fcber hinaus gibt es f\u00fcr<br \/>\ndie Oldtimer- und Flugzeugfreunde ein kreatives Familien- und Kinderprogramm und Gastronomie. Die Veranstalter rechnen mit mehr als 10.000 Besuchern.<\/p>\n<div class=\"ohne\">\n<h2 id=\"tabellarisch\">Mobile Legenden 2016 &#8211; das Flugprogramm (tabellarisch)<\/h2>\n<\/div>\n<div>\n<table class=\"farbig breit-80\" summary=\"Die Tabelle listet das Flugprogramm auf\" cellspacing=\"0\">\n<colgroup>\n<col width=\"50%\" \/>\n<col width=\"50%\" \/> <\/colgroup>\n<thead>\n<tr>\n<th colspan=\"2\" scope=\"colgroup\">Sonntag, 17. Juli 2016, 10.30 Uhr &#8211; ca. 12.30 Uhr<\/th>\n<\/tr>\n<\/thead>\n<tfoot>\n<tr>\n<td colspan=\"2\"><strong><em>(Stand: April 2016, \u00c4nderungen vorbehalten)<\/em><\/strong><\/td>\n<\/tr>\n<\/tfoot>\n<tbody>\n<tr>\n<th class=\"spaltentitel\" scope=\"col\">Flugzeug<\/th>\n<th class=\"spaltentitel\" scope=\"col\">Pilot<\/th>\n<\/tr>\n<tr class=\"alt\">\n<td>SG38 Gummiseilstart<\/td>\n<td>Flugsportverein Rottenburg-Horb<\/td>\n<\/tr>\n<tr>\n<td>Extra 330 Kunstflug<\/td>\n<td>Thomas Bader<\/td>\n<\/tr>\n<tr class=\"alt\">\n<td><del>Segelkunstflug Pilatus B4 PC-11<\/del><\/td>\n<td><del><a href=\"http:\/\/wp.1dfh.de\/wordpress\/pilatus-b-4-kunstflug\/\">Bernd Brodbeck<\/a><\/del><\/td>\n<\/tr>\n<tr>\n<td>Pilatus P-2<\/td>\n<td>Holger Braun<\/td>\n<\/tr>\n<tr class=\"alt\">\n<td>AV-36 Segelkunstflug<\/td>\n<td>Stefan Zistler<\/td>\n<\/tr>\n<tr>\n<td>Jak-50 und Jak-52 Formation 3 St\u00fcck<\/td>\n<td>Volker Erndt, Thomas Deuster und Patrick Behr<\/td>\n<\/tr>\n<tr class=\"alt\">\n<td>Jak-52<\/td>\n<td>Ralf Borger<\/td>\n<\/tr>\n<tr>\n<td><del>North T6<\/del><\/td>\n<td><del><a href=\"http:\/\/wp.1dfh.de\/wordpress\/dietmar-eger\/\">Dietmar Eger<\/a><\/del><\/td>\n<\/tr>\n<tr class=\"alt\">\n<td>CriCri<\/td>\n<td>Guido Lutz<\/td>\n<\/tr>\n<tr>\n<td>Modellflug<\/td>\n<td>MFV Ergenzingen<\/td>\n<\/tr>\n<\/tbody>\n<\/table>\n<table class=\"farbig breit-80\" summary=\"Die Tabelle listet das Flugprogramm auf\" cellspacing=\"0\">\n<colgroup>\n<col width=\"50%\" \/>\n<col width=\"50%\" \/> <\/colgroup>\n<thead>\n<tr>\n<th colspan=\"2\" scope=\"colgroup\">Sonntag, 17. Juli 2016, 13.30 Uhr &#8211; ca. 17.00 Uhr<\/th>\n<\/tr>\n<\/thead>\n<tfoot>\n<tr>\n<td colspan=\"2\"><em><strong>(Stand: Mai 2016, \u00c4nderungen vorbehalten)<\/strong><\/em><\/td>\n<\/tr>\n<\/tfoot>\n<tbody>\n<tr>\n<th class=\"spaltentitel\" scope=\"col\">Flugzeug<\/th>\n<th class=\"spaltentitel\" scope=\"col\">Pilot<\/th>\n<\/tr>\n<tr class=\"alt\">\n<td>Extra 330 Kunstflug<\/td>\n<td>Thomas Bader<\/td>\n<\/tr>\n<tr>\n<td><del>Segelkunstflug Pilatus B4 PC-11<\/del><\/td>\n<td><del>Bernd Brodbeck<\/del><\/td>\n<\/tr>\n<tr class=\"alt\">\n<td>Jak-52<\/td>\n<td>Ralf Borger<\/td>\n<\/tr>\n<tr>\n<td>AV-36 Segelkunstflug<\/td>\n<td>Stefan Zistler<\/td>\n<\/tr>\n<tr class=\"alt\">\n<td><del>Pilatus P-2<\/del><\/td>\n<td><del>Holger Braun<\/del><\/td>\n<\/tr>\n<tr>\n<td>North T6<\/td>\n<td>Dietmar Eger<\/td>\n<\/tr>\n<tr class=\"alt\">\n<td>\n<div class=\"entry-content\"><span class=\"tag-links\"><a href=\"http:\/\/wp.1dfh.de\/wordpress\/tag\/louisiana-kid\/\" rel=\"tag\">Louisiana Kid <\/a><a href=\"http:\/\/wp.1dfh.de\/wordpress\/tag\/mustang-p-51-d\/\" rel=\"tag\">Mustang P-51 D<\/a><\/span><\/div>\n<p><del>in Formation mit P541<\/del><\/td>\n<td>Wilhelm Heinz<\/td>\n<\/tr>\n<tr>\n<td>Jak-50 und Jak-52 Formation 3 St\u00fcck<\/td>\n<td>Volker Erndt, Thomas Deuster und Patrick Behr<\/td>\n<\/tr>\n<tr class=\"alt\">\n<td>CriCri<\/td>\n<td>Guido Lutz<\/td>\n<\/tr>\n<tr>\n<td>Modellflug<\/td>\n<td>MFV Ergenzingen<\/td>\n<\/tr>\n<tr class=\"alt\">\n<td>Ballonstart<\/td>\n<td>Fabian B\u00e4r<\/td>\n<\/tr>\n<\/tbody>\n<\/table>\n<\/div>\n<div class=\"ngg-related-gallery\">\n\t\t\t<a href=\"https:\/\/wp.1dfh.de\/wordpress\/wp-content\/gallery\/louisiana-kid-degerfeld\/louisiana-kid-07062013-1dfh-003.jpg?t=1773342602\"\n\t\t\ttitle=\"Louisiana Kid Degerfeld\"\n\t\t\t\t\t\t\t\t\t\t\t\t\t\t\t data-image-id=\"26865\" data-src=\"https:\/\/wp.1dfh.de\/wordpress\/wp-content\/gallery\/louisiana-kid-degerfeld\/louisiana-kid-07062013-1dfh-003.jpg?t=1773342602\" data-thumbnail=\"https:\/\/wp.1dfh.de\/wordpress\/wp-content\/gallery\/louisiana-kid-degerfeld\/cache\/louisiana-kid-07062013-1dfh-003.jpg-nggid0526865-ngg0dyn-100x100x100-00f0w010c011r110f110r010t010.jpg?t=1773342602\" data-title=\"Louisiana Kid Degerfeld\" data-description=\"Louisiana Kid Degerfeld\">\n\t\t\t<img title=\"Louisiana Kid Degerfeld\"\n\t\t\t\talt=\"Louisiana Kid Degerfeld\"\n\t\t\t\tdata-image-id=\"26865\"\n\t\t\t\tsrc=\"\"\/>\n\t\t<\/a>\n\t\t\t<a href=\"https:\/\/wp.1dfh.de\/wordpress\/wp-content\/gallery\/louisiana-kid-degerfeld\/louisiana-kid-07062013-1dfh-004.jpg?t=1773342602\"\n\t\t\ttitle=\"Louisiana Kid Degerfeld\"\n\t\t\t\t\t\t\t\t\t\t\t\t\t\t\t data-image-id=\"26866\" data-src=\"https:\/\/wp.1dfh.de\/wordpress\/wp-content\/gallery\/louisiana-kid-degerfeld\/louisiana-kid-07062013-1dfh-004.jpg?t=1773342602\" data-thumbnail=\"https:\/\/wp.1dfh.de\/wordpress\/wp-content\/gallery\/louisiana-kid-degerfeld\/cache\/louisiana-kid-07062013-1dfh-004.jpg-nggid0526866-ngg0dyn-100x100x100-00f0w010c011r110f110r010t010.jpg?t=1773342602\" data-title=\"Louisiana Kid Degerfeld\" data-description=\"Louisiana Kid Degerfeld\">\n\t\t\t<img title=\"Louisiana Kid Degerfeld\"\n\t\t\t\talt=\"Louisiana Kid Degerfeld\"\n\t\t\t\tdata-image-id=\"26866\"\n\t\t\t\tsrc=\"\"\/>\n\t\t<\/a>\n\t\t\t<a href=\"https:\/\/wp.1dfh.de\/wordpress\/wp-content\/gallery\/louisiana-kid-degerfeld\/louisiana-kid-07062013-1dfh-005.jpg?t=1773342602\"\n\t\t\ttitle=\"Louisiana Kid Degerfeld\"\n\t\t\t\t\t\t\t\t\t\t\t\t\t\t\t data-image-id=\"26867\" data-src=\"https:\/\/wp.1dfh.de\/wordpress\/wp-content\/gallery\/louisiana-kid-degerfeld\/louisiana-kid-07062013-1dfh-005.jpg?t=1773342602\" data-thumbnail=\"https:\/\/wp.1dfh.de\/wordpress\/wp-content\/gallery\/louisiana-kid-degerfeld\/cache\/louisiana-kid-07062013-1dfh-005.jpg-nggid0526867-ngg0dyn-100x100x100-00f0w010c011r110f110r010t010.jpg?t=1773342602\" data-title=\"Louisiana Kid Degerfeld\" data-description=\"Louisiana Kid Degerfeld\">\n\t\t\t<img title=\"Louisiana Kid Degerfeld\"\n\t\t\t\talt=\"Louisiana Kid Degerfeld\"\n\t\t\t\tdata-image-id=\"26867\"\n\t\t\t\tsrc=\"\"\/>\n\t\t<\/a>\n\t\t\t<a href=\"https:\/\/wp.1dfh.de\/wordpress\/wp-content\/gallery\/louisiana-kid-degerfeld\/louisiana-kid-07062013-1dfh-006.jpg?t=1773342602\"\n\t\t\ttitle=\"Louisiana Kid Degerfeld\"\n\t\t\t\t\t\t\t\t\t\t\t\t\t\t\t data-image-id=\"26868\" data-src=\"https:\/\/wp.1dfh.de\/wordpress\/wp-content\/gallery\/louisiana-kid-degerfeld\/louisiana-kid-07062013-1dfh-006.jpg?t=1773342602\" data-thumbnail=\"https:\/\/wp.1dfh.de\/wordpress\/wp-content\/gallery\/louisiana-kid-degerfeld\/cache\/louisiana-kid-07062013-1dfh-006.jpg-nggid0526868-ngg0dyn-100x100x100-00f0w010c011r110f110r010t010.jpg?t=1773342602\" data-title=\"Louisiana Kid Degerfeld\" data-description=\"Louisiana Kid Degerfeld\">\n\t\t\t<img title=\"Louisiana Kid Degerfeld\"\n\t\t\t\talt=\"Louisiana Kid Degerfeld\"\n\t\t\t\tdata-image-id=\"26868\"\n\t\t\t\tsrc=\"\"\/>\n\t\t<\/a>\n\t\t\t<a href=\"https:\/\/wp.1dfh.de\/wordpress\/wp-content\/gallery\/louisiana-kid-degerfeld\/louisiana-kid-07062013-1dfh-007.jpg?t=1773342602\"\n\t\t\ttitle=\"Louisiana Kid Degerfeld\"\n\t\t\t\t\t\t\t\t\t\t\t\t\t\t\t data-image-id=\"26869\" data-src=\"https:\/\/wp.1dfh.de\/wordpress\/wp-content\/gallery\/louisiana-kid-degerfeld\/louisiana-kid-07062013-1dfh-007.jpg?t=1773342602\" data-thumbnail=\"https:\/\/wp.1dfh.de\/wordpress\/wp-content\/gallery\/louisiana-kid-degerfeld\/cache\/louisiana-kid-07062013-1dfh-007.jpg-nggid0526869-ngg0dyn-100x100x100-00f0w010c011r110f110r010t010.jpg?t=1773342602\" data-title=\"Louisiana Kid Degerfeld\" data-description=\"Louisiana Kid Degerfeld\">\n\t\t\t<img title=\"Louisiana Kid Degerfeld\"\n\t\t\t\talt=\"Louisiana Kid Degerfeld\"\n\t\t\t\tdata-image-id=\"26869\"\n\t\t\t\tsrc=\"\"\/>\n\t\t<\/a>\n\t\t\t<a href=\"https:\/\/wp.1dfh.de\/wordpress\/wp-content\/gallery\/louisiana-kid-degerfeld\/louisiana-kid-07062013-1dfh-008.jpg?t=1773342602\"\n\t\t\ttitle=\"Louisiana Kid Degerfeld\"\n\t\t\t\t\t\t\t\t\t\t\t\t\t\t\t data-image-id=\"26870\" data-src=\"https:\/\/wp.1dfh.de\/wordpress\/wp-content\/gallery\/louisiana-kid-degerfeld\/louisiana-kid-07062013-1dfh-008.jpg?t=1773342602\" data-thumbnail=\"https:\/\/wp.1dfh.de\/wordpress\/wp-content\/gallery\/louisiana-kid-degerfeld\/cache\/louisiana-kid-07062013-1dfh-008.jpg-nggid0526870-ngg0dyn-100x100x100-00f0w010c011r110f110r010t010.jpg?t=1773342602\" data-title=\"Louisiana Kid Degerfeld\" data-description=\"Louisiana Kid Degerfeld\">\n\t\t\t<img title=\"Louisiana Kid Degerfeld\"\n\t\t\t\talt=\"Louisiana Kid Degerfeld\"\n\t\t\t\tdata-image-id=\"26870\"\n\t\t\t\tsrc=\"\"\/>\n\t\t<\/a>\n\t\t\t<a href=\"https:\/\/wp.1dfh.de\/wordpress\/wp-content\/gallery\/louisiana-kid-degerfeld\/louisiana-kid-07062013-1dfh-009.jpg?t=1773342602\"\n\t\t\ttitle=\"Louisiana Kid Degerfeld\"\n\t\t\t\t\t\t\t\t\t\t\t\t\t\t\t data-image-id=\"26871\" data-src=\"https:\/\/wp.1dfh.de\/wordpress\/wp-content\/gallery\/louisiana-kid-degerfeld\/louisiana-kid-07062013-1dfh-009.jpg?t=1773342602\" data-thumbnail=\"https:\/\/wp.1dfh.de\/wordpress\/wp-content\/gallery\/louisiana-kid-degerfeld\/cache\/louisiana-kid-07062013-1dfh-009.jpg-nggid0526871-ngg0dyn-100x100x100-00f0w010c011r110f110r010t010.jpg?t=1773342602\" data-title=\"Louisiana Kid Degerfeld\" data-description=\"Louisiana Kid Degerfeld\">\n\t\t\t<img title=\"Louisiana Kid Degerfeld\"\n\t\t\t\talt=\"Louisiana Kid Degerfeld\"\n\t\t\t\tdata-image-id=\"26871\"\n\t\t\t\tsrc=\"\"\/>\n\t\t<\/a>\n\t<\/div>\n","protected":false},"excerpt":{"rendered":"<p>Mobile Legenden am 17. Juli 2016 Mobile Rarit\u00e4ten zu Lande und in der Luft 4. Oldtimer- und Luftfahrtfestival \u201eMobile Legenden \u201c am 17. Juli 2016 Das mittlerweile sehr beliebte und gut besuchte Oldtimer- und Luftfahrtfestival \u201eMobile Legenden\u201c in Eutingen im G\u00e4u geht am Sonntag, dem 17. Juli, in die vierte Runde und wartet neben den &hellip; <a href=\"https:\/\/wp.1dfh.de\/wordpress\/4-oldtimer-und-luftfahrtfestival-eutingen-gaeu-17-07-2016\/\" class=\"more-link\"><span class=\"screen-reader-text\">4. Oldtimer- und Luftfahrtfestival Eutingen (G\u00e4u) 17.07.2016<\/span> weiterlesen <span class=\"meta-nav\">&rarr;<\/span><\/a><\/p>\n","protected":false},"author":2,"featured_media":29638,"comment_status":"open","ping_status":"open","sticky":false,"template":"","format":"standard","meta":{"ngg_post_thumbnail":0,"footnotes":""},"categories":[15,18,6,9],"tags":[13111,680,12675,11334,12634,12635,12636,11154,271,12640,12674,12641,5792,12604],"class_list":["post-29068","post","type-post","status-publish","format-standard","has-post-thumbnail","hentry","category-ausstellungen","category-flugveranstaltungen","category-fotos","category-termine","tag-4-oldtimer-und-luftfahrtfestival","tag-av-36","tag-bernd-brodbeck","tag-cricri","tag-eutingen","tag-flugsportgruppe-hanns-klemm-boblingen-e-v","tag-flugsportverein-rottenburg-horb-e-v","tag-flugtag","tag-jak-52","tag-louisiana-kid","tag-mobile-legenden","tag-mustang-p-51-d","tag-pilatus-b4","tag-wilhelm-heinz"],"_links":{"self":[{"href":"https:\/\/wp.1dfh.de\/wordpress\/wp-json\/wp\/v2\/posts\/29068","targetHints":{"allow":["GET"]}}],"collection":[{"href":"https:\/\/wp.1dfh.de\/wordpress\/wp-json\/wp\/v2\/posts"}],"about":[{"href":"https:\/\/wp.1dfh.de\/wordpress\/wp-json\/wp\/v2\/types\/post"}],"author":[{"embeddable":true,"href":"https:\/\/wp.1dfh.de\/wordpress\/wp-json\/wp\/v2\/users\/2"}],"replies":[{"embeddable":true,"href":"https:\/\/wp.1dfh.de\/wordpress\/wp-json\/wp\/v2\/comments?post=29068"}],"version-history":[{"count":14,"href":"https:\/\/wp.1dfh.de\/wordpress\/wp-json\/wp\/v2\/posts\/29068\/revisions"}],"predecessor-version":[{"id":29964,"href":"https:\/\/wp.1dfh.de\/wordpress\/wp-json\/wp\/v2\/posts\/29068\/revisions\/29964"}],"wp:featuredmedia":[{"embeddable":true,"href":"https:\/\/wp.1dfh.de\/wordpress\/wp-json\/wp\/v2\/media\/29638"}],"wp:attachment":[{"href":"https:\/\/wp.1dfh.de\/wordpress\/wp-json\/wp\/v2\/media?parent=29068"}],"wp:term":[{"taxonomy":"category","embeddable":true,"href":"https:\/\/wp.1dfh.de\/wordpress\/wp-json\/wp\/v2\/categories?post=29068"},{"taxonomy":"post_tag","embeddable":true,"href":"https:\/\/wp.1dfh.de\/wordpress\/wp-json\/wp\/v2\/tags?post=29068"}],"curies":[{"name":"wp","href":"https:\/\/api.w.org\/{rel}","templated":true}]}}