{"id":29500,"date":"2016-09-17T19:32:47","date_gmt":"2016-09-17T17:32:47","guid":{"rendered":"http:\/\/wp.1dfh.de\/wordpress\/?p=29500"},"modified":"2016-10-03T22:03:34","modified_gmt":"2016-10-03T20:03:34","slug":"modellflugtage-esslingen-17-09-18-09-2016","status":"publish","type":"post","link":"https:\/\/wp.1dfh.de\/wordpress\/modellflugtage-esslingen-17-09-18-09-2016\/","title":{"rendered":"Modellflugtage Esslingen 17.09. &#8211; 18.09.2016"},"content":{"rendered":"<figure id=\"attachment_8342\" aria-describedby=\"caption-attachment-8342\" style=\"width: 475px\" class=\"wp-caption alignnone\"><a href=\"http:\/\/www.mfg-esslingen.de\/aktuelle-news\/modellflugtage-2016\/index.html\"><img loading=\"lazy\" decoding=\"async\" class=\"size-full wp-image-8342\" src=\"http:\/\/mfc-hohenzollern.de\/wp-content\/uploads\/modellflugtag-esslingen2016.jpg\" alt=\"Modellflugtag Esslingen 2016\" width=\"475\" height=\"617\" \/><\/a><figcaption id=\"caption-attachment-8342\" class=\"wp-caption-text\">Modellflugtag Esslingen 2016<\/figcaption><\/figure>\n<ul>\n<li><a href=\"http:\/\/mfc-hohenzollern.de\/wp-content\/uploads\/EinladungModellflugtageEsslingen2016.pdf\">EinladungModellflugtageEsslingen2016<\/a><\/li>\n<\/ul>\n<p>Hallo Modellfliegerfreunde,<\/p>\n<p>anbei die Einladung zu unseren diesj\u00e4hrigen Modellflugtagen am 17. und 18. September 2016.<\/p>\n<p>Wie jedes Jahr unter dem Motto: Alles was fliegt!<br \/>\nD.h. jede Art Modellflugzeug ist willkommen. Es geht uns darum den Zuschauern die Vielseitigkeit unseres interessanten Hobbys zu pr\u00e4sentieren.<\/p>\n<p>An die Piloten mit Modellen \u00fcber 25 kg: Bitte m\u00f6glichst fr\u00fchzeitig, sp\u00e4testens bis Ende Juli 2015, melden damit wir die Genehmigung noch beantragen k\u00f6nnen.<br \/>\nSamstagabend werden wir auch wieder ein Abend\/Nachtfliegen durchf\u00fchren, bitte kurze R\u00fcckmeldung mit welchen Modellen Ihr daran teilnehmen wollt damit wir etwas besser planen k\u00f6nnen.<br \/>\nF\u00fcr das abendliche fliegen mit beleuchteten Modellen werden wir Verbrenner betriebene Flugmodelle ausschlie\u00dfen.<\/p>\n<p>Nach dem Abend\/Nachtfliegen wird es wieder ein gem\u00fctliches Beisammen sein der Piloten geben.<\/p>\n<p>Weitere Infos auf unserer Homepage: www.mfg-esslingen.de<\/p>\n<p>Mit freundlichen Gr\u00fc\u00dfen<\/p>\n<p>Andreas Neumann<\/p>\n<p>(Schriftf\u00fchrer MFG Esslingen e.V.)<\/p>\n<p><img decoding=\"async\" class=\"ngg-singlepic ngg-none\" src=\"http:\/\/wp.1dfh.de\/wordpress\/wp-content\/gallery\/modellflugtage-esslingen-17-09-2016\/esslingen.jpg\" alt=\"Modellflugtage Esslingen 17.09.2016\" \/><\/p>\n<p>ngg_shortcode_0_placeholder<br \/>\n[gmap]<\/p>\n<div class=\"ngg-related-gallery\">\n\t\t\t<a href=\"https:\/\/wp.1dfh.de\/wordpress\/wp-content\/gallery\/3-tp-tr-rt\/IMG_1516.jpg?t=1770668399\"\n\t\t\ttitle=\"Robert Sixt, Nachtflug,\"\n\t\t\t\t\t\t\t\t\t\t\t\t\t\t\t data-image-id=\"901\" data-src=\"https:\/\/wp.1dfh.de\/wordpress\/wp-content\/gallery\/3-tp-tr-rt\/IMG_1516.jpg?t=1770668399\" data-thumbnail=\"https:\/\/wp.1dfh.de\/wordpress\/wp-content\/gallery\/3-tp-tr-rt\/cache\/IMG_1516.jpg-nggid03901-ngg0dyn-100x100x100-00f0w010c011r110f110r010t010.jpg?t=1770668399\" data-title=\"IMG_1516\" data-description=\"Robert Sixt, Nachtflug,\">\n\t\t\t<img title=\"IMG_1516\"\n\t\t\t\talt=\"IMG_1516\"\n\t\t\t\tdata-image-id=\"901\"\n\t\t\t\tsrc=\"\"\/>\n\t\t<\/a>\n\t\t\t<a href=\"https:\/\/wp.1dfh.de\/wordpress\/wp-content\/gallery\/3-tp-tr-rt\/IMG_1521.jpg?t=1773494654\"\n\t\t\ttitle=\"Robert Sixt, Nachtflug,\"\n\t\t\t\t\t\t\t\t\t\t\t\t\t\t\t data-image-id=\"902\" data-src=\"https:\/\/wp.1dfh.de\/wordpress\/wp-content\/gallery\/3-tp-tr-rt\/IMG_1521.jpg?t=1773494654\" data-thumbnail=\"https:\/\/wp.1dfh.de\/wordpress\/wp-content\/gallery\/3-tp-tr-rt\/cache\/IMG_1521.jpg-nggid03902-ngg0dyn-100x100x100-00f0w010c011r110f110r010t010.jpg?t=1773494654\" data-title=\"IMG_1521\" data-description=\"Robert Sixt, Nachtflug,\">\n\t\t\t<img title=\"IMG_1521\"\n\t\t\t\talt=\"IMG_1521\"\n\t\t\t\tdata-image-id=\"902\"\n\t\t\t\tsrc=\"\"\/>\n\t\t<\/a>\n\t\t\t<a href=\"https:\/\/wp.1dfh.de\/wordpress\/wp-content\/gallery\/mhm2006\/IMG_3244.jpg?t=1773339160\"\n\t\t\ttitle=\" \"\n\t\t\t\t\t\t\t\t\t\t\t\t\t\t\t data-image-id=\"1365\" data-src=\"https:\/\/wp.1dfh.de\/wordpress\/wp-content\/gallery\/mhm2006\/IMG_3244.jpg?t=1773339160\" data-thumbnail=\"https:\/\/wp.1dfh.de\/wordpress\/wp-content\/gallery\/mhm2006\/cache\/IMG_3244.jpg-nggid041365-ngg0dyn-100x100x100-00f0w010c011r110f110r010t010.jpg?t=1773339160\" data-title=\"IMG_3244\" data-description=\" \">\n\t\t\t<img title=\"IMG_3244\"\n\t\t\t\talt=\"IMG_3244\"\n\t\t\t\tdata-image-id=\"1365\"\n\t\t\t\tsrc=\"\"\/>\n\t\t<\/a>\n\t\t\t<a href=\"https:\/\/wp.1dfh.de\/wordpress\/wp-content\/gallery\/mhm2006\/IMG_3254.jpg?t=1773339169\"\n\t\t\ttitle=\" \"\n\t\t\t\t\t\t\t\t\t\t\t\t\t\t\t data-image-id=\"1366\" data-src=\"https:\/\/wp.1dfh.de\/wordpress\/wp-content\/gallery\/mhm2006\/IMG_3254.jpg?t=1773339169\" data-thumbnail=\"https:\/\/wp.1dfh.de\/wordpress\/wp-content\/gallery\/mhm2006\/cache\/IMG_3254.jpg-nggid041366-ngg0dyn-100x100x100-00f0w010c011r110f110r010t010.jpg?t=1773339169\" data-title=\"IMG_3254\" data-description=\" \">\n\t\t\t<img title=\"IMG_3254\"\n\t\t\t\talt=\"IMG_3254\"\n\t\t\t\tdata-image-id=\"1366\"\n\t\t\t\tsrc=\"\"\/>\n\t\t<\/a>\n\t\t\t<a href=\"https:\/\/wp.1dfh.de\/wordpress\/wp-content\/gallery\/mhm2006\/IMG_3259.jpg?t=1773339160\"\n\t\t\ttitle=\" \"\n\t\t\t\t\t\t\t\t\t\t\t\t\t\t\t data-image-id=\"1367\" data-src=\"https:\/\/wp.1dfh.de\/wordpress\/wp-content\/gallery\/mhm2006\/IMG_3259.jpg?t=1773339160\" data-thumbnail=\"https:\/\/wp.1dfh.de\/wordpress\/wp-content\/gallery\/mhm2006\/cache\/IMG_3259.jpg-nggid041367-ngg0dyn-100x100x100-00f0w010c011r110f110r010t010.jpg?t=1773339160\" data-title=\"IMG_3259\" data-description=\" \">\n\t\t\t<img title=\"IMG_3259\"\n\t\t\t\talt=\"IMG_3259\"\n\t\t\t\tdata-image-id=\"1367\"\n\t\t\t\tsrc=\"\"\/>\n\t\t<\/a>\n\t\t\t<a href=\"https:\/\/wp.1dfh.de\/wordpress\/wp-content\/gallery\/mhm2006\/IMG_3272.jpg?t=1773339160\"\n\t\t\ttitle=\" \"\n\t\t\t\t\t\t\t\t\t\t\t\t\t\t\t data-image-id=\"1368\" data-src=\"https:\/\/wp.1dfh.de\/wordpress\/wp-content\/gallery\/mhm2006\/IMG_3272.jpg?t=1773339160\" data-thumbnail=\"https:\/\/wp.1dfh.de\/wordpress\/wp-content\/gallery\/mhm2006\/cache\/IMG_3272.jpg-nggid041368-ngg0dyn-100x100x100-00f0w010c011r110f110r010t010.jpg?t=1773339160\" data-title=\"IMG_3272\" data-description=\" \">\n\t\t\t<img title=\"IMG_3272\"\n\t\t\t\talt=\"IMG_3272\"\n\t\t\t\tdata-image-id=\"1368\"\n\t\t\t\tsrc=\"\"\/>\n\t\t<\/a>\n\t\t\t<a href=\"https:\/\/wp.1dfh.de\/wordpress\/wp-content\/gallery\/mhm2006\/IMG_3279.jpg?t=1773339160\"\n\t\t\ttitle=\" \"\n\t\t\t\t\t\t\t\t\t\t\t\t\t\t\t data-image-id=\"1369\" data-src=\"https:\/\/wp.1dfh.de\/wordpress\/wp-content\/gallery\/mhm2006\/IMG_3279.jpg?t=1773339160\" data-thumbnail=\"https:\/\/wp.1dfh.de\/wordpress\/wp-content\/gallery\/mhm2006\/cache\/IMG_3279.jpg-nggid041369-ngg0dyn-100x100x100-00f0w010c011r110f110r010t010.jpg?t=1773339160\" data-title=\"IMG_3279\" data-description=\" \">\n\t\t\t<img title=\"IMG_3279\"\n\t\t\t\talt=\"IMG_3279\"\n\t\t\t\tdata-image-id=\"1369\"\n\t\t\t\tsrc=\"\"\/>\n\t\t<\/a>\n\t<\/div>\n","protected":false},"excerpt":{"rendered":"<p>EinladungModellflugtageEsslingen2016 Hallo Modellfliegerfreunde, anbei die Einladung zu unseren diesj\u00e4hrigen Modellflugtagen am 17. und 18. September 2016. Wie jedes Jahr unter dem Motto: Alles was fliegt! D.h. jede Art Modellflugzeug ist willkommen. Es geht uns darum den Zuschauern die Vielseitigkeit unseres interessanten Hobbys zu pr\u00e4sentieren. An die Piloten mit Modellen \u00fcber 25 kg: Bitte m\u00f6glichst fr\u00fchzeitig, &hellip; <a href=\"https:\/\/wp.1dfh.de\/wordpress\/modellflugtage-esslingen-17-09-18-09-2016\/\" class=\"more-link\"><span class=\"screen-reader-text\">Modellflugtage Esslingen 17.09. &#8211; 18.09.2016<\/span> weiterlesen <span class=\"meta-nav\">&rarr;<\/span><\/a><\/p>\n","protected":false},"author":2,"featured_media":0,"comment_status":"open","ping_status":"open","sticky":false,"template":"","format":"standard","meta":{"ngg_post_thumbnail":0,"footnotes":""},"categories":[18,6,9],"tags":[1122,10562,10563,11224,11230,1121],"class_list":["post-29500","post","type-post","status-publish","format-standard","hentry","category-flugveranstaltungen","category-fotos","category-termine","tag-esslingen","tag-modellfluggruppe-esslingen","tag-modellfluggruppe-esslingen-e-v","tag-modellflugtag","tag-nachtflug","tag-segelflugplatz-jagerhaus"],"_links":{"self":[{"href":"https:\/\/wp.1dfh.de\/wordpress\/wp-json\/wp\/v2\/posts\/29500","targetHints":{"allow":["GET"]}}],"collection":[{"href":"https:\/\/wp.1dfh.de\/wordpress\/wp-json\/wp\/v2\/posts"}],"about":[{"href":"https:\/\/wp.1dfh.de\/wordpress\/wp-json\/wp\/v2\/types\/post"}],"author":[{"embeddable":true,"href":"https:\/\/wp.1dfh.de\/wordpress\/wp-json\/wp\/v2\/users\/2"}],"replies":[{"embeddable":true,"href":"https:\/\/wp.1dfh.de\/wordpress\/wp-json\/wp\/v2\/comments?post=29500"}],"version-history":[{"count":5,"href":"https:\/\/wp.1dfh.de\/wordpress\/wp-json\/wp\/v2\/posts\/29500\/revisions"}],"predecessor-version":[{"id":30343,"href":"https:\/\/wp.1dfh.de\/wordpress\/wp-json\/wp\/v2\/posts\/29500\/revisions\/30343"}],"wp:attachment":[{"href":"https:\/\/wp.1dfh.de\/wordpress\/wp-json\/wp\/v2\/media?parent=29500"}],"wp:term":[{"taxonomy":"category","embeddable":true,"href":"https:\/\/wp.1dfh.de\/wordpress\/wp-json\/wp\/v2\/categories?post=29500"},{"taxonomy":"post_tag","embeddable":true,"href":"https:\/\/wp.1dfh.de\/wordpress\/wp-json\/wp\/v2\/tags?post=29500"}],"curies":[{"name":"wp","href":"https:\/\/api.w.org\/{rel}","templated":true}]}}