{"id":29597,"date":"2016-05-12T16:09:30","date_gmt":"2016-05-12T14:09:30","guid":{"rendered":"http:\/\/wp.1dfh.de\/wordpress\/?p=29597"},"modified":"2016-05-13T08:27:28","modified_gmt":"2016-05-13T06:27:28","slug":"br-quer-12-05-2016","status":"publish","type":"post","link":"https:\/\/wp.1dfh.de\/wordpress\/br-quer-12-05-2016\/","title":{"rendered":"br: quer 12.05.2016"},"content":{"rendered":"<figure id=\"attachment_17575\" aria-describedby=\"caption-attachment-17575\" style=\"width: 51px\" class=\"wp-caption alignright\"><a href=\"http:\/\/www.br.de\/fernsehen\/bayerisches-fernsehen\/index.html\" target=\"_blank\"><img loading=\"lazy\" decoding=\"async\" class=\"size-full wp-image-17575\" title=\"Bayerisches Fernsehen\" src=\"http:\/\/wp.1dfh.de\/wordpress\/wp-content\/uploads\/logo_home1.png\" alt=\"Bayerisches Fernsehen\" width=\"51\" height=\"40\" \/><\/a><figcaption id=\"caption-attachment-17575\" class=\"wp-caption-text\">Bayerisches Fernsehen<\/figcaption><\/figure>\n<p>quer am 12.05.<br \/>\nDie Themen der Sendung<\/p>\n<p>Kampf um den Luftraum \/\/ Abst\u00fcrzende Balkone \/\/ Anbinde-Verbot im Kuhstall \/\/ Planlose Abiturienten \/\/ Ausverkauf in Wunsiedel &#8211; u.v.m. in dieser quer-Sendung: <\/p>\n<p>Wem geh\u00f6rt der Himmel? Mit dieser Frage besch\u00e4ftigen sich gerade nicht nur Modellflieger und Drohnenpiloten. Bundesverkehrsminister Dobrindt plant mit einem neuen Gesetz die private Fliegerei stark einzuschr\u00e4nken. Zu oft sind inzwischen schon Drohnen in gef\u00e4hrliche N\u00e4he von Passagierflugzeugen oder Rettungshubschraubern gekommen. Doch geht es Dobrindt wirklich nur um unsere Sicherheit? Oder sollen die Hobby-Flieger den Luftraum f\u00fcr kommerzielle Drohnennutzer wie Google und Amazon r\u00e4umen?<br \/>\nhttps:\/\/www.youtube.com\/watch?v=PGiRBRAT9jU<\/p>\n<p><iframe loading=\"lazy\" style=\"border: none; overflow: hidden;\" src=\"https:\/\/www.facebook.com\/plugins\/video.php?href=https%3A%2F%2Fwww.facebook.com%2Fquer%2Fvideos%2Fvb.103687920727%2F10153389305165728%2F%3Ftype%3D3&amp;show_text=1&amp;width=560\" width=\"560\" height=\"477\" frameborder=\"0\" scrolling=\"no\"><\/iframe><\/p>\n<div class=\"ngg-related-gallery\">\n\t\t\t<a href=\"https:\/\/wp.1dfh.de\/wordpress\/wp-content\/gallery\/garten-25-05-2011\/1dfh-wanne2011-00.jpg?t=1773342409\"\n\t\t\ttitle=\"Gleitschirme und Modellflieger an der Wanne\"\n\t\t\t\t\t\t\t\t\t\t\t\t\t\t\t data-image-id=\"11461\" data-src=\"https:\/\/wp.1dfh.de\/wordpress\/wp-content\/gallery\/garten-25-05-2011\/1dfh-wanne2011-00.jpg?t=1773342409\" data-thumbnail=\"https:\/\/wp.1dfh.de\/wordpress\/wp-content\/gallery\/garten-25-05-2011\/cache\/1dfh-wanne2011-00.jpg-nggid0511461-ngg0dyn-100x100x100-00f0w010c011r110f110r010t010.jpg?t=1773342409\" data-title=\"Gleitschirme und Modellflieger an der Wanne\" data-description=\"Gleitschirme und Modellflieger an der Wanne\">\n\t\t\t<img title=\"Gleitschirme und Modellflieger an der Wanne\"\n\t\t\t\talt=\"Gleitschirme und Modellflieger an der Wanne\"\n\t\t\t\tdata-image-id=\"11461\"\n\t\t\t\tsrc=\"\"\/>\n\t\t<\/a>\n\t\t\t<a href=\"https:\/\/wp.1dfh.de\/wordpress\/wp-content\/gallery\/garten-25-05-2011\/1dfh-wanne2011-01.jpg?t=1773342409\"\n\t\t\ttitle=\"Gleitschirme und Modellflieger an der Wanne\"\n\t\t\t\t\t\t\t\t\t\t\t\t\t\t\t data-image-id=\"11462\" data-src=\"https:\/\/wp.1dfh.de\/wordpress\/wp-content\/gallery\/garten-25-05-2011\/1dfh-wanne2011-01.jpg?t=1773342409\" data-thumbnail=\"https:\/\/wp.1dfh.de\/wordpress\/wp-content\/gallery\/garten-25-05-2011\/cache\/1dfh-wanne2011-01.jpg-nggid0511462-ngg0dyn-100x100x100-00f0w010c011r110f110r010t010.jpg?t=1773342409\" data-title=\"Gleitschirme und Modellflieger an der Wanne\" data-description=\"Gleitschirme und Modellflieger an der Wanne\">\n\t\t\t<img title=\"Gleitschirme und Modellflieger an der Wanne\"\n\t\t\t\talt=\"Gleitschirme und Modellflieger an der Wanne\"\n\t\t\t\tdata-image-id=\"11462\"\n\t\t\t\tsrc=\"\"\/>\n\t\t<\/a>\n\t\t\t<a href=\"https:\/\/wp.1dfh.de\/wordpress\/wp-content\/gallery\/garten-25-05-2011\/1dfh-wanne2011-02.jpg?t=1773342418\"\n\t\t\ttitle=\"Gleitschirme und Modellflieger an der Wanne\"\n\t\t\t\t\t\t\t\t\t\t\t\t\t\t\t data-image-id=\"11463\" data-src=\"https:\/\/wp.1dfh.de\/wordpress\/wp-content\/gallery\/garten-25-05-2011\/1dfh-wanne2011-02.jpg?t=1773342418\" data-thumbnail=\"https:\/\/wp.1dfh.de\/wordpress\/wp-content\/gallery\/garten-25-05-2011\/cache\/1dfh-wanne2011-02.jpg-nggid0511463-ngg0dyn-100x100x100-00f0w010c011r110f110r010t010.jpg?t=1773342418\" data-title=\"Gleitschirme und Modellflieger an der Wanne\" data-description=\"Gleitschirme und Modellflieger an der Wanne\">\n\t\t\t<img title=\"Gleitschirme und Modellflieger an der Wanne\"\n\t\t\t\talt=\"Gleitschirme und Modellflieger an der Wanne\"\n\t\t\t\tdata-image-id=\"11463\"\n\t\t\t\tsrc=\"\"\/>\n\t\t<\/a>\n\t\t\t<a href=\"https:\/\/wp.1dfh.de\/wordpress\/wp-content\/gallery\/garten-25-05-2011\/1dfh-wanne2011-03.jpg?t=1773342409\"\n\t\t\ttitle=\"Gleitschirme und Modellflieger an der Wanne\"\n\t\t\t\t\t\t\t\t\t\t\t\t\t\t\t data-image-id=\"11464\" data-src=\"https:\/\/wp.1dfh.de\/wordpress\/wp-content\/gallery\/garten-25-05-2011\/1dfh-wanne2011-03.jpg?t=1773342409\" data-thumbnail=\"https:\/\/wp.1dfh.de\/wordpress\/wp-content\/gallery\/garten-25-05-2011\/cache\/1dfh-wanne2011-03.jpg-nggid0511464-ngg0dyn-100x100x100-00f0w010c011r110f110r010t010.jpg?t=1773342409\" data-title=\"Gleitschirme und Modellflieger an der Wanne\" data-description=\"Gleitschirme und Modellflieger an der Wanne\">\n\t\t\t<img title=\"Gleitschirme und Modellflieger an der Wanne\"\n\t\t\t\talt=\"Gleitschirme und Modellflieger an der Wanne\"\n\t\t\t\tdata-image-id=\"11464\"\n\t\t\t\tsrc=\"\"\/>\n\t\t<\/a>\n\t\t\t<a href=\"https:\/\/wp.1dfh.de\/wordpress\/wp-content\/gallery\/aero-2011\/ja_aero110146.jpg?t=1773342409\"\n\t\t\ttitle=\"Aero Friedrichshafenhalle A1 Modellflieger\"\n\t\t\t\t\t\t\t\t\t\t\t\t\t\t\t data-image-id=\"10561\" data-src=\"https:\/\/wp.1dfh.de\/wordpress\/wp-content\/gallery\/aero-2011\/ja_aero110146.jpg?t=1773342409\" data-thumbnail=\"https:\/\/wp.1dfh.de\/wordpress\/wp-content\/gallery\/aero-2011\/cache\/ja_aero110146.jpg-nggid0510561-ngg0dyn-100x100x100-00f0w010c011r110f110r010t010.jpg?t=1773342409\" data-title=\"Aero Friedrichshafenhalle A1 Modellflieger\" data-description=\"Aero Friedrichshafenhalle A1 Modellflieger\">\n\t\t\t<img title=\"Aero Friedrichshafenhalle A1 Modellflieger\"\n\t\t\t\talt=\"Aero Friedrichshafenhalle A1 Modellflieger\"\n\t\t\t\tdata-image-id=\"10561\"\n\t\t\t\tsrc=\"\"\/>\n\t\t<\/a>\n\t\t\t<a href=\"https:\/\/wp.1dfh.de\/wordpress\/wp-content\/gallery\/aero-2011\/114_aero2011_messefn.jpg?t=1773342418\"\n\t\t\ttitle=\"Aero Friedrichshafenhalle A1 Modellflieger\"\n\t\t\t\t\t\t\t\t\t\t\t\t\t\t\t data-image-id=\"10563\" data-src=\"https:\/\/wp.1dfh.de\/wordpress\/wp-content\/gallery\/aero-2011\/114_aero2011_messefn.jpg?t=1773342418\" data-thumbnail=\"https:\/\/wp.1dfh.de\/wordpress\/wp-content\/gallery\/aero-2011\/cache\/114_aero2011_messefn.jpg-nggid0510563-ngg0dyn-100x100x100-00f0w010c011r110f110r010t010.jpg?t=1773342418\" data-title=\"Aero Friedrichshafenhalle A1modellflieger\" data-description=\"Aero Friedrichshafenhalle A1 Modellflieger\">\n\t\t\t<img title=\"Aero Friedrichshafenhalle A1modellflieger\"\n\t\t\t\talt=\"Aero Friedrichshafenhalle A1modellflieger\"\n\t\t\t\tdata-image-id=\"10563\"\n\t\t\t\tsrc=\"\"\/>\n\t\t<\/a>\n\t<\/div>\n","protected":false},"excerpt":{"rendered":"<p>quer am 12.05. Die Themen der Sendung Kampf um den Luftraum \/\/ Abst\u00fcrzende Balkone \/\/ Anbinde-Verbot im Kuhstall \/\/ Planlose Abiturienten \/\/ Ausverkauf in Wunsiedel &#8211; u.v.m. in dieser quer-Sendung: Wem geh\u00f6rt der Himmel? Mit dieser Frage besch\u00e4ftigen sich gerade nicht nur Modellflieger und Drohnenpiloten. Bundesverkehrsminister Dobrindt plant mit einem neuen Gesetz die private Fliegerei &hellip; <a href=\"https:\/\/wp.1dfh.de\/wordpress\/br-quer-12-05-2016\/\" class=\"more-link\"><span class=\"screen-reader-text\">br: quer 12.05.2016<\/span> weiterlesen <span class=\"meta-nav\">&rarr;<\/span><\/a><\/p>\n","protected":false},"author":2,"featured_media":17575,"comment_status":"open","ping_status":"open","sticky":false,"template":"","format":"standard","meta":{"ngg_post_thumbnail":0,"footnotes":""},"categories":[9,10,11],"tags":[13247,5019,4563,11521,6972,13396],"class_list":["post-29597","post","type-post","status-publish","format-standard","has-post-thumbnail","hentry","category-termine","category-tv-sendungen","category-videos","tag-alexander-dobrindt","tag-bayerisches-fernsehen","tag-br","tag-modellflieger","tag-multikopter","tag-quer"],"_links":{"self":[{"href":"https:\/\/wp.1dfh.de\/wordpress\/wp-json\/wp\/v2\/posts\/29597","targetHints":{"allow":["GET"]}}],"collection":[{"href":"https:\/\/wp.1dfh.de\/wordpress\/wp-json\/wp\/v2\/posts"}],"about":[{"href":"https:\/\/wp.1dfh.de\/wordpress\/wp-json\/wp\/v2\/types\/post"}],"author":[{"embeddable":true,"href":"https:\/\/wp.1dfh.de\/wordpress\/wp-json\/wp\/v2\/users\/2"}],"replies":[{"embeddable":true,"href":"https:\/\/wp.1dfh.de\/wordpress\/wp-json\/wp\/v2\/comments?post=29597"}],"version-history":[{"count":5,"href":"https:\/\/wp.1dfh.de\/wordpress\/wp-json\/wp\/v2\/posts\/29597\/revisions"}],"predecessor-version":[{"id":29602,"href":"https:\/\/wp.1dfh.de\/wordpress\/wp-json\/wp\/v2\/posts\/29597\/revisions\/29602"}],"wp:featuredmedia":[{"embeddable":true,"href":"https:\/\/wp.1dfh.de\/wordpress\/wp-json\/wp\/v2\/media\/17575"}],"wp:attachment":[{"href":"https:\/\/wp.1dfh.de\/wordpress\/wp-json\/wp\/v2\/media?parent=29597"}],"wp:term":[{"taxonomy":"category","embeddable":true,"href":"https:\/\/wp.1dfh.de\/wordpress\/wp-json\/wp\/v2\/categories?post=29597"},{"taxonomy":"post_tag","embeddable":true,"href":"https:\/\/wp.1dfh.de\/wordpress\/wp-json\/wp\/v2\/tags?post=29597"}],"curies":[{"name":"wp","href":"https:\/\/api.w.org\/{rel}","templated":true}]}}