{"id":29734,"date":"2016-06-01T18:12:18","date_gmt":"2016-06-01T16:12:18","guid":{"rendered":"http:\/\/wp.1dfh.de\/wordpress\/tag-der-bundeswehr-neuburg-donau-12-06-2016-copy\/"},"modified":"2016-06-08T08:06:08","modified_gmt":"2016-06-08T06:06:08","slug":"tag-der-bundeswehr-stetten-am-kalten-markt-11-06-2016","status":"publish","type":"post","link":"https:\/\/wp.1dfh.de\/wordpress\/tag-der-bundeswehr-stetten-am-kalten-markt-11-06-2016\/","title":{"rendered":"Tag der Bundeswehr Stetten am kalten Markt 11.06.2016"},"content":{"rendered":"<figure id=\"attachment_29732\" aria-describedby=\"caption-attachment-29732\" style=\"width: 400px\" class=\"wp-caption aligncenter\"><a href=\"https:\/\/tag-der-bundeswehr.de\/\" target=\"_blank\"><img loading=\"lazy\" decoding=\"async\" class=\"wp-image-29732 size-full\" src=\"http:\/\/wp.1dfh.de\/wordpress\/wp-content\/uploads\/Tag-der-Bundeswehr.jpg\" alt=\"Tag der Bundeswehr\" width=\"400\" height=\"266\" srcset=\"https:\/\/wp.1dfh.de\/wordpress\/wp-content\/uploads\/Tag-der-Bundeswehr.jpg 400w, https:\/\/wp.1dfh.de\/wordpress\/wp-content\/uploads\/Tag-der-Bundeswehr-300x200.jpg 300w\" sizes=\"auto, (max-width: 400px) 100vw, 400px\" \/><\/a><figcaption id=\"caption-attachment-29732\" class=\"wp-caption-text\">Tag der Bundeswehr<\/figcaption><\/figure>\n<h3>Tag der Bundeswehr<br \/>\nSTETTEN A.K. MARKT<\/h3>\n<p>Am 11. Juni \u00f6ffnet die Albkaserne\/ Lager Heuberg ab 10 Uhr ihre Tore und l\u00e4dt alle Besucher ein, die Bundeswehr am gr\u00f6\u00dften Standort im S\u00fcdwesten Deutschlands zu erleben. Auf die G\u00e4ste wartet ein buntes, abwechslungsreiches und spannendes Programm f\u00fcr die ganze Familie.<\/p>\n<p>https:\/\/www.youtube.com\/watch?v=RzSFeG77-A4<\/p>\n<h3>Die Highlights in Stetten a. k. Markt<\/h3>\n<p>Zu den Highlights z\u00e4hlen die dynamische Waffenschau oder die Luftfahrzeug-brandbek\u00e4mpfung an einer der modernsten Feuerwehr-Ausbildungsst\u00e4tten Europas. Erleben Sie die tierischen Helfer der Bundeswehr, die Minensuchhunde, in Aktion oder \u00fcberzeugen Sie sich von der Leistungsf\u00e4higkeit des Sanit\u00e4tsdienstes und beobachten Sie, wie Fallschirmspringer aus einem Flugzeug springen und lautlos der Erde entgegenschweben. Neben den Live-Vorf\u00fchrungen erwarten Sie zus\u00e4tzlich zahlreiche Aussteller und Exponate aus anderen Bereichen der Bundeswehr. Die Besucher k\u00f6nnen Rad- \/Kettenfahrzeuge und Feuerwehrfahrzeuge besichtigen, aber auch das \u00f6rtliche Bundeswehrdienstleistungszentrum pr\u00e4sentiert seinen Fuhrpark und erkl\u00e4rt den Auftrag der \u201eTruppe hinter der Truppe\u201c.<\/p>\n<h3>Abwechslungsreiches B\u00fchnenprogramm<\/h3>\n<p>Nat\u00fcrlich ist auch f\u00fcr ein abwechslungsreiches B\u00fchnenprogramm gesorgt: Es gibt z.B. Interviews mit Vertretern der Patengemeinden und der Reservistenmusikzug 28 aus Ulm wird den Tag der Bundeswehr vor Ort musikalisch begleiten. Es werden aber auch Spitzensportler der Bundeswehr sowie das Karriere-Center Stuttgart anzutreffen sein. Der Besuch des Tages der Bundeswehr in Stetten ist eine sehr gute Gelegenheit, sich ein eigenes Bild \u00fcber die vielf\u00e4ltigen beruflichen M\u00f6glichkeiten im milit\u00e4rischen und zivilen Bereich der Bundeswehr zu machen.<\/p>\n<h3>Highlight-Exponate am Standort:<\/h3>\n<p>Boxer, Eagle, YAK, Transportpanzer Fuchs, Rettungszentrum, Rettungsstation, Br\u00fcckenlegepanzer Biber, PiPz Dachs, Minenr\u00e4umPz Keiler, BergePz B\u00fcffel, BergePz 2, Fennek, Leopard, Marder, Panzerhaubitze 2000, Raketenwerfer Mars II, Feuerwehrfahrzeuge BW , Fahrzeuge f\u00fcr die Gel\u00e4ndebearbeitung und vieles mehr.<\/p>\n<h3>Allgemeine Informationen zu Stetten am kalten Markt<\/h3>\n<p>Stetten am kalten Markt ist eine Gemeinde im Landkreis Sigmaringen in Baden-W\u00fcrttemberg. \u00dcberregional ist Stetten mit dem Truppen\u00fcbungsplatz Heuberg, dem Lager Heuberg und der Albkaserne als Milit\u00e4rstandort bekannt. Dieser wird in diesem Jahr zum gr\u00f6\u00dften Standort im S\u00fcdwesten anwachsen.<br \/>\nIn einer sch\u00f6nen Landschaft im Herzen des Naturparks &#8222;Obere Donau&#8220; liegt die Gemeinde Stetten am kalten Markt mit den Ortsteilen Frohnstetten, Storzingen, Nusplingen und Glash\u00fctte.<br \/>\nDie im Zuge der Gemeindereform im Jahr 1975 entstandene neue Gemeinde Stetten am kalten Markt liegt auf der Hochfl\u00e4che des Heubergs zwischen dem romantischen Donau- und Schmeietal. Sehr gut erreichbar ist Stetten \u00fcber die B463 und mit der Deutschen Bundesbahn (Bahnhof Storzingen). Mit rund 5.000 Einwohnern z\u00e4hlt Stetten zu den gro\u00dfen Gemeinden im Landkreis Sigmaringen. Als gro\u00dfer Milit\u00e4rstandort bietet Stetten eine sehr gute infrastrukturelle Ausstattung und ist im Regionalplan Bodensee-Oberschwaben als Kleinzentrum ausgewiesen.<\/p>\n<div class=\"ngg-related-gallery\">\n\t\t\t<a href=\"https:\/\/wp.1dfh.de\/wordpress\/wp-content\/gallery\/garten-27-06-2013\/garten-27062013-1dfh000.jpg?t=1773537489\"\n\t\t\ttitle=\"Garten\"\n\t\t\t\t\t\t\t\t\t\t\t\t\t\t\t data-image-id=\"28024\" data-src=\"https:\/\/wp.1dfh.de\/wordpress\/wp-content\/gallery\/garten-27-06-2013\/garten-27062013-1dfh000.jpg?t=1773537489\" data-thumbnail=\"https:\/\/wp.1dfh.de\/wordpress\/wp-content\/gallery\/garten-27-06-2013\/cache\/garten-27062013-1dfh000.jpg-nggid0528024-ngg0dyn-100x100x100-00f0w010c011r110f110r010t010.jpg?t=1773537489\" data-title=\"Garten\" data-description=\"Garten\">\n\t\t\t<img title=\"Garten\"\n\t\t\t\talt=\"Garten\"\n\t\t\t\tdata-image-id=\"28024\"\n\t\t\t\tsrc=\"\"\/>\n\t\t<\/a>\n\t\t\t<a href=\"https:\/\/wp.1dfh.de\/wordpress\/wp-content\/gallery\/garten-27-06-2013\/garten-27062013-1dfh001.jpg?t=1773485341\"\n\t\t\ttitle=\"Garten\"\n\t\t\t\t\t\t\t\t\t\t\t\t\t\t\t data-image-id=\"28025\" data-src=\"https:\/\/wp.1dfh.de\/wordpress\/wp-content\/gallery\/garten-27-06-2013\/garten-27062013-1dfh001.jpg?t=1773485341\" data-thumbnail=\"https:\/\/wp.1dfh.de\/wordpress\/wp-content\/gallery\/garten-27-06-2013\/cache\/garten-27062013-1dfh001.jpg-nggid0528025-ngg0dyn-100x100x100-00f0w010c011r110f110r010t010.jpg?t=1773485341\" data-title=\"Garten\" data-description=\"Garten\">\n\t\t\t<img title=\"Garten\"\n\t\t\t\talt=\"Garten\"\n\t\t\t\tdata-image-id=\"28025\"\n\t\t\t\tsrc=\"\"\/>\n\t\t<\/a>\n\t\t\t<a href=\"https:\/\/wp.1dfh.de\/wordpress\/wp-content\/gallery\/garten-27-06-2013\/garten-27062013-1dfh002.jpg?t=1773485341\"\n\t\t\ttitle=\"Garten\"\n\t\t\t\t\t\t\t\t\t\t\t\t\t\t\t data-image-id=\"28026\" data-src=\"https:\/\/wp.1dfh.de\/wordpress\/wp-content\/gallery\/garten-27-06-2013\/garten-27062013-1dfh002.jpg?t=1773485341\" data-thumbnail=\"https:\/\/wp.1dfh.de\/wordpress\/wp-content\/gallery\/garten-27-06-2013\/cache\/garten-27062013-1dfh002.jpg-nggid0528026-ngg0dyn-100x100x100-00f0w010c011r110f110r010t010.jpg?t=1773485341\" data-title=\"Garten\" data-description=\"Garten\">\n\t\t\t<img title=\"Garten\"\n\t\t\t\talt=\"Garten\"\n\t\t\t\tdata-image-id=\"28026\"\n\t\t\t\tsrc=\"\"\/>\n\t\t<\/a>\n\t\t\t<a href=\"https:\/\/wp.1dfh.de\/wordpress\/wp-content\/gallery\/garten-30-08-2016\/1dfh-30082016-0000.jpg?t=1773485341\"\n\t\t\ttitle=\"Garten 30.08.2016\"\n\t\t\t\t\t\t\t\t\t\t\t\t\t\t\t data-image-id=\"57393\" data-src=\"https:\/\/wp.1dfh.de\/wordpress\/wp-content\/gallery\/garten-30-08-2016\/1dfh-30082016-0000.jpg?t=1773485341\" data-thumbnail=\"https:\/\/wp.1dfh.de\/wordpress\/wp-content\/gallery\/garten-30-08-2016\/cache\/1dfh-30082016-0000.jpg-nggid0557393-ngg0dyn-100x100x100-00f0w010c011r110f110r010t010.jpg?t=1773485341\" data-title=\"Garten 30.08.2016\" data-description=\"Garten 30.08.2016\">\n\t\t\t<img title=\"Garten 30.08.2016\"\n\t\t\t\talt=\"Garten 30.08.2016\"\n\t\t\t\tdata-image-id=\"57393\"\n\t\t\t\tsrc=\"\"\/>\n\t\t<\/a>\n\t\t\t<a href=\"https:\/\/wp.1dfh.de\/wordpress\/wp-content\/gallery\/garten-30-08-2016\/1dfh-30082016-0001.jpg?t=1773485341\"\n\t\t\ttitle=\"Garten 30.08.2016\"\n\t\t\t\t\t\t\t\t\t\t\t\t\t\t\t data-image-id=\"57394\" data-src=\"https:\/\/wp.1dfh.de\/wordpress\/wp-content\/gallery\/garten-30-08-2016\/1dfh-30082016-0001.jpg?t=1773485341\" data-thumbnail=\"https:\/\/wp.1dfh.de\/wordpress\/wp-content\/gallery\/garten-30-08-2016\/cache\/1dfh-30082016-0001.jpg-nggid0557394-ngg0dyn-100x100x100-00f0w010c011r110f110r010t010.jpg?t=1773485341\" data-title=\"Garten 30.08.2016\" data-description=\"Garten 30.08.2016\">\n\t\t\t<img title=\"Garten 30.08.2016\"\n\t\t\t\talt=\"Garten 30.08.2016\"\n\t\t\t\tdata-image-id=\"57394\"\n\t\t\t\tsrc=\"\"\/>\n\t\t<\/a>\n\t\t\t<a href=\"https:\/\/wp.1dfh.de\/wordpress\/wp-content\/gallery\/garten-30-08-2016\/1dfh-30082016-0002.jpg?t=1773485341\"\n\t\t\ttitle=\"Garten 30.08.2016\"\n\t\t\t\t\t\t\t\t\t\t\t\t\t\t\t data-image-id=\"57395\" data-src=\"https:\/\/wp.1dfh.de\/wordpress\/wp-content\/gallery\/garten-30-08-2016\/1dfh-30082016-0002.jpg?t=1773485341\" data-thumbnail=\"https:\/\/wp.1dfh.de\/wordpress\/wp-content\/gallery\/garten-30-08-2016\/cache\/1dfh-30082016-0002.jpg-nggid0557395-ngg0dyn-100x100x100-00f0w010c011r110f110r010t010.jpg?t=1773485341\" data-title=\"Garten 30.08.2016\" data-description=\"Garten 30.08.2016\">\n\t\t\t<img title=\"Garten 30.08.2016\"\n\t\t\t\talt=\"Garten 30.08.2016\"\n\t\t\t\tdata-image-id=\"57395\"\n\t\t\t\tsrc=\"\"\/>\n\t\t<\/a>\n\t\t\t<a href=\"https:\/\/wp.1dfh.de\/wordpress\/wp-content\/gallery\/garten-30-08-2016\/1dfh-30082016-0003.jpg?t=1773485350\"\n\t\t\ttitle=\"Garten 30.08.2016\"\n\t\t\t\t\t\t\t\t\t\t\t\t\t\t\t data-image-id=\"57396\" data-src=\"https:\/\/wp.1dfh.de\/wordpress\/wp-content\/gallery\/garten-30-08-2016\/1dfh-30082016-0003.jpg?t=1773485350\" data-thumbnail=\"https:\/\/wp.1dfh.de\/wordpress\/wp-content\/gallery\/garten-30-08-2016\/cache\/1dfh-30082016-0003.jpg-nggid0557396-ngg0dyn-100x100x100-00f0w010c011r110f110r010t010.jpg?t=1773485350\" data-title=\"Garten 30.08.2016\" data-description=\"Garten 30.08.2016\">\n\t\t\t<img title=\"Garten 30.08.2016\"\n\t\t\t\talt=\"Garten 30.08.2016\"\n\t\t\t\tdata-image-id=\"57396\"\n\t\t\t\tsrc=\"\"\/>\n\t\t<\/a>\n\t<\/div>\n","protected":false},"excerpt":{"rendered":"<p>Tag der Bundeswehr STETTEN A.K. MARKT Am 11. Juni \u00f6ffnet die Albkaserne\/ Lager Heuberg ab 10 Uhr ihre Tore und l\u00e4dt alle Besucher ein, die Bundeswehr am gr\u00f6\u00dften Standort im S\u00fcdwesten Deutschlands zu erleben. Auf die G\u00e4ste wartet ein buntes, abwechslungsreiches und spannendes Programm f\u00fcr die ganze Familie. https:\/\/www.youtube.com\/watch?v=RzSFeG77-A4 Die Highlights in Stetten a. k. &hellip; <a href=\"https:\/\/wp.1dfh.de\/wordpress\/tag-der-bundeswehr-stetten-am-kalten-markt-11-06-2016\/\" class=\"more-link\"><span class=\"screen-reader-text\">Tag der Bundeswehr Stetten am kalten Markt 11.06.2016<\/span> weiterlesen <span class=\"meta-nav\">&rarr;<\/span><\/a><\/p>\n","protected":false},"author":2,"featured_media":0,"comment_status":"open","ping_status":"open","sticky":false,"template":"","format":"standard","meta":{"ngg_post_thumbnail":0,"footnotes":""},"categories":[15,9,11],"tags":[11452,13434,10679],"class_list":["post-29734","post","type-post","status-publish","format-standard","hentry","category-ausstellungen","category-termine","category-videos","tag-bundeswehr","tag-stetten-am-kalten-markt","tag-tag-der-bundeswehr"],"_links":{"self":[{"href":"https:\/\/wp.1dfh.de\/wordpress\/wp-json\/wp\/v2\/posts\/29734","targetHints":{"allow":["GET"]}}],"collection":[{"href":"https:\/\/wp.1dfh.de\/wordpress\/wp-json\/wp\/v2\/posts"}],"about":[{"href":"https:\/\/wp.1dfh.de\/wordpress\/wp-json\/wp\/v2\/types\/post"}],"author":[{"embeddable":true,"href":"https:\/\/wp.1dfh.de\/wordpress\/wp-json\/wp\/v2\/users\/2"}],"replies":[{"embeddable":true,"href":"https:\/\/wp.1dfh.de\/wordpress\/wp-json\/wp\/v2\/comments?post=29734"}],"version-history":[{"count":6,"href":"https:\/\/wp.1dfh.de\/wordpress\/wp-json\/wp\/v2\/posts\/29734\/revisions"}],"predecessor-version":[{"id":29778,"href":"https:\/\/wp.1dfh.de\/wordpress\/wp-json\/wp\/v2\/posts\/29734\/revisions\/29778"}],"wp:attachment":[{"href":"https:\/\/wp.1dfh.de\/wordpress\/wp-json\/wp\/v2\/media?parent=29734"}],"wp:term":[{"taxonomy":"category","embeddable":true,"href":"https:\/\/wp.1dfh.de\/wordpress\/wp-json\/wp\/v2\/categories?post=29734"},{"taxonomy":"post_tag","embeddable":true,"href":"https:\/\/wp.1dfh.de\/wordpress\/wp-json\/wp\/v2\/tags?post=29734"}],"curies":[{"name":"wp","href":"https:\/\/api.w.org\/{rel}","templated":true}]}}