{"id":29748,"date":"2016-06-03T00:30:03","date_gmt":"2016-06-02T22:30:03","guid":{"rendered":"http:\/\/wp.1dfh.de\/wordpress\/?p=29748"},"modified":"2016-06-03T18:29:43","modified_gmt":"2016-06-03T16:29:43","slug":"3sat-nano-spezial-drohnen-boom-03-06-2016","status":"publish","type":"post","link":"https:\/\/wp.1dfh.de\/wordpress\/3sat-nano-spezial-drohnen-boom-03-06-2016\/","title":{"rendered":"3sat: nano spezial: Drohnen-Boom 03.06.2016"},"content":{"rendered":"<figure id=\"attachment_22044\" aria-describedby=\"caption-attachment-22044\" style=\"width: 236px\" class=\"wp-caption alignright\"><a href=\"http:\/\/www.3sat.de\" target=\"_blank\"><img loading=\"lazy\" decoding=\"async\" class=\"size-full wp-image-22044 \" title=\"3sat\" src=\"http:\/\/wp.1dfh.de\/wordpress\/wp-content\/uploads\/3sat_hd_n_236x1351.jpg\" alt=\"3sat\" width=\"236\" height=\"135\" srcset=\"https:\/\/wp.1dfh.de\/wordpress\/wp-content\/uploads\/3sat_hd_n_236x1351.jpg 236w, https:\/\/wp.1dfh.de\/wordpress\/wp-content\/uploads\/3sat_hd_n_236x1351-150x85.jpg 150w\" sizes=\"auto, (max-width: 236px) 100vw, 236px\" \/><\/a><figcaption id=\"caption-attachment-22044\" class=\"wp-caption-text\"><a href=\"http:\/\/www.3sat.de\" target=\"_blank\">3sat<\/a><\/figcaption><\/figure>\n<p>Am Himmel wird&#8217;s voll<br \/>\nModeration: Alexandra Kr\u00f6ber<br \/>\nErstausstrahlung<\/p>\n<p>Die Sendung kommt direkt von der ILA \u2013 der Internationalen Luft- und Raumfahrtausstellung in Berlin. Das ist die Leistungsschau f\u00fcr alles Technische, das sich \u00fcber unseren K\u00f6pfen bewegt.<\/p>\n<p>F\u00fcr nano ist Moderatorin Alexandra Kr\u00f6ber auf der Messe unterwegs. Sie schaut hier unten, was sich dort oben alles so tut. Sie trifft Ingenieure, Wissenschaftler und Experten in Sachen Autonomes Fliegen, Kriege der Zukunft und Satelliten-Erkundung.<\/p>\n<p>Am Himmel tut sich so einiges: Drohnen erobern den Luftraum: Ferngesteuerte Flugger\u00e4te, die fast alles k\u00f6nnen, was richtige Flieger auch k\u00f6nnen \u2013 inklusive Krieg f\u00fchren, aber auch Forschung treiben und atemberaubende Rennen fliegen.<\/p>\n<p>Noch weiter oben ist es bereits gut voll: Satelliten haben den Orbit bev\u00f6lkert. Von dort haben Forscher die Erde am besten im Blick und gewinnen faszinierende und erstaunlich detailreiche Erkenntnisse \u00fcber unseren blauen Planeten.<\/p>\n<div style=\"width: 474px;\" class=\"wp-video\"><video class=\"wp-video-shortcode\" id=\"video-29748-1\" width=\"474\" height=\"267\" preload=\"metadata\" controls=\"controls\"><source type=\"video\/mp4\" src=\"http:\/\/rodl.zdf.de\/none\/3sat\/16\/06\/160603_sendung_nano_1456k_p13v12.mp4?_=1\" \/><a href=\"http:\/\/rodl.zdf.de\/none\/3sat\/16\/06\/160603_sendung_nano_1456k_p13v12.mp4\">http:\/\/rodl.zdf.de\/none\/3sat\/16\/06\/160603_sendung_nano_1456k_p13v12.mp4<\/a><\/video><\/div>\n","protected":false},"excerpt":{"rendered":"<p>Am Himmel wird&#8217;s voll Moderation: Alexandra Kr\u00f6ber Erstausstrahlung Die Sendung kommt direkt von der ILA \u2013 der Internationalen Luft- und Raumfahrtausstellung in Berlin. Das ist die Leistungsschau f\u00fcr alles Technische, das sich \u00fcber unseren K\u00f6pfen bewegt. F\u00fcr nano ist Moderatorin Alexandra Kr\u00f6ber auf der Messe unterwegs. Sie schaut hier unten, was sich dort oben alles &hellip; <a href=\"https:\/\/wp.1dfh.de\/wordpress\/3sat-nano-spezial-drohnen-boom-03-06-2016\/\" class=\"more-link\"><span class=\"screen-reader-text\">3sat: nano spezial: Drohnen-Boom 03.06.2016<\/span> weiterlesen <span class=\"meta-nav\">&rarr;<\/span><\/a><\/p>\n","protected":false},"author":2,"featured_media":22044,"comment_status":"open","ping_status":"open","sticky":false,"template":"","format":"standard","meta":{"ngg_post_thumbnail":0,"footnotes":""},"categories":[3,1315,9,10,11],"tags":[8768,13239,3670],"class_list":["post-29748","post","type-post","status-publish","format-standard","has-post-thumbnail","hentry","category-aktuelles","category-neues","category-termine","category-tv-sendungen","category-videos","tag-3sat","tag-drohnen","tag-ila"],"_links":{"self":[{"href":"https:\/\/wp.1dfh.de\/wordpress\/wp-json\/wp\/v2\/posts\/29748","targetHints":{"allow":["GET"]}}],"collection":[{"href":"https:\/\/wp.1dfh.de\/wordpress\/wp-json\/wp\/v2\/posts"}],"about":[{"href":"https:\/\/wp.1dfh.de\/wordpress\/wp-json\/wp\/v2\/types\/post"}],"author":[{"embeddable":true,"href":"https:\/\/wp.1dfh.de\/wordpress\/wp-json\/wp\/v2\/users\/2"}],"replies":[{"embeddable":true,"href":"https:\/\/wp.1dfh.de\/wordpress\/wp-json\/wp\/v2\/comments?post=29748"}],"version-history":[{"count":3,"href":"https:\/\/wp.1dfh.de\/wordpress\/wp-json\/wp\/v2\/posts\/29748\/revisions"}],"predecessor-version":[{"id":29756,"href":"https:\/\/wp.1dfh.de\/wordpress\/wp-json\/wp\/v2\/posts\/29748\/revisions\/29756"}],"wp:featuredmedia":[{"embeddable":true,"href":"https:\/\/wp.1dfh.de\/wordpress\/wp-json\/wp\/v2\/media\/22044"}],"wp:attachment":[{"href":"https:\/\/wp.1dfh.de\/wordpress\/wp-json\/wp\/v2\/media?parent=29748"}],"wp:term":[{"taxonomy":"category","embeddable":true,"href":"https:\/\/wp.1dfh.de\/wordpress\/wp-json\/wp\/v2\/categories?post=29748"},{"taxonomy":"post_tag","embeddable":true,"href":"https:\/\/wp.1dfh.de\/wordpress\/wp-json\/wp\/v2\/tags?post=29748"}],"curies":[{"name":"wp","href":"https:\/\/api.w.org\/{rel}","templated":true}]}}