{"id":30041,"date":"2016-08-12T12:53:50","date_gmt":"2016-08-12T10:53:50","guid":{"rendered":"http:\/\/wp.1dfh.de\/wordpress\/20-kinderfest-flughafen-stuttgart-10-08-2014-copy\/"},"modified":"2016-08-12T21:29:58","modified_gmt":"2016-08-12T19:29:58","slug":"20-kinderfest-flughafen-stuttgart-10-08-2014-copy","status":"publish","type":"post","link":"https:\/\/wp.1dfh.de\/wordpress\/20-kinderfest-flughafen-stuttgart-10-08-2014-copy\/","title":{"rendered":"22. Kinderfest Flughafen-Stuttgart 14.08.2016"},"content":{"rendered":"<figure id=\"attachment_30044\" aria-describedby=\"caption-attachment-30044\" style=\"width: 600px\" class=\"wp-caption alignnone\"><a href=\"http:\/\/www.flughafen-stuttgart.de\/reisende-und-besucher\/22-kinderfest\/programm-und-partner\/\" target=\"_blank\"><img loading=\"lazy\" decoding=\"async\" class=\"wp-image-30044 size-full\" src=\"http:\/\/wp.1dfh.de\/wordpress\/wp-content\/uploads\/grosses-kinderfest-2016.jpg\" alt=\"Gro\u00dfes Kinderfest am Flughafen Stuttgart\" width=\"600\" height=\"222\" srcset=\"https:\/\/wp.1dfh.de\/wordpress\/wp-content\/uploads\/grosses-kinderfest-2016.jpg 600w, https:\/\/wp.1dfh.de\/wordpress\/wp-content\/uploads\/grosses-kinderfest-2016-300x111.jpg 300w\" sizes=\"auto, (max-width: 600px) 100vw, 600px\" \/><\/a><figcaption id=\"caption-attachment-30044\" class=\"wp-caption-text\">Gro\u00dfes Kinderfest am Flughafen Stuttgart<\/figcaption><\/figure>\n<p><strong><em>Am Sonntag, 14. August 2016 feiert der Flughafen zum 22. Mal sein Gro\u00dfes Kinderfest. Von 11 Uhr bis 17 Uhr gibt es f\u00fcr alle Kinder viele Gratisaktionen zum Mitmachen und Vorf\u00fchrungen von Hundestaffeln. Der Flughafen rechnet mit mehr als 20.000 Besuchern, die sich auf dem Festgel\u00e4nde auf den Parkpl\u00e4tzen P3 und P5 und auf der Besucherterrasse tummeln werden. Im Jahr der Sommerolympiade stehen die rund 40 Aktionen unter dem Motto \u201eHol dir deine Goldmedaille\u201c.\u00a0<\/em><\/strong><\/p>\n<p>Highlight unter den Angeboten ist dieses Mal ein besonderer H\u00f6henflug: Mit dem Air-Emotion-Kran der Lufthansa k\u00f6nnen Schwindelfreie ab 5 Jahren richtig abheben. Der Aussichtskran hebt Neugierige \u00a0angeschnallt bis zu 40 Meter freifliegend in die H\u00f6he, von wo aus man einen prima \u00dcberblick \u00fcber das gesamte Kinderfest hat. Direkt nebenan gibt es in der Fotobox der Lufthansa Fotos und Selfies gleich ausgedruckt zum Mitnehmen, und Bastelf\u00fcchse wird es in die A 380 Flugzeug-Bastelschule ziehen.<\/p>\n<p>Sportlich bet\u00e4tigen k\u00f6nnen sich Jungen und M\u00e4dchen beim Bungy-Trampolin, auf der H\u00fcpfburg, auf den Freestyle-Trampolinen oder beim Fu\u00dfballgolf. F\u00fcr die J\u00fcngeren stehen Mini-Flugzeuge und Pedalos bereit, die Kleinsten k\u00f6nnen sich in der Babylounge austoben. Gleichgewichtssinn ist gefragt im Burton Riglet Park, in dem Kinder gut gesch\u00fctzt auf Plastik-Snowboards verschiedene Wippen und Rampen befahren k\u00f6nnen oder sich schlicht von Mama oder Papa ein St\u00fcck weit ziehen lassen k\u00f6nnen.<\/p>\n<p>Wieder mit dabei sind die Pferde der Reiterstaffel der Landespolizei, die auch in der N\u00e4he des Airports Streife reiten. Bew\u00e4hrte Publikumsmagnete sind die Hundestaffeln des Zolls, der Bundespolizei und der Malteser: Sie zeigen in ihren Vorf\u00fchrungen, wie Personen aufgesp\u00fcrt oder versteckte Dinge erschn\u00fcffelt werden. Hinaus aufs Vorfeld geht es bei den gratis Flughafenrundfahrten; eine Anmeldung vorab ist dabei zwingend erforderlich, anmelden kann man sich \u00fcber das Internet unter der Adresse <a href=\"http:\/\/www.str-event.de\/\" target=\"_blank\">www.str-event.de<\/a>.<\/p>\n<p>Auf der B\u00fchne gibt es bei mehreren Ziehungen viele sch\u00f6ne Sachpreise zu gewinnen, darunter Fl\u00fcge f\u00fcr zwei Personen mit den Fluggesellschaften Condor und Eurowings, einen Rundflug f\u00fcr zwei Personen mit der Airline TUI, zwei Fr\u00fchst\u00fccksgutscheine f\u00fcr das M\u00f6venpick Hotel Stuttgart Airport &amp; Messe oder zweimal vier Eintrittskarten f\u00fcr den Europapark Rust.<\/p>\n<p>Der Eintritt auf die Besucherterrasse ist w\u00e4hrend des Festes frei; von dort l\u00e4sst sich das Geschehen auf dem Vorfeld und das Starten und Landen der Flugzeuge bestens beobachten. Mitglieder der Flugzeugspotter-Vereinigung Aviation Community Stuttgart sind dort vor Ort und erkl\u00e4ren fachkundig das Geschehen auf dem Vorfeld.<\/p>\n<p>F\u00fcr die Anfahrt zum Flughafen empfehlen sich die \u00f6ffentlichen Verkehrsmittel, bei den S-Bahnlinien werden f\u00fcr das Kinderfest Langz\u00fcge eingesetzt. Besucher des Kinderfests, die mit dem Auto kommen, k\u00f6nnen im Parkhaus P20 (Boschparkhaus \u00fcber der Autobahn\u00a0 A 8) f\u00fcr eine Sonderpauschale von 2,50 Euro parken. Gezahlt wird das Ticket an den Kassenautomaten des Parkhauses direkt vor Ort.<\/p>\n<p>Quelle: <a href=\"http:\/\/www.flughafen-stuttgart.de\/sys\/index.php\" target=\"_blank\">www.stuttgart-airport.com<\/a>.<\/p>\n<div class=\"ngg-related-gallery\">\n\t\t\t<a href=\"https:\/\/wp.1dfh.de\/wordpress\/wp-content\/gallery\/flughafen-stuttgart-13-10-2013\/1dfh-flughafen-stuttgart-238.jpg?t=1773342600\"\n\t\t\ttitle=\"Flughafen Stuttgart\"\n\t\t\t\t\t\t\t\t\t\t\t\t\t\t\t data-image-id=\"33423\" data-src=\"https:\/\/wp.1dfh.de\/wordpress\/wp-content\/gallery\/flughafen-stuttgart-13-10-2013\/1dfh-flughafen-stuttgart-238.jpg?t=1773342600\" data-thumbnail=\"https:\/\/wp.1dfh.de\/wordpress\/wp-content\/gallery\/flughafen-stuttgart-13-10-2013\/cache\/1dfh-flughafen-stuttgart-238.jpg-nggid0533423-ngg0dyn-100x100x100-00f0w010c011r110f110r010t010.jpg?t=1773342600\" data-title=\"Flughafen Stuttgart\" data-description=\"Flughafen Stuttgart\">\n\t\t\t<img title=\"Flughafen Stuttgart\"\n\t\t\t\talt=\"Flughafen Stuttgart\"\n\t\t\t\tdata-image-id=\"33423\"\n\t\t\t\tsrc=\"\"\/>\n\t\t<\/a>\n\t\t\t<a href=\"https:\/\/wp.1dfh.de\/wordpress\/wp-content\/gallery\/flughafen-stuttgart-13-10-2013\/1dfh-flughafen-stuttgart-239.jpg?t=1773342600\"\n\t\t\ttitle=\"Flughafen Stuttgart\"\n\t\t\t\t\t\t\t\t\t\t\t\t\t\t\t data-image-id=\"33424\" data-src=\"https:\/\/wp.1dfh.de\/wordpress\/wp-content\/gallery\/flughafen-stuttgart-13-10-2013\/1dfh-flughafen-stuttgart-239.jpg?t=1773342600\" data-thumbnail=\"https:\/\/wp.1dfh.de\/wordpress\/wp-content\/gallery\/flughafen-stuttgart-13-10-2013\/cache\/1dfh-flughafen-stuttgart-239.jpg-nggid0533424-ngg0dyn-100x100x100-00f0w010c011r110f110r010t010.jpg?t=1773342600\" data-title=\"Flughafen Stuttgart\" data-description=\"Flughafen Stuttgart\">\n\t\t\t<img title=\"Flughafen Stuttgart\"\n\t\t\t\talt=\"Flughafen Stuttgart\"\n\t\t\t\tdata-image-id=\"33424\"\n\t\t\t\tsrc=\"\"\/>\n\t\t<\/a>\n\t\t\t<a href=\"https:\/\/wp.1dfh.de\/wordpress\/wp-content\/gallery\/flughafen-stuttgart-13-10-2013\/1dfh-flughafen-stuttgart-240.jpg?t=1773342600\"\n\t\t\ttitle=\"Flughafen Stuttgart\"\n\t\t\t\t\t\t\t\t\t\t\t\t\t\t\t data-image-id=\"33425\" data-src=\"https:\/\/wp.1dfh.de\/wordpress\/wp-content\/gallery\/flughafen-stuttgart-13-10-2013\/1dfh-flughafen-stuttgart-240.jpg?t=1773342600\" data-thumbnail=\"https:\/\/wp.1dfh.de\/wordpress\/wp-content\/gallery\/flughafen-stuttgart-13-10-2013\/cache\/1dfh-flughafen-stuttgart-240.jpg-nggid0533425-ngg0dyn-100x100x100-00f0w010c011r110f110r010t010.jpg?t=1773342600\" data-title=\"Flughafen Stuttgart\" data-description=\"Flughafen Stuttgart\">\n\t\t\t<img title=\"Flughafen Stuttgart\"\n\t\t\t\talt=\"Flughafen Stuttgart\"\n\t\t\t\tdata-image-id=\"33425\"\n\t\t\t\tsrc=\"\"\/>\n\t\t<\/a>\n\t\t\t<a href=\"https:\/\/wp.1dfh.de\/wordpress\/wp-content\/gallery\/flughafen-stuttgart-13-10-2013\/1dfh-flughafen-stuttgart-241.jpg?t=1773342600\"\n\t\t\ttitle=\"Flughafen Stuttgart\"\n\t\t\t\t\t\t\t\t\t\t\t\t\t\t\t data-image-id=\"33426\" data-src=\"https:\/\/wp.1dfh.de\/wordpress\/wp-content\/gallery\/flughafen-stuttgart-13-10-2013\/1dfh-flughafen-stuttgart-241.jpg?t=1773342600\" data-thumbnail=\"https:\/\/wp.1dfh.de\/wordpress\/wp-content\/gallery\/flughafen-stuttgart-13-10-2013\/cache\/1dfh-flughafen-stuttgart-241.jpg-nggid0533426-ngg0dyn-100x100x100-00f0w010c011r110f110r010t010.jpg?t=1773342600\" data-title=\"Flughafen Stuttgart\" data-description=\"Flughafen Stuttgart\">\n\t\t\t<img title=\"Flughafen Stuttgart\"\n\t\t\t\talt=\"Flughafen Stuttgart\"\n\t\t\t\tdata-image-id=\"33426\"\n\t\t\t\tsrc=\"\"\/>\n\t\t<\/a>\n\t\t\t<a href=\"https:\/\/wp.1dfh.de\/wordpress\/wp-content\/gallery\/flughafen-stuttgart-13-10-2013\/1dfh-flughafen-stuttgart-242.jpg?t=1773390874\"\n\t\t\ttitle=\"Flughafen Stuttgart\"\n\t\t\t\t\t\t\t\t\t\t\t\t\t\t\t data-image-id=\"33427\" data-src=\"https:\/\/wp.1dfh.de\/wordpress\/wp-content\/gallery\/flughafen-stuttgart-13-10-2013\/1dfh-flughafen-stuttgart-242.jpg?t=1773390874\" data-thumbnail=\"https:\/\/wp.1dfh.de\/wordpress\/wp-content\/gallery\/flughafen-stuttgart-13-10-2013\/cache\/1dfh-flughafen-stuttgart-242.jpg-nggid0533427-ngg0dyn-100x100x100-00f0w010c011r110f110r010t010.jpg?t=1773390874\" data-title=\"Flughafen Stuttgart\" data-description=\"Flughafen Stuttgart\">\n\t\t\t<img title=\"Flughafen Stuttgart\"\n\t\t\t\talt=\"Flughafen Stuttgart\"\n\t\t\t\tdata-image-id=\"33427\"\n\t\t\t\tsrc=\"\"\/>\n\t\t<\/a>\n\t\t\t<a href=\"https:\/\/wp.1dfh.de\/wordpress\/wp-content\/gallery\/flughafen-stuttgart-13-10-2013\/1dfh-flughafen-stuttgart-243.jpg?t=1773390885\"\n\t\t\ttitle=\"Flughafen Stuttgart\"\n\t\t\t\t\t\t\t\t\t\t\t\t\t\t\t data-image-id=\"33428\" data-src=\"https:\/\/wp.1dfh.de\/wordpress\/wp-content\/gallery\/flughafen-stuttgart-13-10-2013\/1dfh-flughafen-stuttgart-243.jpg?t=1773390885\" data-thumbnail=\"https:\/\/wp.1dfh.de\/wordpress\/wp-content\/gallery\/flughafen-stuttgart-13-10-2013\/cache\/1dfh-flughafen-stuttgart-243.jpg-nggid0533428-ngg0dyn-100x100x100-00f0w010c011r110f110r010t010.jpg?t=1773390885\" data-title=\"Flughafen Stuttgart\" data-description=\"Flughafen Stuttgart\">\n\t\t\t<img title=\"Flughafen Stuttgart\"\n\t\t\t\talt=\"Flughafen Stuttgart\"\n\t\t\t\tdata-image-id=\"33428\"\n\t\t\t\tsrc=\"\"\/>\n\t\t<\/a>\n\t\t\t<a href=\"https:\/\/wp.1dfh.de\/wordpress\/wp-content\/gallery\/flughafen-stuttgart-13-10-2013\/1dfh-flughafen-stuttgart-244.jpg?t=1773428492\"\n\t\t\ttitle=\"Flughafen Stuttgart\"\n\t\t\t\t\t\t\t\t\t\t\t\t\t\t\t data-image-id=\"33429\" data-src=\"https:\/\/wp.1dfh.de\/wordpress\/wp-content\/gallery\/flughafen-stuttgart-13-10-2013\/1dfh-flughafen-stuttgart-244.jpg?t=1773428492\" data-thumbnail=\"https:\/\/wp.1dfh.de\/wordpress\/wp-content\/gallery\/flughafen-stuttgart-13-10-2013\/cache\/1dfh-flughafen-stuttgart-244.jpg-nggid0533429-ngg0dyn-100x100x100-00f0w010c011r110f110r010t010.jpg?t=1773428492\" data-title=\"Flughafen Stuttgart\" data-description=\"Flughafen Stuttgart\">\n\t\t\t<img title=\"Flughafen Stuttgart\"\n\t\t\t\talt=\"Flughafen Stuttgart\"\n\t\t\t\tdata-image-id=\"33429\"\n\t\t\t\tsrc=\"\"\/>\n\t\t<\/a>\n\t<\/div>\n","protected":false},"excerpt":{"rendered":"<p>Am Sonntag, 14. August 2016 feiert der Flughafen zum 22. Mal sein Gro\u00dfes Kinderfest. Von 11 Uhr bis 17 Uhr gibt es f\u00fcr alle Kinder viele Gratisaktionen zum Mitmachen und Vorf\u00fchrungen von Hundestaffeln. Der Flughafen rechnet mit mehr als 20.000 Besuchern, die sich auf dem Festgel\u00e4nde auf den Parkpl\u00e4tzen P3 und P5 und auf der &hellip; <a href=\"https:\/\/wp.1dfh.de\/wordpress\/20-kinderfest-flughafen-stuttgart-10-08-2014-copy\/\" class=\"more-link\"><span class=\"screen-reader-text\">22. Kinderfest Flughafen-Stuttgart 14.08.2016<\/span> weiterlesen <span class=\"meta-nav\">&rarr;<\/span><\/a><\/p>\n","protected":false},"author":2,"featured_media":30044,"comment_status":"open","ping_status":"open","sticky":false,"template":"","format":"standard","meta":{"ngg_post_thumbnail":0,"footnotes":""},"categories":[15,9],"tags":[13527,12209,13526,285,12047],"class_list":["post-30041","post","type-post","status-publish","format-standard","has-post-thumbnail","hentry","category-ausstellungen","category-termine","tag-air-emotion","tag-flughafen-stuttgart","tag-flughafenrundfahrten","tag-kinderfest","tag-stuttgart"],"_links":{"self":[{"href":"https:\/\/wp.1dfh.de\/wordpress\/wp-json\/wp\/v2\/posts\/30041","targetHints":{"allow":["GET"]}}],"collection":[{"href":"https:\/\/wp.1dfh.de\/wordpress\/wp-json\/wp\/v2\/posts"}],"about":[{"href":"https:\/\/wp.1dfh.de\/wordpress\/wp-json\/wp\/v2\/types\/post"}],"author":[{"embeddable":true,"href":"https:\/\/wp.1dfh.de\/wordpress\/wp-json\/wp\/v2\/users\/2"}],"replies":[{"embeddable":true,"href":"https:\/\/wp.1dfh.de\/wordpress\/wp-json\/wp\/v2\/comments?post=30041"}],"version-history":[{"count":4,"href":"https:\/\/wp.1dfh.de\/wordpress\/wp-json\/wp\/v2\/posts\/30041\/revisions"}],"predecessor-version":[{"id":30141,"href":"https:\/\/wp.1dfh.de\/wordpress\/wp-json\/wp\/v2\/posts\/30041\/revisions\/30141"}],"wp:featuredmedia":[{"embeddable":true,"href":"https:\/\/wp.1dfh.de\/wordpress\/wp-json\/wp\/v2\/media\/30044"}],"wp:attachment":[{"href":"https:\/\/wp.1dfh.de\/wordpress\/wp-json\/wp\/v2\/media?parent=30041"}],"wp:term":[{"taxonomy":"category","embeddable":true,"href":"https:\/\/wp.1dfh.de\/wordpress\/wp-json\/wp\/v2\/categories?post=30041"},{"taxonomy":"post_tag","embeddable":true,"href":"https:\/\/wp.1dfh.de\/wordpress\/wp-json\/wp\/v2\/tags?post=30041"}],"curies":[{"name":"wp","href":"https:\/\/api.w.org\/{rel}","templated":true}]}}