{"id":30096,"date":"2016-08-04T13:57:08","date_gmt":"2016-08-04T11:57:08","guid":{"rendered":"http:\/\/wp.1dfh.de\/wordpress\/?p=30096"},"modified":"2016-08-04T14:04:11","modified_gmt":"2016-08-04T12:04:11","slug":"flugtage-bautzen-12-08-14-08-2016","status":"publish","type":"post","link":"https:\/\/wp.1dfh.de\/wordpress\/flugtage-bautzen-12-08-14-08-2016\/","title":{"rendered":"Flugtage Bautzen 12.08. &#8211; 14.08.2016"},"content":{"rendered":"<figure id=\"attachment_30097\" aria-describedby=\"caption-attachment-30097\" style=\"width: 1298px\" class=\"wp-caption alignnone\"><a href=\"http:\/\/flugtage-bautzen.de\/\" target=\"_blank\"><img loading=\"lazy\" decoding=\"async\" class=\"wp-image-30097 size-full\" src=\"http:\/\/wp.1dfh.de\/wordpress\/wp-content\/uploads\/flugtage-bautzen-2016.jpg\" alt=\"Flugtage Bautzen 2016\" width=\"1298\" height=\"272\" srcset=\"https:\/\/wp.1dfh.de\/wordpress\/wp-content\/uploads\/flugtage-bautzen-2016.jpg 1298w, https:\/\/wp.1dfh.de\/wordpress\/wp-content\/uploads\/flugtage-bautzen-2016-300x63.jpg 300w, https:\/\/wp.1dfh.de\/wordpress\/wp-content\/uploads\/flugtage-bautzen-2016-768x161.jpg 768w\" sizes=\"auto, (max-width: 1298px) 100vw, 1298px\" \/><\/a><figcaption id=\"caption-attachment-30097\" class=\"wp-caption-text\">Flugtage Bautzen 2016<\/figcaption><\/figure>\n<p>Flugtage Bautzen, die Lausitz hebt ab!<\/p>\n<p>\u201eMotoren an\u201c und \u201eBitte anschnallen\u201c lautet das Motto zu Sachsens gr\u00f6\u00dfter Flugshow.<\/p>\n<p>Ab Freitagmittag k\u00f6nnen sich die Besucher dann wieder auf jede Menge Flugzeuge, Shows und sonstige Attraktionen freuen.<\/p>\n<p>Highlights dieses Mal sind u. a. die in der Welt bekannte Schweizer Flugstaffel \u201eP3-Flyers\u201c und das Team um Ralf und Nico Niebergall, die die \u201eSiai Marchetti SF260\u201c sowohl als Original- als auch als Modellflugzeug in Formation fliegen lassen.<\/p>\n<p>Bestaunen Sie hautnah die als \u00e4lteste ihrer Gattung geltende Beech D18S, zahlreiche weitere historische Maschinen, Kunstflieger sowie Kunstflugshows, Rundfl\u00fcge und vieles mehr. Nehmen Sie selbst Platz und erleben die Lausitz von oben.<\/p>\n<p>Au\u00dferdem wird es einen Flugsimulator, den gr\u00f6\u00dften Tr\u00f6delmarkt der Lausitz, Kinderland, Oldtimerausstellung, Panzerfahren und vieles mehr geben.<\/p>\n<p>Besuchen Sie die Flugtage vom 12. \u2013 14. August 2016 auf dem Flugplatz Bautzen. Ein Fest f\u00fcr die ganze Familie.<\/p>\n<p>Alle Informationen zu den Flugtagen gibt es im Internet unter <a href=\"http:\/\/www.flugtage-bautzen.de\" target=\"_blank\">www.flugtage-bautzen.de<\/a> oder <a href=\"http:\/\/www.facebook.com.\/flugtagebautzen\" target=\"_blank\">www.facebook.com.\/flugtagebautzen<\/a><\/p>\n<p>Wir freuen uns Sie zu den <strong><em>Flugtagen Bautzen 2016<\/em><\/strong> begr\u00fc\u00dfen zu d\u00fcrfen.<\/p>\n<div class=\"ngg-related-gallery\">\n\t\t\t<a href=\"https:\/\/wp.1dfh.de\/wordpress\/wp-content\/gallery\/donzdorfer-flugtag-28-08-2011\/donzdorf2011.jpg?t=1774498117\"\n\t\t\ttitle=\"Donzdorfer Flugtag 28.08.2011\"\n\t\t\t\t\t\t\t\t\t\t\t\t\t\t\t data-image-id=\"13799\" data-src=\"https:\/\/wp.1dfh.de\/wordpress\/wp-content\/gallery\/donzdorfer-flugtag-28-08-2011\/donzdorf2011.jpg?t=1774498117\" data-thumbnail=\"https:\/\/wp.1dfh.de\/wordpress\/wp-content\/gallery\/donzdorfer-flugtag-28-08-2011\/cache\/donzdorf2011.jpg-nggid0513799-ngg0dyn-100x100x100-00f0w010c011r110f110r010t010.jpg?t=1774498117\" data-title=\"Donzdorfer Flugtag 28.08.2011\" data-description=\"Donzdorfer Flugtag 28.08.2011\">\n\t\t\t<img title=\"Donzdorfer Flugtag 28.08.2011\"\n\t\t\t\talt=\"Donzdorfer Flugtag 28.08.2011\"\n\t\t\t\tdata-image-id=\"13799\"\n\t\t\t\tsrc=\"\"\/>\n\t\t<\/a>\n\t\t\t<a href=\"https:\/\/wp.1dfh.de\/wordpress\/wp-content\/gallery\/flugplatzfest-luftsportverein-degerfeld-28-08-2015\/flugplatzfest-degerfeld-15.jpg?t=1773401936\"\n\t\t\ttitle=\"Flugplatzfest Degerfeld 28.08.2015\"\n\t\t\t\t\t\t\t\t\t\t\t\t\t\t\t data-image-id=\"50000\" data-src=\"https:\/\/wp.1dfh.de\/wordpress\/wp-content\/gallery\/flugplatzfest-luftsportverein-degerfeld-28-08-2015\/flugplatzfest-degerfeld-15.jpg?t=1773401936\" data-thumbnail=\"https:\/\/wp.1dfh.de\/wordpress\/wp-content\/gallery\/flugplatzfest-luftsportverein-degerfeld-28-08-2015\/cache\/flugplatzfest-degerfeld-15.jpg-nggid0550000-ngg0dyn-100x100x100-00f0w010c011r110f110r010t010.jpg?t=1773401936\" data-title=\"Flugplatzfest Degerfeld 28.08.2015\" data-description=\"Flugplatzfest Degerfeld 28.08.2015\">\n\t\t\t<img title=\"Flugplatzfest Degerfeld 28.08.2015\"\n\t\t\t\talt=\"Flugplatzfest Degerfeld 28.08.2015\"\n\t\t\t\tdata-image-id=\"50000\"\n\t\t\t\tsrc=\"\"\/>\n\t\t<\/a>\n\t\t\t<a href=\"https:\/\/wp.1dfh.de\/wordpress\/wp-content\/gallery\/flugtag-flugplatz-donzdorf-30-08-2015\/flugtag-donzdorf-30-08-2015.jpg?t=1773401946\"\n\t\t\ttitle=\"Flugtag Fliegergruppe-Donzdorf 30.08.2015\"\n\t\t\t\t\t\t\t\t\t\t\t\t\t\t\t data-image-id=\"50180\" data-src=\"https:\/\/wp.1dfh.de\/wordpress\/wp-content\/gallery\/flugtag-flugplatz-donzdorf-30-08-2015\/flugtag-donzdorf-30-08-2015.jpg?t=1773401946\" data-thumbnail=\"https:\/\/wp.1dfh.de\/wordpress\/wp-content\/gallery\/flugtag-flugplatz-donzdorf-30-08-2015\/cache\/flugtag-donzdorf-30-08-2015.jpg-nggid0550180-ngg0dyn-100x100x100-00f0w010c011r110f110r010t010.jpg?t=1773401946\" data-title=\"Flugtag Fliegergruppe-Donzdorf 30.08.2015\" data-description=\"Flugtag Fliegergruppe-Donzdorf 30.08.2015\">\n\t\t\t<img title=\"Flugtag Fliegergruppe-Donzdorf 30.08.2015\"\n\t\t\t\talt=\"Flugtag Fliegergruppe-Donzdorf 30.08.2015\"\n\t\t\t\tdata-image-id=\"50180\"\n\t\t\t\tsrc=\"\"\/>\n\t\t<\/a>\n\t\t\t<a href=\"https:\/\/wp.1dfh.de\/wordpress\/wp-content\/gallery\/flugtag-flugplatz-donzdorf-29-08-2015\/1dfh-300815-000.jpg?t=1773401936\"\n\t\t\ttitle=\"Flugtag Fliegergruppe Donzdorf 29.08.2015\"\n\t\t\t\t\t\t\t\t\t\t\t\t\t\t\t data-image-id=\"50406\" data-src=\"https:\/\/wp.1dfh.de\/wordpress\/wp-content\/gallery\/flugtag-flugplatz-donzdorf-29-08-2015\/1dfh-300815-000.jpg?t=1773401936\" data-thumbnail=\"https:\/\/wp.1dfh.de\/wordpress\/wp-content\/gallery\/flugtag-flugplatz-donzdorf-29-08-2015\/cache\/1dfh-300815-000.jpg-nggid0550406-ngg0dyn-100x100x100-00f0w010c011r110f110r010t010.jpg?t=1773401936\" data-title=\"Flugtag Fliegergruppe Donzdorf 29.08.2015\" data-description=\"Flugtag Fliegergruppe Donzdorf 29.08.2015\">\n\t\t\t<img title=\"Flugtag Fliegergruppe Donzdorf 29.08.2015\"\n\t\t\t\talt=\"Flugtag Fliegergruppe Donzdorf 29.08.2015\"\n\t\t\t\tdata-image-id=\"50406\"\n\t\t\t\tsrc=\"\"\/>\n\t\t<\/a>\n\t\t\t<a href=\"https:\/\/wp.1dfh.de\/wordpress\/wp-content\/gallery\/donzdorfer-flugtag-28-08-2011\/1dfh-donzdorf280811-0129.jpg?t=1773401936\"\n\t\t\ttitle=\"Donzdorfer Flugtag 28.08.2011\"\n\t\t\t\t\t\t\t\t\t\t\t\t\t\t\t data-image-id=\"13770\" data-src=\"https:\/\/wp.1dfh.de\/wordpress\/wp-content\/gallery\/donzdorfer-flugtag-28-08-2011\/1dfh-donzdorf280811-0129.jpg?t=1773401936\" data-thumbnail=\"https:\/\/wp.1dfh.de\/wordpress\/wp-content\/gallery\/donzdorfer-flugtag-28-08-2011\/cache\/1dfh-donzdorf280811-0129.jpg-nggid0513770-ngg0dyn-100x100x100-00f0w010c011r110f110r010t010.jpg?t=1773401936\" data-title=\"Donzdorfer Flugtag 28.08.2011\" data-description=\"Donzdorfer Flugtag 28.08.2011\">\n\t\t\t<img title=\"Donzdorfer Flugtag 28.08.2011\"\n\t\t\t\talt=\"Donzdorfer Flugtag 28.08.2011\"\n\t\t\t\tdata-image-id=\"13770\"\n\t\t\t\tsrc=\"\"\/>\n\t\t<\/a>\n\t\t\t<a href=\"https:\/\/wp.1dfh.de\/wordpress\/wp-content\/gallery\/flugplatzfest-luftsportverein-degerfeld-28-08-2015\/1dfh-280815-000.jpg?t=1773401936\"\n\t\t\ttitle=\"Flugplatzfest Degerfeld 28.08.2015\"\n\t\t\t\t\t\t\t\t\t\t\t\t\t\t\t data-image-id=\"49887\" data-src=\"https:\/\/wp.1dfh.de\/wordpress\/wp-content\/gallery\/flugplatzfest-luftsportverein-degerfeld-28-08-2015\/1dfh-280815-000.jpg?t=1773401936\" data-thumbnail=\"https:\/\/wp.1dfh.de\/wordpress\/wp-content\/gallery\/flugplatzfest-luftsportverein-degerfeld-28-08-2015\/cache\/1dfh-280815-000.jpg-nggid0549887-ngg0dyn-100x100x100-00f0w010c011r110f110r010t010.jpg?t=1773401936\" data-title=\"Flugplatzfest Degerfeld 28.08.2015\" data-description=\"Flugplatzfest Degerfeld 28.08.2015\">\n\t\t\t<img title=\"Flugplatzfest Degerfeld 28.08.2015\"\n\t\t\t\talt=\"Flugplatzfest Degerfeld 28.08.2015\"\n\t\t\t\tdata-image-id=\"49887\"\n\t\t\t\tsrc=\"\"\/>\n\t\t<\/a>\n\t\t\t<a href=\"https:\/\/wp.1dfh.de\/wordpress\/wp-content\/gallery\/flugtag-flugplatz-donzdorf-30-08-2015\/1dfh-300815-000.jpg?t=1773401936\"\n\t\t\ttitle=\"Flugtag Fliegergruppe-Donzdorf 30.08.2015\"\n\t\t\t\t\t\t\t\t\t\t\t\t\t\t\t data-image-id=\"50001\" data-src=\"https:\/\/wp.1dfh.de\/wordpress\/wp-content\/gallery\/flugtag-flugplatz-donzdorf-30-08-2015\/1dfh-300815-000.jpg?t=1773401936\" data-thumbnail=\"https:\/\/wp.1dfh.de\/wordpress\/wp-content\/gallery\/flugtag-flugplatz-donzdorf-30-08-2015\/cache\/1dfh-300815-000.jpg-nggid0550001-ngg0dyn-100x100x100-00f0w010c011r110f110r010t010.jpg?t=1773401936\" data-title=\"Flugtag Fliegergruppe-Donzdorf 30.08.2015\" data-description=\"Flugtag Fliegergruppe-Donzdorf 30.08.2015\">\n\t\t\t<img title=\"Flugtag Fliegergruppe-Donzdorf 30.08.2015\"\n\t\t\t\talt=\"Flugtag Fliegergruppe-Donzdorf 30.08.2015\"\n\t\t\t\tdata-image-id=\"50001\"\n\t\t\t\tsrc=\"\"\/>\n\t\t<\/a>\n\t<\/div>\n","protected":false},"excerpt":{"rendered":"<p>Flugtage Bautzen, die Lausitz hebt ab! \u201eMotoren an\u201c und \u201eBitte anschnallen\u201c lautet das Motto zu Sachsens gr\u00f6\u00dfter Flugshow. Ab Freitagmittag k\u00f6nnen sich die Besucher dann wieder auf jede Menge Flugzeuge, Shows und sonstige Attraktionen freuen. Highlights dieses Mal sind u. a. die in der Welt bekannte Schweizer Flugstaffel \u201eP3-Flyers\u201c und das Team um Ralf und &hellip; <a href=\"https:\/\/wp.1dfh.de\/wordpress\/flugtage-bautzen-12-08-14-08-2016\/\" class=\"more-link\"><span class=\"screen-reader-text\">Flugtage Bautzen 12.08. &#8211; 14.08.2016<\/span> weiterlesen <span class=\"meta-nav\">&rarr;<\/span><\/a><\/p>\n","protected":false},"author":2,"featured_media":30097,"comment_status":"open","ping_status":"open","sticky":false,"template":"","format":"standard","meta":{"ngg_post_thumbnail":0,"footnotes":""},"categories":[15,18,9],"tags":[13534,11472,11154,9058,8248,6405],"class_list":["post-30096","post","type-post","status-publish","format-standard","has-post-thumbnail","hentry","category-ausstellungen","category-flugveranstaltungen","category-termine","tag-bautzen","tag-d-edur","tag-flugtag","tag-p3-flyers","tag-ralf-und-nico-niebergall","tag-siai-marchetti-sf260"],"_links":{"self":[{"href":"https:\/\/wp.1dfh.de\/wordpress\/wp-json\/wp\/v2\/posts\/30096","targetHints":{"allow":["GET"]}}],"collection":[{"href":"https:\/\/wp.1dfh.de\/wordpress\/wp-json\/wp\/v2\/posts"}],"about":[{"href":"https:\/\/wp.1dfh.de\/wordpress\/wp-json\/wp\/v2\/types\/post"}],"author":[{"embeddable":true,"href":"https:\/\/wp.1dfh.de\/wordpress\/wp-json\/wp\/v2\/users\/2"}],"replies":[{"embeddable":true,"href":"https:\/\/wp.1dfh.de\/wordpress\/wp-json\/wp\/v2\/comments?post=30096"}],"version-history":[{"count":3,"href":"https:\/\/wp.1dfh.de\/wordpress\/wp-json\/wp\/v2\/posts\/30096\/revisions"}],"predecessor-version":[{"id":30100,"href":"https:\/\/wp.1dfh.de\/wordpress\/wp-json\/wp\/v2\/posts\/30096\/revisions\/30100"}],"wp:featuredmedia":[{"embeddable":true,"href":"https:\/\/wp.1dfh.de\/wordpress\/wp-json\/wp\/v2\/media\/30097"}],"wp:attachment":[{"href":"https:\/\/wp.1dfh.de\/wordpress\/wp-json\/wp\/v2\/media?parent=30096"}],"wp:term":[{"taxonomy":"category","embeddable":true,"href":"https:\/\/wp.1dfh.de\/wordpress\/wp-json\/wp\/v2\/categories?post=30096"},{"taxonomy":"post_tag","embeddable":true,"href":"https:\/\/wp.1dfh.de\/wordpress\/wp-json\/wp\/v2\/tags?post=30096"}],"curies":[{"name":"wp","href":"https:\/\/api.w.org\/{rel}","templated":true}]}}