{"id":30115,"date":"2016-09-05T08:00:00","date_gmt":"2016-09-05T06:00:00","guid":{"rendered":"http:\/\/wp.1dfh.de\/wordpress\/flugplatzfest-fliegergruppe-blaubeuren-06-09-2015-copy\/"},"modified":"2017-01-30T12:54:07","modified_gmt":"2017-01-30T11:54:07","slug":"flugplatzfest-fliegergruppe-blaubeuren-e-v-04-09-2016","status":"publish","type":"post","link":"https:\/\/wp.1dfh.de\/wordpress\/flugplatzfest-fliegergruppe-blaubeuren-e-v-04-09-2016\/","title":{"rendered":"Flugplatzfest Fliegergruppe Blaubeuren e.V. 04.09.2016"},"content":{"rendered":"<figure id=\"attachment_20632\" aria-describedby=\"caption-attachment-20632\" style=\"width: 179px\" class=\"wp-caption alignright\"><a href=\"http:\/\/www.flgblaubeuren.org\" target=\"_blank\"><img loading=\"lazy\" decoding=\"async\" class=\"wp-image-20632\" src=\"http:\/\/wp.1dfh.de\/wordpress\/wp-content\/uploads\/logo.72054.jpg.720621.jpg\" alt=\"Fliegergruppe Blaubeuren\" width=\"179\" height=\"297\" srcset=\"https:\/\/wp.1dfh.de\/wordpress\/wp-content\/uploads\/logo.72054.jpg.720621.jpg 300w, https:\/\/wp.1dfh.de\/wordpress\/wp-content\/uploads\/logo.72054.jpg.720621-181x300.jpg 181w, https:\/\/wp.1dfh.de\/wordpress\/wp-content\/uploads\/logo.72054.jpg.720621-90x150.jpg 90w\" sizes=\"auto, (max-width: 179px) 100vw, 179px\" \/><\/a><figcaption id=\"caption-attachment-20632\" class=\"wp-caption-text\">Fliegergruppe Blaubeuren<\/figcaption><\/figure>\n<p><strong>\u00a0<\/strong><\/p>\n<figure id=\"attachment_30209\" aria-describedby=\"caption-attachment-30209\" style=\"width: 686px\" class=\"wp-caption alignright\"><a href=\"http:\/\/www.flgblaubeuren.de\/\" target=\"_blank\"><img loading=\"lazy\" decoding=\"async\" class=\"size-full wp-image-30209\" src=\"http:\/\/wp.1dfh.de\/wordpress\/wp-content\/uploads\/flugplatzfest-Blaubeuren-2016.jpg\" alt=\"Flugplatzfest Blaubeuren 2016\" width=\"686\" height=\"960\" srcset=\"https:\/\/wp.1dfh.de\/wordpress\/wp-content\/uploads\/flugplatzfest-Blaubeuren-2016.jpg 686w, https:\/\/wp.1dfh.de\/wordpress\/wp-content\/uploads\/flugplatzfest-Blaubeuren-2016-214x300.jpg 214w\" sizes=\"auto, (max-width: 686px) 100vw, 686px\" \/><\/a><figcaption id=\"caption-attachment-30209\" class=\"wp-caption-text\">Flugplatzfest Blaubeuren 2016<\/figcaption><\/figure>\n<p><strong><em>Das traditionelle Flugplatzfest der Fliegergruppe Blaubeuren pr\u00e4sentiert auch dieses Jahr wieder das komplette Spektrum der Fliegerei:<\/em><\/strong><\/p>\n<p>Motorkunstflug mit Pitts und Christen Eagle. Segelkunstflug mit Lo 100 und dem vereinseignen Nurfl\u00fcgler AV 36. Fallschirmspringer, Drachen, Gleitschirmflieger, UL-Flugzeuge, Hubschrauber und Oldtimer sowie Formations-Segelflug und Ballonstarts.<\/p>\n<p>Als besonderes Highlight findet dieses Jahr ein Kunstflugdoppeldecker Fly-In statt. Alle Pitts Special, Christen Eagle und \u00e4hnliche Typen wie z.B. Ultimate oder Skybolt etc. egal ob Modell oder Original sind eingeladen. Es wird im Static Display einen daf\u00fcr besonders eingerichteten Bereich geben in dem sich die Liebhaber dieser Doppeldecker-Boliden von gestern und heute treffen und austauschen k\u00f6nnen. Dabei sein werden unter anderen der amtierende bayrische Kunstflugmeister Johann Britsch mit seiner 360 PS starken Pitts S1-11b \u201eSuper Stinker\u201c dem derzeit modernsten Pitts Exemplar, genauso wie Petra Unger mit Ihrer Pitts S1-S \u201eLittle Stinker\u201c, dem Klassiker aus den 70er Jahren.<\/p>\n<p>Wer sich das Ganze und die Gegend von oben anschauen m\u00f6chte kann zu Rundfl\u00fcgen mit Hubschrauber und Motorflugzeug abheben.<\/p>\n<p>Wie schon im letzten Jahr werden die Blausteiner Modellflieger eine Reihe spektakul\u00e4rer Programmh\u00f6hepunkte wie \u00a03D Kunstflug in der 3m Klasse, \u00fcber 300km\/h schnelle Modelljets mit 3m Rumpfl\u00e4nge, 3D und Scale Hubschrauber sowie Modellsegler mit bis zu 8m Spannweite beisteuern.<\/p>\n<p>Das Flugprogramm beginnt gegen 10 Uhr und endet mit mehreren Hei\u00dfluftballonstarts gegen 18 Uhr. Neben den Attraktionen in der Luft wird nat\u00fcrlich auch wieder allerhand herzhaftes, leckeres und s\u00fc\u00dfes passend zu Bier, Kaffee und Limonade angeboten!<\/p>\n<p><iframe loading=\"lazy\" title=\"Blaubeuren Sonderbuch Flugplatzfest 2016 MDM-1 FOX\" width=\"474\" height=\"267\" src=\"https:\/\/www.youtube.com\/embed\/J_bi-DQY6Zw?feature=oembed\" frameborder=\"0\" allow=\"accelerometer; autoplay; clipboard-write; encrypted-media; gyroscope; picture-in-picture; web-share\" referrerpolicy=\"strict-origin-when-cross-origin\" allowfullscreen><\/iframe><\/p>\n<p><img decoding=\"async\" class=\"ngg-singlepic ngg-none\" src=\"http:\/\/wp.1dfh.de\/wordpress\/wp-content\/gallery\/flugplatzfest-fliegergruppe-blaubeuren-e-v-04-09-2016\/blaubeuren.jpg\" alt=\"Flugplatzfest Fliegergruppe Blaubeuren e.V. 04.09.2016\" \/><\/p>\n<p>ngg_shortcode_0_placeholder<br \/>\n[gmap]<\/p>\n<div class=\"ngg-related-gallery\">\n\t\t\t<a href=\"https:\/\/wp.1dfh.de\/wordpress\/wp-content\/gallery\/flugplatzfest-degerfeld-2009\/1dfh-degerfeld-290809-001.jpg?t=1773607964\"\n\t\t\ttitle=\" \"\n\t\t\t\t\t\t\t\t\t\t\t\t\t\t\t data-image-id=\"2398\" data-src=\"https:\/\/wp.1dfh.de\/wordpress\/wp-content\/gallery\/flugplatzfest-degerfeld-2009\/1dfh-degerfeld-290809-001.jpg?t=1773607964\" data-thumbnail=\"https:\/\/wp.1dfh.de\/wordpress\/wp-content\/gallery\/flugplatzfest-degerfeld-2009\/cache\/1dfh-degerfeld-290809-001.jpg-nggid042398-ngg0dyn-100x100x100-00f0w010c011r110f110r010t010.jpg?t=1773607964\" data-title=\"1dfh-degerfeld-290809-001\" data-description=\" \">\n\t\t\t<img title=\"1dfh-degerfeld-290809-001\"\n\t\t\t\talt=\"1dfh-degerfeld-290809-001\"\n\t\t\t\tdata-image-id=\"2398\"\n\t\t\t\tsrc=\"\"\/>\n\t\t<\/a>\n\t\t\t<a href=\"https:\/\/wp.1dfh.de\/wordpress\/wp-content\/gallery\/flugplatzfest-degerfeld-2009\/1dfh-degerfeld-290809-002.jpg?t=1773607964\"\n\t\t\ttitle=\" \"\n\t\t\t\t\t\t\t\t\t\t\t\t\t\t\t data-image-id=\"2399\" data-src=\"https:\/\/wp.1dfh.de\/wordpress\/wp-content\/gallery\/flugplatzfest-degerfeld-2009\/1dfh-degerfeld-290809-002.jpg?t=1773607964\" data-thumbnail=\"https:\/\/wp.1dfh.de\/wordpress\/wp-content\/gallery\/flugplatzfest-degerfeld-2009\/cache\/1dfh-degerfeld-290809-002.jpg-nggid042399-ngg0dyn-100x100x100-00f0w010c011r110f110r010t010.jpg?t=1773607964\" data-title=\"1dfh-degerfeld-290809-002\" data-description=\" \">\n\t\t\t<img title=\"1dfh-degerfeld-290809-002\"\n\t\t\t\talt=\"1dfh-degerfeld-290809-002\"\n\t\t\t\tdata-image-id=\"2399\"\n\t\t\t\tsrc=\"\"\/>\n\t\t<\/a>\n\t\t\t<a href=\"https:\/\/wp.1dfh.de\/wordpress\/wp-content\/gallery\/flugplatzfest-degerfeld-2009\/1dfh-degerfeld-290809-003.jpg?t=1773607974\"\n\t\t\ttitle=\"Lo 100, Frankenteam\"\n\t\t\t\t\t\t\t\t\t\t\t\t\t\t\t data-image-id=\"2400\" data-src=\"https:\/\/wp.1dfh.de\/wordpress\/wp-content\/gallery\/flugplatzfest-degerfeld-2009\/1dfh-degerfeld-290809-003.jpg?t=1773607974\" data-thumbnail=\"https:\/\/wp.1dfh.de\/wordpress\/wp-content\/gallery\/flugplatzfest-degerfeld-2009\/cache\/1dfh-degerfeld-290809-003.jpg-nggid042400-ngg0dyn-100x100x100-00f0w010c011r110f110r010t010.jpg?t=1773607974\" data-title=\"1dfh-degerfeld-290809-003\" data-description=\"Lo 100, Frankenteam\">\n\t\t\t<img title=\"1dfh-degerfeld-290809-003\"\n\t\t\t\talt=\"1dfh-degerfeld-290809-003\"\n\t\t\t\tdata-image-id=\"2400\"\n\t\t\t\tsrc=\"\"\/>\n\t\t<\/a>\n\t\t\t<a href=\"https:\/\/wp.1dfh.de\/wordpress\/wp-content\/gallery\/flugplatzfest-degerfeld-2009\/1dfh-degerfeld-290809-019.jpg?t=1773607964\"\n\t\t\ttitle=\"Lo 100, Frankenteam\"\n\t\t\t\t\t\t\t\t\t\t\t\t\t\t\t data-image-id=\"2416\" data-src=\"https:\/\/wp.1dfh.de\/wordpress\/wp-content\/gallery\/flugplatzfest-degerfeld-2009\/1dfh-degerfeld-290809-019.jpg?t=1773607964\" data-thumbnail=\"https:\/\/wp.1dfh.de\/wordpress\/wp-content\/gallery\/flugplatzfest-degerfeld-2009\/cache\/1dfh-degerfeld-290809-019.jpg-nggid042416-ngg0dyn-100x100x100-00f0w010c011r110f110r010t010.jpg?t=1773607964\" data-title=\"1dfh-degerfeld-290809-019\" data-description=\"Lo 100, Frankenteam\">\n\t\t\t<img title=\"1dfh-degerfeld-290809-019\"\n\t\t\t\talt=\"1dfh-degerfeld-290809-019\"\n\t\t\t\tdata-image-id=\"2416\"\n\t\t\t\tsrc=\"\"\/>\n\t\t<\/a>\n\t\t\t<a href=\"https:\/\/wp.1dfh.de\/wordpress\/wp-content\/gallery\/flugplatzfest-degerfeld-2009\/1dfh-degerfeld-290809-020.jpg?t=1773607964\"\n\t\t\ttitle=\"Lo 100, Frankenteam\"\n\t\t\t\t\t\t\t\t\t\t\t\t\t\t\t data-image-id=\"2417\" data-src=\"https:\/\/wp.1dfh.de\/wordpress\/wp-content\/gallery\/flugplatzfest-degerfeld-2009\/1dfh-degerfeld-290809-020.jpg?t=1773607964\" data-thumbnail=\"https:\/\/wp.1dfh.de\/wordpress\/wp-content\/gallery\/flugplatzfest-degerfeld-2009\/cache\/1dfh-degerfeld-290809-020.jpg-nggid042417-ngg0dyn-100x100x100-00f0w010c011r110f110r010t010.jpg?t=1773607964\" data-title=\"1dfh-degerfeld-290809-020\" data-description=\"Lo 100, Frankenteam\">\n\t\t\t<img title=\"1dfh-degerfeld-290809-020\"\n\t\t\t\talt=\"1dfh-degerfeld-290809-020\"\n\t\t\t\tdata-image-id=\"2417\"\n\t\t\t\tsrc=\"\"\/>\n\t\t<\/a>\n\t\t\t<a href=\"https:\/\/wp.1dfh.de\/wordpress\/wp-content\/gallery\/flugplatzfest-degerfeld-2009\/1dfh-degerfeld-290809-021.jpg?t=1773324628\"\n\t\t\ttitle=\"Lo 100, Frankenteam\"\n\t\t\t\t\t\t\t\t\t\t\t\t\t\t\t data-image-id=\"2418\" data-src=\"https:\/\/wp.1dfh.de\/wordpress\/wp-content\/gallery\/flugplatzfest-degerfeld-2009\/1dfh-degerfeld-290809-021.jpg?t=1773324628\" data-thumbnail=\"https:\/\/wp.1dfh.de\/wordpress\/wp-content\/gallery\/flugplatzfest-degerfeld-2009\/cache\/1dfh-degerfeld-290809-021.jpg-nggid042418-ngg0dyn-100x100x100-00f0w010c011r110f110r010t010.jpg?t=1773324628\" data-title=\"1dfh-degerfeld-290809-021\" data-description=\"Lo 100, Frankenteam\">\n\t\t\t<img title=\"1dfh-degerfeld-290809-021\"\n\t\t\t\talt=\"1dfh-degerfeld-290809-021\"\n\t\t\t\tdata-image-id=\"2418\"\n\t\t\t\tsrc=\"\"\/>\n\t\t<\/a>\n\t\t\t<a href=\"https:\/\/wp.1dfh.de\/wordpress\/wp-content\/gallery\/flugplatzfest-degerfeld-2009\/1dfh-degerfeld-290809-022.jpg?t=1773324628\"\n\t\t\ttitle=\"Lo 100, Frankenteam\"\n\t\t\t\t\t\t\t\t\t\t\t\t\t\t\t data-image-id=\"2419\" data-src=\"https:\/\/wp.1dfh.de\/wordpress\/wp-content\/gallery\/flugplatzfest-degerfeld-2009\/1dfh-degerfeld-290809-022.jpg?t=1773324628\" data-thumbnail=\"https:\/\/wp.1dfh.de\/wordpress\/wp-content\/gallery\/flugplatzfest-degerfeld-2009\/cache\/1dfh-degerfeld-290809-022.jpg-nggid042419-ngg0dyn-100x100x100-00f0w010c011r110f110r010t010.jpg?t=1773324628\" data-title=\"1dfh-degerfeld-290809-022\" data-description=\"Lo 100, Frankenteam\">\n\t\t\t<img title=\"1dfh-degerfeld-290809-022\"\n\t\t\t\talt=\"1dfh-degerfeld-290809-022\"\n\t\t\t\tdata-image-id=\"2419\"\n\t\t\t\tsrc=\"\"\/>\n\t\t<\/a>\n\t<\/div>\n","protected":false},"excerpt":{"rendered":"<p>\u00a0 Das traditionelle Flugplatzfest der Fliegergruppe Blaubeuren pr\u00e4sentiert auch dieses Jahr wieder das komplette Spektrum der Fliegerei: Motorkunstflug mit Pitts und Christen Eagle. Segelkunstflug mit Lo 100 und dem vereinseignen Nurfl\u00fcgler AV 36. Fallschirmspringer, Drachen, Gleitschirmflieger, UL-Flugzeuge, Hubschrauber und Oldtimer sowie Formations-Segelflug und Ballonstarts. Als besonderes Highlight findet dieses Jahr ein Kunstflugdoppeldecker Fly-In statt. Alle &hellip; <a href=\"https:\/\/wp.1dfh.de\/wordpress\/flugplatzfest-fliegergruppe-blaubeuren-e-v-04-09-2016\/\" class=\"more-link\"><span class=\"screen-reader-text\">Flugplatzfest Fliegergruppe Blaubeuren e.V. 04.09.2016<\/span> weiterlesen <span class=\"meta-nav\">&rarr;<\/span><\/a><\/p>\n","protected":false},"author":2,"featured_media":0,"comment_status":"open","ping_status":"open","sticky":false,"template":"","format":"standard","meta":{"ngg_post_thumbnail":0,"footnotes":""},"categories":[18,6,9,11],"tags":[680,12778,11707,11147,11451,12056,11202,11218,12433,13540,12807,13541],"class_list":["post-30115","post","type-post","status-publish","format-standard","hentry","category-flugveranstaltungen","category-fotos","category-termine","category-videos","tag-av-36","tag-fliegergruppe-blaubeuren","tag-fliegergruppe-blaubeuren-e-v","tag-flugplatzfest","tag-flugplatzfest-blaubeuren","tag-johann-britsch","tag-lo-100","tag-modellflug","tag-msv-blaustein-bermaringen-e-v","tag-petra-unger","tag-pitts-s1-11b","tag-pitts-s1-s"],"_links":{"self":[{"href":"https:\/\/wp.1dfh.de\/wordpress\/wp-json\/wp\/v2\/posts\/30115","targetHints":{"allow":["GET"]}}],"collection":[{"href":"https:\/\/wp.1dfh.de\/wordpress\/wp-json\/wp\/v2\/posts"}],"about":[{"href":"https:\/\/wp.1dfh.de\/wordpress\/wp-json\/wp\/v2\/types\/post"}],"author":[{"embeddable":true,"href":"https:\/\/wp.1dfh.de\/wordpress\/wp-json\/wp\/v2\/users\/2"}],"replies":[{"embeddable":true,"href":"https:\/\/wp.1dfh.de\/wordpress\/wp-json\/wp\/v2\/comments?post=30115"}],"version-history":[{"count":12,"href":"https:\/\/wp.1dfh.de\/wordpress\/wp-json\/wp\/v2\/posts\/30115\/revisions"}],"predecessor-version":[{"id":30289,"href":"https:\/\/wp.1dfh.de\/wordpress\/wp-json\/wp\/v2\/posts\/30115\/revisions\/30289"}],"wp:attachment":[{"href":"https:\/\/wp.1dfh.de\/wordpress\/wp-json\/wp\/v2\/media?parent=30115"}],"wp:term":[{"taxonomy":"category","embeddable":true,"href":"https:\/\/wp.1dfh.de\/wordpress\/wp-json\/wp\/v2\/categories?post=30115"},{"taxonomy":"post_tag","embeddable":true,"href":"https:\/\/wp.1dfh.de\/wordpress\/wp-json\/wp\/v2\/tags?post=30115"}],"curies":[{"name":"wp","href":"https:\/\/api.w.org\/{rel}","templated":true}]}}