{"id":30151,"date":"2016-08-14T19:31:46","date_gmt":"2016-08-14T17:31:46","guid":{"rendered":"http:\/\/wp.1dfh.de\/wordpress\/?p=30151"},"modified":"2016-08-16T17:26:46","modified_gmt":"2016-08-16T15:26:46","slug":"matthias-dolderer-zweiter-beim-red-bull-air-race-in-ascot-das-gibt-selbstvertrauen-fuer-das-naechste-rennen-auf-dem-lausitzring","status":"publish","type":"post","link":"https:\/\/wp.1dfh.de\/wordpress\/matthias-dolderer-zweiter-beim-red-bull-air-race-in-ascot-das-gibt-selbstvertrauen-fuer-das-naechste-rennen-auf-dem-lausitzring\/","title":{"rendered":"Matthias Dolderer Zweiter beim Red Bull Air Race in Ascot \u201eDas gibt Selbstvertrauen f\u00fcr das n\u00e4chste Rennen auf dem Lausitzring\u201c"},"content":{"rendered":"<p>14.08.2016  <em><strong><\/p>\n<p><figure id=\"attachment_30153\" aria-describedby=\"caption-attachment-30153\" style=\"width: 1200px\" class=\"wp-caption alignright\"><img loading=\"lazy\" decoding=\"async\" src=\"http:\/\/wp.1dfh.de\/wordpress\/wp-content\/uploads\/P-20160814-01864_News.jpg\" alt=\"Matt Hall of Australia (C) celebrates with Matthias Dolderer of Germany (L) and Hannes Arch of Austria (R) during the Award Ceremony at the fifth stage of the Red Bull Air Race World Championship in Ascot, Great Britain on August 14, 2016. \/\/ Samo Vidic\/Red Bull Content Pool \/\/ P-20160814-01864 \/\/ Usage for editorial use only \/\/ Please go to www.redbullcontentpool.com for further information. \/\/\" width=\"1200\" height=\"781\" class=\"size-full wp-image-30153\" srcset=\"https:\/\/wp.1dfh.de\/wordpress\/wp-content\/uploads\/P-20160814-01864_News.jpg 1200w, https:\/\/wp.1dfh.de\/wordpress\/wp-content\/uploads\/P-20160814-01864_News-300x195.jpg 300w, https:\/\/wp.1dfh.de\/wordpress\/wp-content\/uploads\/P-20160814-01864_News-768x500.jpg 768w\" sizes=\"auto, (max-width: 1200px) 100vw, 1200px\" \/><figcaption id=\"caption-attachment-30153\" class=\"wp-caption-text\">Matt Hall of Australia (C) celebrates with Matthias Dolderer of Germany (L) and Hannes Arch of Austria (R) during the Award Ceremony at the fifth stage of the Red Bull Air Race World Championship in Ascot, Great Britain on August 14, 2016. \/\/ Samo Vidic\/Red Bull Content Pool \/\/ P-20160814-01864 \/\/ Usage for editorial use only \/\/ Please go to www.redbullcontentpool.com for further information. \/\/<\/figcaption><\/figure>Der Deutsche Matthias Dolderer hat seine F\u00fchrung in der Red Bull Air Race Weltmeisterschaft 2016 mit einem zweiten Platz bei der f\u00fcnften Station im britischen Ascot weiter ausgebaut. Vor \u00fcber 20.000 Zuschauern am Rennwochenende musste sich der 45-J\u00e4hrige im Final 4 lediglich Vize-Weltmeister Matt Hall aus Australien geschlagen geben. \u201eDas gibt Selbstvertrauen f\u00fcr das n\u00e4chste Rennen auf dem Lausitzring.\u201c Dritter in Ascot wurde der \u00d6sterreicher Hannes Arch. Vor der n\u00e4chsten WM-Station, dem Heimrennen von Dolderer auf dem Lausitzring am 3.\/4. September, f\u00fchrt der Tannheimer das WM-Ranking mit 53,25 Punkten vor Arch (35,00) und Hall (33.75) an. <\/strong><\/em><\/p>\n<p><iframe loading=\"lazy\" width=\"560\" height=\"315\" src=\"https:\/\/www.redbullcontentpool.com\/embed\/video\/57b33095c73e35503fab18d3\" frameborder=\"0\" allowfullscreen><\/iframe><br \/>\nAscot (GRO\u00dfBRITANNIEN) \u2013 F\u00fcnf Rennen, zwei Siege, vier Podiumspl\u00e4tze, WM-Spitzenreiter: Die Bilanz von Matthias Dolderer in der Red Bull Air Race Weltmeisterschaft 2016 ist beeindruckend. Mit seinem zweiten Platz beim f\u00fcnften Saisonrennen im britischen Ascot baute der 45-j\u00e4hrige Tannheimer seine Spitzenposition in der WM-Gesamtwertung weiter aus, f\u00fchrt nun vor dem kommenden Rennen auf dem Lausitzring am 3.\/4. September mit 53,25 Punkten vor dem \u00d6sterreicher Hannes Arch, der in Ascot auf Rang drei flog. Geschlagen geben musste sich der Deutsche vor \u00fcber 20.000 Zuschauern am Rennwochenende lediglich dem Vize-Weltmeister Matt Hall aus Australien, der sich mit seinem ersten Saisonsieg im WM-Ranking auf Rang drei vorschob. <\/p>\n<p>\u201eIch bin zufrieden, aber nicht zu 100 Prozent. Eine gewisse Unzufriedenheit ist schon dabei\u201c, erkl\u00e4rte Dolderer nach dem Final 4. \u201eIch war die ganze Woche der Schnellste, und gerade beim finalen Rennen hat es nicht geklappt. Aber wir haben gesehen, dass wir schnell und konstant sind und dass alles funktioniert. Das gibt Selbstvertrauen f\u00fcr das n\u00e4chste Rennen auf dem Lausitzring.\u201c <\/p>\n<p>Nach seinem Sieg im Qualifying am Samstag markierte Dolderer auch in der ersten K.o.-Runde des Tages, der Round of 14, die Bestzeit und stellte im Duell gegen den Franzosen Fran\u00e7ois Le Vot in 1:03.715 Minuten einen neuen Streckenrekord auf. In der anschlie\u00dfenden Round of 8 war der Deutsche dann nochmals 0.449 Sekunden schneller und lie\u00df Martin \u0160onka aus der Tschechischen Republik in 1:03.266 Minuten keine Chance. In einem kuriosen Finale, in dem Hall zun\u00e4chst in 1:03.426 die zweitschnellste Zeit der gesamten Woche flog und anschlie\u00dfend sowohl der US-Amerikaner Michael Goulian als auch Hannes Arch ein DNF (Did not finish) hinnehmen mussten, kam Dolderer dann nicht mehr an seine Zeiten aus den vorangegangenen Runden heran und musste sich in 1:04.887 Minuten dem Australier geschlagen geben. <\/p>\n<p>Unterst\u00fctzung f\u00fcr Dolderer durch Tennis-Legende Boris Becker <\/p>\n<p>Dolderer erhielt am Sonntag prominente Unterst\u00fctzung: Die deutsche Tennis-Legende Boris Becker besuchte mit seiner Familie das Red Bull Air Race in Ascot. \u201eIch verfolge diesen Sport schon l\u00e4nger, jetzt war es an der Zeit, mal vorbeizuschauen und es live zu sehen\u201d, sagte Becker, der in seiner Karriere 49 Turniere (Einzel) gewann. \u201eAls erstes f\u00e4llt dir die Geschwindigkeit der Flugzeuge auf und die Technik, die dahinter steckt. Diese sehr kleinen Cockpits erinnern mich sehr an die Formel 1.\u201d <\/p>\n<p>Die sechste Station der Red Bull Air Race Weltmeisterschaft 2016 findet am 3.\/4. September auf dem Lausitzring statt, der zuletzt 2010 Austragungsort eines Red Bull Air Race war. Damals verfolgten mehr als 100.000 Zuschauer die Action am Rennwochenende. Tickets f\u00fcr alle Rennen der Red Bull Air Race Weltmeisterschaft 2016, inklusive des Heimrennens von Dolderer auf dem Lausitzring, sind bereits erh\u00e4ltlich. <\/p>\n<p>Hinweis:<br \/>\nSport1+ zeigt am Freitag, den 19. August, eine Wiederholung der Round of 8 und des Final 4 des Red Bull Air Race in Ascot. <\/p>\n<p>Ergebnisse Rennen Ascot:<br \/>\n1. Matt Hall (AUS), 2. Matthias Dolderer (GER), 3. Hannes Arch (AUT), 4. Michael Goulian (USA), 5. Martin \u0160onka (CZE), 6. Nigel Lamb (GBR), 7. Nicolas Ivanoff (FRA), 8. Yoshihide Muroya (JPN), 9. Kirby Chambliss (USA), 10. Peter Podlun\u0161ek (SLO), 11. Juan Velarde (ESP), 12. Fran\u00e7ois Le Vot (FRA), 13. Pete McLeod (GER), 14. Petr Kopfstein (CZE) <\/p>\n<p>WM-Ranking:<br \/>\n1. Matthias Dolderer (GER) 53.25 Punkte, 2. Hannes Arch (AUT) 35.00, 3. Matt Hall (AUS) 33.75), 4. Kirby Chambliss (USA) 27.25, 5. Nicolas Ivanoff (FRA) 26.00, 6. Yoshihide Muroya (JPN) 25.50, 7. Nigel Lamb (GBR) 24.75, 8. Martin \u0160onka (CZE) 20.00, 9. Michael Goulian (USA) 13.75, 10. Pete McLeod (CAN) 12.50, 11. Fran\u00e7ois Le Vot (FRA) 10.00, 12. Juan Velarde (ESP) 9.25, 13. Peter Podlun\u0161ek (SLO) 4.00, 14. Petr Kopfstein (CZE) 2.00<\/p>\n<div class=\"ngg-related-gallery\">\n\t\t\t<a href=\"https:\/\/wp.1dfh.de\/wordpress\/wp-content\/gallery\/rba-abu-dhabi-2010\/si201003270013.jpg?t=1773404469\"\n\t\t\ttitle=\"ABU DHABI, UNITED ARAB EMIRATES - MARCH 27: (L-R) Second placed Nigel Lamb of Great Britain, winner Paul Bonhomme of Great Britain and third placed Peter Besenyei of Hungary with their medals after the Red Bull Air Race day on March 27, 2010 in Abu Dhabi, United Arab Emirates. (Photo by Hamish Blair\/Getty Images for Red Bull Air Race) *** Local Caption *** Nigel Lamb; Paul Bonhomme; Peter Besenyei\"\n\t\t\t\t\t\t\t\t\t\t\t\t\t\t\t data-image-id=\"4693\" data-src=\"https:\/\/wp.1dfh.de\/wordpress\/wp-content\/gallery\/rba-abu-dhabi-2010\/si201003270013.jpg?t=1773404469\" data-thumbnail=\"https:\/\/wp.1dfh.de\/wordpress\/wp-content\/gallery\/rba-abu-dhabi-2010\/cache\/si201003270013.jpg-nggid044693-ngg0dyn-100x100x100-00f0w010c011r110f110r010t010.jpg?t=1773404469\" data-title=\"97755980DM010_Red_Bull_Air_\" data-description=\"ABU DHABI, UNITED ARAB EMIRATES - MARCH 27: (L-R) Second placed Nigel Lamb of Great Britain, winner Paul Bonhomme of Great Britain and third placed Peter Besenyei of Hungary with their medals after the Red Bull Air Race day on March 27, 2010 in Abu Dhabi, United Arab Emirates. (Photo by Hamish Blair\/Getty Images for Red Bull Air Race) *** Local Caption *** Nigel Lamb; Paul Bonhomme; Peter Besenyei\">\n\t\t\t<img title=\"97755980DM010_Red_Bull_Air_\"\n\t\t\t\talt=\"97755980DM010_Red_Bull_Air_\"\n\t\t\t\tdata-image-id=\"4693\"\n\t\t\t\tsrc=\"\"\/>\n\t\t<\/a>\n\t\t\t<a href=\"https:\/\/wp.1dfh.de\/wordpress\/wp-content\/gallery\/rba-abu-dhabi-2010\/si201003270016.jpg?t=1773404478\"\n\t\t\ttitle=\"Nigel Lamb of Great Britain celebrates his 2nd, Paul Bonhomme of Great Britain his 1st and Peter Besenyei of Hungary his 3rd place on the podium after the Red Bull Air Race day on March 27, 2010 in Abu Dhabi, United Arab Emirates.\"\n\t\t\t\t\t\t\t\t\t\t\t\t\t\t\t data-image-id=\"4694\" data-src=\"https:\/\/wp.1dfh.de\/wordpress\/wp-content\/gallery\/rba-abu-dhabi-2010\/si201003270016.jpg?t=1773404478\" data-thumbnail=\"https:\/\/wp.1dfh.de\/wordpress\/wp-content\/gallery\/rba-abu-dhabi-2010\/cache\/si201003270016.jpg-nggid044694-ngg0dyn-100x100x100-00f0w010c011r110f110r010t010.jpg?t=1773404478\" data-title=\"Nigel Lamb; Paul Bonhomme; Peter Besenyei - Race Day, Abu Dhabi\" data-description=\"Nigel Lamb of Great Britain celebrates his 2nd, Paul Bonhomme of Great Britain his 1st and Peter Besenyei of Hungary his 3rd place on the podium after the Red Bull Air Race day on March 27, 2010 in Abu Dhabi, United Arab Emirates.\">\n\t\t\t<img title=\"Nigel Lamb; Paul Bonhomme; Peter Besenyei - Race Day, Abu Dhabi\"\n\t\t\t\talt=\"Nigel Lamb; Paul Bonhomme; Peter Besenyei - Race Day, Abu Dhabi\"\n\t\t\t\tdata-image-id=\"4694\"\n\t\t\t\tsrc=\"\"\/>\n\t\t<\/a>\n\t\t\t<a href=\"https:\/\/wp.1dfh.de\/wordpress\/wp-content\/gallery\/rbar-interlaken-2007\/1dfh-rba-il07-000.jpg?t=1773407446\"\n\t\t\ttitle=\"Red Bull Air Race Interlaken 2007\"\n\t\t\t\t\t\t\t\t\t\t\t\t\t\t\t data-image-id=\"5301\" data-src=\"https:\/\/wp.1dfh.de\/wordpress\/wp-content\/gallery\/rbar-interlaken-2007\/1dfh-rba-il07-000.jpg?t=1773407446\" data-thumbnail=\"https:\/\/wp.1dfh.de\/wordpress\/wp-content\/gallery\/rbar-interlaken-2007\/cache\/1dfh-rba-il07-000.jpg-nggid045301-ngg0dyn-100x100x100-00f0w010c011r110f110r010t010.jpg?t=1773407446\" data-title=\"Red Bull Air Race Interlaken 2007\" data-description=\"Red Bull Air Race Interlaken 2007\">\n\t\t\t<img title=\"Red Bull Air Race Interlaken 2007\"\n\t\t\t\talt=\"Red Bull Air Race Interlaken 2007\"\n\t\t\t\tdata-image-id=\"5301\"\n\t\t\t\tsrc=\"\"\/>\n\t\t<\/a>\n\t\t\t<a href=\"https:\/\/wp.1dfh.de\/wordpress\/wp-content\/gallery\/rbar-interlaken-2007\/1dfh-rba-il07-001.jpg?t=1773407445\"\n\t\t\ttitle=\"Red Bull Air Race Interlaken 2007\"\n\t\t\t\t\t\t\t\t\t\t\t\t\t\t\t data-image-id=\"5302\" data-src=\"https:\/\/wp.1dfh.de\/wordpress\/wp-content\/gallery\/rbar-interlaken-2007\/1dfh-rba-il07-001.jpg?t=1773407445\" data-thumbnail=\"https:\/\/wp.1dfh.de\/wordpress\/wp-content\/gallery\/rbar-interlaken-2007\/cache\/1dfh-rba-il07-001.jpg-nggid045302-ngg0dyn-100x100x100-00f0w010c011r110f110r010t010.jpg?t=1773407445\" data-title=\"Red Bull Air Race Interlaken 2007\" data-description=\"Red Bull Air Race Interlaken 2007\">\n\t\t\t<img title=\"Red Bull Air Race Interlaken 2007\"\n\t\t\t\talt=\"Red Bull Air Race Interlaken 2007\"\n\t\t\t\tdata-image-id=\"5302\"\n\t\t\t\tsrc=\"\"\/>\n\t\t<\/a>\n\t\t\t<a href=\"https:\/\/wp.1dfh.de\/wordpress\/wp-content\/gallery\/rbar-interlaken-2007\/1dfh-rba-il07-002.jpg?t=1773417120\"\n\t\t\ttitle=\"Red Bull Air Race Interlaken 2007\"\n\t\t\t\t\t\t\t\t\t\t\t\t\t\t\t data-image-id=\"5303\" data-src=\"https:\/\/wp.1dfh.de\/wordpress\/wp-content\/gallery\/rbar-interlaken-2007\/1dfh-rba-il07-002.jpg?t=1773417120\" data-thumbnail=\"https:\/\/wp.1dfh.de\/wordpress\/wp-content\/gallery\/rbar-interlaken-2007\/cache\/1dfh-rba-il07-002.jpg-nggid045303-ngg0dyn-100x100x100-00f0w010c011r110f110r010t010.jpg?t=1773417120\" data-title=\"Red Bull Air Race Interlaken 2007\" data-description=\"Red Bull Air Race Interlaken 2007\">\n\t\t\t<img title=\"Red Bull Air Race Interlaken 2007\"\n\t\t\t\talt=\"Red Bull Air Race Interlaken 2007\"\n\t\t\t\tdata-image-id=\"5303\"\n\t\t\t\tsrc=\"\"\/>\n\t\t<\/a>\n\t\t\t<a href=\"https:\/\/wp.1dfh.de\/wordpress\/wp-content\/gallery\/rbar-interlaken-2007\/1dfh-rba-il07-003.jpg?t=1773417119\"\n\t\t\ttitle=\"Red Bull Air Race Interlaken 2007\"\n\t\t\t\t\t\t\t\t\t\t\t\t\t\t\t data-image-id=\"5304\" data-src=\"https:\/\/wp.1dfh.de\/wordpress\/wp-content\/gallery\/rbar-interlaken-2007\/1dfh-rba-il07-003.jpg?t=1773417119\" data-thumbnail=\"https:\/\/wp.1dfh.de\/wordpress\/wp-content\/gallery\/rbar-interlaken-2007\/cache\/1dfh-rba-il07-003.jpg-nggid045304-ngg0dyn-100x100x100-00f0w010c011r110f110r010t010.jpg?t=1773417119\" data-title=\"Red Bull Air Race Interlaken 2007\" data-description=\"Red Bull Air Race Interlaken 2007\">\n\t\t\t<img title=\"Red Bull Air Race Interlaken 2007\"\n\t\t\t\talt=\"Red Bull Air Race Interlaken 2007\"\n\t\t\t\tdata-image-id=\"5304\"\n\t\t\t\tsrc=\"\"\/>\n\t\t<\/a>\n\t\t\t<a href=\"https:\/\/wp.1dfh.de\/wordpress\/wp-content\/gallery\/rbar-interlaken-2007\/1dfh-rba-il07-004.jpg?t=1773417119\"\n\t\t\ttitle=\"Red Bull Air Race Interlaken 2007\"\n\t\t\t\t\t\t\t\t\t\t\t\t\t\t\t data-image-id=\"5305\" data-src=\"https:\/\/wp.1dfh.de\/wordpress\/wp-content\/gallery\/rbar-interlaken-2007\/1dfh-rba-il07-004.jpg?t=1773417119\" data-thumbnail=\"https:\/\/wp.1dfh.de\/wordpress\/wp-content\/gallery\/rbar-interlaken-2007\/cache\/1dfh-rba-il07-004.jpg-nggid045305-ngg0dyn-100x100x100-00f0w010c011r110f110r010t010.jpg?t=1773417119\" data-title=\"Red Bull Air Race Interlaken 2007\" data-description=\"Red Bull Air Race Interlaken 2007\">\n\t\t\t<img title=\"Red Bull Air Race Interlaken 2007\"\n\t\t\t\talt=\"Red Bull Air Race Interlaken 2007\"\n\t\t\t\tdata-image-id=\"5305\"\n\t\t\t\tsrc=\"\"\/>\n\t\t<\/a>\n\t<\/div>\n","protected":false},"excerpt":{"rendered":"<p>14.08.2016 Der Deutsche Matthias Dolderer hat seine F\u00fchrung in der Red Bull Air Race Weltmeisterschaft 2016 mit einem zweiten Platz bei der f\u00fcnften Station im britischen Ascot weiter ausgebaut. Vor \u00fcber 20.000 Zuschauern am Rennwochenende musste sich der 45-J\u00e4hrige im Final 4 lediglich Vize-Weltmeister Matt Hall aus Australien geschlagen geben. \u201eDas gibt Selbstvertrauen f\u00fcr das &hellip; <a href=\"https:\/\/wp.1dfh.de\/wordpress\/matthias-dolderer-zweiter-beim-red-bull-air-race-in-ascot-das-gibt-selbstvertrauen-fuer-das-naechste-rennen-auf-dem-lausitzring\/\" class=\"more-link\"><span class=\"screen-reader-text\">Matthias Dolderer Zweiter beim Red Bull Air Race in Ascot \u201eDas gibt Selbstvertrauen f\u00fcr das n\u00e4chste Rennen auf dem Lausitzring\u201c<\/span> weiterlesen <span class=\"meta-nav\">&rarr;<\/span><\/a><\/p>\n","protected":false},"author":2,"featured_media":30153,"comment_status":"open","ping_status":"open","sticky":false,"template":"","format":"standard","meta":{"ngg_post_thumbnail":0,"footnotes":""},"categories":[1,11],"tags":[12770,13126,11252,13061,13060,11858,13127],"class_list":["post-30151","post","type-post","status-publish","format-standard","has-post-thumbnail","hentry","category-allgemeines","category-videos","tag-ascot","tag-rbar-2016","tag-red-bull-air-race","tag-red-bull-air-race-2016","tag-red-bull-air-race-weltmeisterschaft-2016","tag-red-bull-air-race-world-championship","tag-red-bull-air-race-world-championship-2016"],"_links":{"self":[{"href":"https:\/\/wp.1dfh.de\/wordpress\/wp-json\/wp\/v2\/posts\/30151","targetHints":{"allow":["GET"]}}],"collection":[{"href":"https:\/\/wp.1dfh.de\/wordpress\/wp-json\/wp\/v2\/posts"}],"about":[{"href":"https:\/\/wp.1dfh.de\/wordpress\/wp-json\/wp\/v2\/types\/post"}],"author":[{"embeddable":true,"href":"https:\/\/wp.1dfh.de\/wordpress\/wp-json\/wp\/v2\/users\/2"}],"replies":[{"embeddable":true,"href":"https:\/\/wp.1dfh.de\/wordpress\/wp-json\/wp\/v2\/comments?post=30151"}],"version-history":[{"count":4,"href":"https:\/\/wp.1dfh.de\/wordpress\/wp-json\/wp\/v2\/posts\/30151\/revisions"}],"predecessor-version":[{"id":30172,"href":"https:\/\/wp.1dfh.de\/wordpress\/wp-json\/wp\/v2\/posts\/30151\/revisions\/30172"}],"wp:featuredmedia":[{"embeddable":true,"href":"https:\/\/wp.1dfh.de\/wordpress\/wp-json\/wp\/v2\/media\/30153"}],"wp:attachment":[{"href":"https:\/\/wp.1dfh.de\/wordpress\/wp-json\/wp\/v2\/media?parent=30151"}],"wp:term":[{"taxonomy":"category","embeddable":true,"href":"https:\/\/wp.1dfh.de\/wordpress\/wp-json\/wp\/v2\/categories?post=30151"},{"taxonomy":"post_tag","embeddable":true,"href":"https:\/\/wp.1dfh.de\/wordpress\/wp-json\/wp\/v2\/tags?post=30151"}],"curies":[{"name":"wp","href":"https:\/\/api.w.org\/{rel}","templated":true}]}}