{"id":30303,"date":"2016-09-08T12:46:11","date_gmt":"2016-09-08T10:46:11","guid":{"rendered":"http:\/\/wp.1dfh.de\/wordpress\/nachwuchswettbewerb-der-kleine-uhu-in-grabenstetten-16-10-23-10-2011-copy\/"},"modified":"2016-11-10T17:31:55","modified_gmt":"2016-11-10T16:31:55","slug":"nachwuchswettbewerb-der-kleine-uhu-in-grabenstetten-09-10-16-10-2016","status":"publish","type":"post","link":"https:\/\/wp.1dfh.de\/wordpress\/nachwuchswettbewerb-der-kleine-uhu-in-grabenstetten-09-10-16-10-2016\/","title":{"rendered":"Nachwuchswettbewerb Der kleine Uhu in Grabenstetten 09.10. + 16.10.2016"},"content":{"rendered":"<figure style=\"width: 200px\" class=\"wp-caption alignright\"><a href=\"http:\/\/www.flg-grabenstetten.de\"><img loading=\"lazy\" decoding=\"async\" src=\"http:\/\/www.flg-grabenstetten.de\/Logo.GIF\" alt=\"Fliegergruppe Grabenstetten- Teck-Lenninger Tal e.V.\" width=\"200\" height=\"160\" \/><\/a><figcaption class=\"wp-caption-text\">Fliegergruppe Grabenstetten- Teck-Lenninger Tal e.V.<\/figcaption><\/figure>\n<p><em><strong><a class=\"shutterset_\" title=\"Freiflugwettbewerb &quot;Der kleine Uhu&quot; in Grabenstetten\" href=\"http:\/\/wp.1dfh.de\/wordpress\/wp-content\/gallery\/der-kleine-uhu-grabenstetten-25-10-09\/1dfh-uhu-gra09-01.jpg\"><img loading=\"lazy\" decoding=\"async\" class=\"ngg-singlepic ngg-right alignright\" src=\"http:\/\/wp.1dfh.de\/wordpress\/wp-content\/gallery\/der-kleine-uhu-grabenstetten-25-10-09\/thumbs\/thumbs_1dfh-uhu-gra09-01.jpg\" alt=\"Der kleine Uhu Wettbewerb 25.10.2009 Grabenstetten\" width=\"100\" height=\"100\" \/><\/a><\/strong><\/em><\/p>\n<p>Uhu-Wettbewerbe 2016<br \/>\nDie Fliegergruppe Grabenstetten veranstaltet am 09. sowie am 16. Oktober den Nachwuchswettbewerb \u201eDer kleine Uhu\u201c. Dabei handelt es sich um ein Vergleichsfliegen im Modellflug unter Jugendlichen. Wer sich bei einem der lokalen Wettbewerbe qualifiziert, kann an dem bundesweiten UHU Cup teilnehmen.<br \/>\nDoch was ist der kleine Uhu-Wettbewerb genau?<br \/>\nDer kleine Uhu ist ein Freiflugmodell, welches mit Hilfe einer langen Leine vom Teilnehmer in den Himmel gezogen wird. Damit es ein fairer Wettbewerb wird, gilt f\u00fcr alle eine Maximale Leinenl\u00e4nge von 25m. Befindet sich das Modell in der Luft wird die Zeit vom Ausklinken bis zur Landung gemessen. Jeder Teilnehmer hat insgesamt 5 Wertungsfl\u00fcge und die Summe der Flugzeit aus den besten 4 Durchg\u00e4ngen ergibt das Gesamtergebnis. Zugelassen sind alle Freiflugmodelle bis zu einem maximalen Gesamtfl\u00e4cheninhalt von 18 dm\u00b2 mit offenem Hochstarthaken. Teilnahmeberechtigt sind Jugendliche bis zum vollendeten 16. Lebensjahr.<\/p>\n<p>Habt ihr nun Lust bekommen, einen solchen Modellflieger zu bauen und an einem der Wettbewerbe teilzunehmen, wisst allerdings nicht genau, wo ihr das Modell herbekommt und wie man es baut?<\/p>\n<p>Kein Problem: Die Fliegergruppe bietet eine Sammelbestellung, sowie einen Termin f\u00fcr das gemeinsame Bauen des kleinen Uhus an. Unter Anleitung erfahrener Mitglieder der Modellflugabteilung k\u00f6nnt ihr am Samstag, den 01. Oktober 2016 gemeinsam euer Modell zusammen basteln. Eltern sind zur Unterst\u00fctzung jederzeit willkommen.<\/p>\n<p>Bitte meldet euch bei Henrik Theiss unter henrik-mail@freenet.de, wenn ihr einen kleinen Uhu bestellen, basteln oder auch nur am Wettbewerb teilnehmen wollt.<\/p>\n<p><iframe loading=\"lazy\" title=\"Der kleine UHU Version 2016 Graupner # 4316 Grabenstetten\" width=\"474\" height=\"267\" src=\"https:\/\/www.youtube.com\/embed\/LsVcl6MVoBo?feature=oembed\" frameborder=\"0\" allow=\"accelerometer; autoplay; clipboard-write; encrypted-media; gyroscope; picture-in-picture; web-share\" referrerpolicy=\"strict-origin-when-cross-origin\" allowfullscreen><\/iframe><\/p>\n<p>[gmap]<\/p>\n<div class=\"ngg-related-gallery\">\n\t\t\t<a href=\"https:\/\/wp.1dfh.de\/wordpress\/wp-content\/gallery\/der-kleine-uhu-grabenstetten-25-10-09\/1dfh-uhu-gra09-01.jpg?t=1773588706\"\n\t\t\ttitle=\"Freiflugwettbewerb &quot;Der kleine Uhu&quot; in Grabenstetten\"\n\t\t\t\t\t\t\t\t\t\t\t\t\t\t\t data-image-id=\"3546\" data-src=\"https:\/\/wp.1dfh.de\/wordpress\/wp-content\/gallery\/der-kleine-uhu-grabenstetten-25-10-09\/1dfh-uhu-gra09-01.jpg?t=1773588706\" data-thumbnail=\"https:\/\/wp.1dfh.de\/wordpress\/wp-content\/gallery\/der-kleine-uhu-grabenstetten-25-10-09\/cache\/1dfh-uhu-gra09-01.jpg-nggid043546-ngg0dyn-100x100x100-00f0w010c011r110f110r010t010.jpg?t=1773588706\" data-title=\"Der kleine Uhu Wettbewerb 25.10.2009 Grabenstetten\" data-description=\"Freiflugwettbewerb &quot;Der kleine Uhu&quot; in Grabenstetten\">\n\t\t\t<img title=\"Der kleine Uhu Wettbewerb 25.10.2009 Grabenstetten\"\n\t\t\t\talt=\"Der kleine Uhu Wettbewerb 25.10.2009 Grabenstetten\"\n\t\t\t\tdata-image-id=\"3546\"\n\t\t\t\tsrc=\"\"\/>\n\t\t<\/a>\n\t\t\t<a href=\"https:\/\/wp.1dfh.de\/wordpress\/wp-content\/gallery\/der-kleine-uhu-grabenstetten-25-10-09\/1dfh-uhu-gra09-02.jpg?t=1773588706\"\n\t\t\ttitle=\"Freiflugwettbewerb &quot;Der kleine Uhu&quot; in Grabenstetten\"\n\t\t\t\t\t\t\t\t\t\t\t\t\t\t\t data-image-id=\"3547\" data-src=\"https:\/\/wp.1dfh.de\/wordpress\/wp-content\/gallery\/der-kleine-uhu-grabenstetten-25-10-09\/1dfh-uhu-gra09-02.jpg?t=1773588706\" data-thumbnail=\"https:\/\/wp.1dfh.de\/wordpress\/wp-content\/gallery\/der-kleine-uhu-grabenstetten-25-10-09\/cache\/1dfh-uhu-gra09-02.jpg-nggid043547-ngg0dyn-100x100x100-00f0w010c011r110f110r010t010.jpg?t=1773588706\" data-title=\"Der kleine Uhu Wettbewerb 25.10.2009 Grabenstetten\" data-description=\"Freiflugwettbewerb &quot;Der kleine Uhu&quot; in Grabenstetten\">\n\t\t\t<img title=\"Der kleine Uhu Wettbewerb 25.10.2009 Grabenstetten\"\n\t\t\t\talt=\"Der kleine Uhu Wettbewerb 25.10.2009 Grabenstetten\"\n\t\t\t\tdata-image-id=\"3547\"\n\t\t\t\tsrc=\"\"\/>\n\t\t<\/a>\n\t\t\t<a href=\"https:\/\/wp.1dfh.de\/wordpress\/wp-content\/gallery\/der-kleine-uhu-grabenstetten-25-10-09\/1dfh-uhu-gra09-03.jpg?t=1773659529\"\n\t\t\ttitle=\"Freiflugwettbewerb &quot;Der kleine Uhu&quot; in Grabenstetten\"\n\t\t\t\t\t\t\t\t\t\t\t\t\t\t\t data-image-id=\"3548\" data-src=\"https:\/\/wp.1dfh.de\/wordpress\/wp-content\/gallery\/der-kleine-uhu-grabenstetten-25-10-09\/1dfh-uhu-gra09-03.jpg?t=1773659529\" data-thumbnail=\"https:\/\/wp.1dfh.de\/wordpress\/wp-content\/gallery\/der-kleine-uhu-grabenstetten-25-10-09\/cache\/1dfh-uhu-gra09-03.jpg-nggid043548-ngg0dyn-100x100x100-00f0w010c011r110f110r010t010.jpg?t=1773659529\" data-title=\"Der kleine Uhu Wettbewerb 25.10.2009 Grabenstetten\" data-description=\"Freiflugwettbewerb &quot;Der kleine Uhu&quot; in Grabenstetten\">\n\t\t\t<img title=\"Der kleine Uhu Wettbewerb 25.10.2009 Grabenstetten\"\n\t\t\t\talt=\"Der kleine Uhu Wettbewerb 25.10.2009 Grabenstetten\"\n\t\t\t\tdata-image-id=\"3548\"\n\t\t\t\tsrc=\"\"\/>\n\t\t<\/a>\n\t\t\t<a href=\"https:\/\/wp.1dfh.de\/wordpress\/wp-content\/gallery\/der-kleine-uhu-grabenstetten-25-10-09\/1dfh-uhu-gra09-04.jpg?t=1773659529\"\n\t\t\ttitle=\"Freiflugwettbewerb &quot;Der kleine Uhu&quot; in Grabenstetten\"\n\t\t\t\t\t\t\t\t\t\t\t\t\t\t\t data-image-id=\"3549\" data-src=\"https:\/\/wp.1dfh.de\/wordpress\/wp-content\/gallery\/der-kleine-uhu-grabenstetten-25-10-09\/1dfh-uhu-gra09-04.jpg?t=1773659529\" data-thumbnail=\"https:\/\/wp.1dfh.de\/wordpress\/wp-content\/gallery\/der-kleine-uhu-grabenstetten-25-10-09\/cache\/1dfh-uhu-gra09-04.jpg-nggid043549-ngg0dyn-100x100x100-00f0w010c011r110f110r010t010.jpg?t=1773659529\" data-title=\"Der kleine Uhu Wettbewerb 25.10.2009 Grabenstetten\" data-description=\"Freiflugwettbewerb &quot;Der kleine Uhu&quot; in Grabenstetten\">\n\t\t\t<img title=\"Der kleine Uhu Wettbewerb 25.10.2009 Grabenstetten\"\n\t\t\t\talt=\"Der kleine Uhu Wettbewerb 25.10.2009 Grabenstetten\"\n\t\t\t\tdata-image-id=\"3549\"\n\t\t\t\tsrc=\"\"\/>\n\t\t<\/a>\n\t\t\t<a href=\"https:\/\/wp.1dfh.de\/wordpress\/wp-content\/gallery\/der-kleine-uhu-grabenstetten-25-10-09\/1dfh-uhu-gra09-05.jpg?t=1773659529\"\n\t\t\ttitle=\"Freiflugwettbewerb &quot;Der kleine Uhu&quot; in Grabenstetten\"\n\t\t\t\t\t\t\t\t\t\t\t\t\t\t\t data-image-id=\"3550\" data-src=\"https:\/\/wp.1dfh.de\/wordpress\/wp-content\/gallery\/der-kleine-uhu-grabenstetten-25-10-09\/1dfh-uhu-gra09-05.jpg?t=1773659529\" data-thumbnail=\"https:\/\/wp.1dfh.de\/wordpress\/wp-content\/gallery\/der-kleine-uhu-grabenstetten-25-10-09\/cache\/1dfh-uhu-gra09-05.jpg-nggid043550-ngg0dyn-100x100x100-00f0w010c011r110f110r010t010.jpg?t=1773659529\" data-title=\"Der kleine Uhu Wettbewerb 25.10.2009 Grabenstetten\" data-description=\"Freiflugwettbewerb &quot;Der kleine Uhu&quot; in Grabenstetten\">\n\t\t\t<img title=\"Der kleine Uhu Wettbewerb 25.10.2009 Grabenstetten\"\n\t\t\t\talt=\"Der kleine Uhu Wettbewerb 25.10.2009 Grabenstetten\"\n\t\t\t\tdata-image-id=\"3550\"\n\t\t\t\tsrc=\"\"\/>\n\t\t<\/a>\n\t\t\t<a href=\"https:\/\/wp.1dfh.de\/wordpress\/wp-content\/gallery\/der-kleine-uhu-grabenstetten-25-10-09\/1dfh-uhu-gra09-06.jpg?t=1773659529\"\n\t\t\ttitle=\"Freiflugwettbewerb &quot;Der kleine Uhu&quot; in Grabenstetten\"\n\t\t\t\t\t\t\t\t\t\t\t\t\t\t\t data-image-id=\"3551\" data-src=\"https:\/\/wp.1dfh.de\/wordpress\/wp-content\/gallery\/der-kleine-uhu-grabenstetten-25-10-09\/1dfh-uhu-gra09-06.jpg?t=1773659529\" data-thumbnail=\"https:\/\/wp.1dfh.de\/wordpress\/wp-content\/gallery\/der-kleine-uhu-grabenstetten-25-10-09\/cache\/1dfh-uhu-gra09-06.jpg-nggid043551-ngg0dyn-100x100x100-00f0w010c011r110f110r010t010.jpg?t=1773659529\" data-title=\"Der kleine Uhu Wettbewerb 25.10.2009 Grabenstetten\" data-description=\"Freiflugwettbewerb &quot;Der kleine Uhu&quot; in Grabenstetten\">\n\t\t\t<img title=\"Der kleine Uhu Wettbewerb 25.10.2009 Grabenstetten\"\n\t\t\t\talt=\"Der kleine Uhu Wettbewerb 25.10.2009 Grabenstetten\"\n\t\t\t\tdata-image-id=\"3551\"\n\t\t\t\tsrc=\"\"\/>\n\t\t<\/a>\n\t\t\t<a href=\"https:\/\/wp.1dfh.de\/wordpress\/wp-content\/gallery\/der-kleine-uhu-grabenstetten-25-10-09\/1dfh-uhu-gra09-07.jpg?t=1773659529\"\n\t\t\ttitle=\"Freiflugwettbewerb &quot;Der kleine Uhu&quot; in Grabenstetten\"\n\t\t\t\t\t\t\t\t\t\t\t\t\t\t\t data-image-id=\"3552\" data-src=\"https:\/\/wp.1dfh.de\/wordpress\/wp-content\/gallery\/der-kleine-uhu-grabenstetten-25-10-09\/1dfh-uhu-gra09-07.jpg?t=1773659529\" data-thumbnail=\"https:\/\/wp.1dfh.de\/wordpress\/wp-content\/gallery\/der-kleine-uhu-grabenstetten-25-10-09\/cache\/1dfh-uhu-gra09-07.jpg-nggid043552-ngg0dyn-100x100x100-00f0w010c011r110f110r010t010.jpg?t=1773659529\" data-title=\"Der kleine Uhu Wettbewerb 25.10.2009 Grabenstetten\" data-description=\"Freiflugwettbewerb &quot;Der kleine Uhu&quot; in Grabenstetten\">\n\t\t\t<img title=\"Der kleine Uhu Wettbewerb 25.10.2009 Grabenstetten\"\n\t\t\t\talt=\"Der kleine Uhu Wettbewerb 25.10.2009 Grabenstetten\"\n\t\t\t\tdata-image-id=\"3552\"\n\t\t\t\tsrc=\"\"\/>\n\t\t<\/a>\n\t<\/div>\n","protected":false},"excerpt":{"rendered":"<p>Uhu-Wettbewerbe 2016 Die Fliegergruppe Grabenstetten veranstaltet am 09. sowie am 16. Oktober den Nachwuchswettbewerb \u201eDer kleine Uhu\u201c. Dabei handelt es sich um ein Vergleichsfliegen im Modellflug unter Jugendlichen. Wer sich bei einem der lokalen Wettbewerbe qualifiziert, kann an dem bundesweiten UHU Cup teilnehmen. Doch was ist der kleine Uhu-Wettbewerb genau? Der kleine Uhu ist ein &hellip; <a href=\"https:\/\/wp.1dfh.de\/wordpress\/nachwuchswettbewerb-der-kleine-uhu-in-grabenstetten-09-10-16-10-2016\/\" class=\"more-link\"><span class=\"screen-reader-text\">Nachwuchswettbewerb Der kleine Uhu in Grabenstetten 09.10. + 16.10.2016<\/span> weiterlesen <span class=\"meta-nav\">&rarr;<\/span><\/a><\/p>\n","protected":false},"author":2,"featured_media":0,"comment_status":"open","ping_status":"open","sticky":false,"template":"","format":"standard","meta":{"ngg_post_thumbnail":0,"footnotes":""},"categories":[18,9,11,13],"tags":[3835,4646,11159,11552,1128,3853],"class_list":["post-30303","post","type-post","status-publish","format-standard","hentry","category-flugveranstaltungen","category-termine","category-videos","category-wettbewerbe","tag-der-kleine-uhu-2","tag-fliegergruppe-grabenstetten-teck-lenninger-tal-e-v-2","tag-freiflug","tag-freiflugwettbewerb","tag-nachwuchswettbewerb","tag-nachwuchswettbewerb-der-kleine-uhu"],"_links":{"self":[{"href":"https:\/\/wp.1dfh.de\/wordpress\/wp-json\/wp\/v2\/posts\/30303","targetHints":{"allow":["GET"]}}],"collection":[{"href":"https:\/\/wp.1dfh.de\/wordpress\/wp-json\/wp\/v2\/posts"}],"about":[{"href":"https:\/\/wp.1dfh.de\/wordpress\/wp-json\/wp\/v2\/types\/post"}],"author":[{"embeddable":true,"href":"https:\/\/wp.1dfh.de\/wordpress\/wp-json\/wp\/v2\/users\/2"}],"replies":[{"embeddable":true,"href":"https:\/\/wp.1dfh.de\/wordpress\/wp-json\/wp\/v2\/comments?post=30303"}],"version-history":[{"count":4,"href":"https:\/\/wp.1dfh.de\/wordpress\/wp-json\/wp\/v2\/posts\/30303\/revisions"}],"predecessor-version":[{"id":30608,"href":"https:\/\/wp.1dfh.de\/wordpress\/wp-json\/wp\/v2\/posts\/30303\/revisions\/30608"}],"wp:attachment":[{"href":"https:\/\/wp.1dfh.de\/wordpress\/wp-json\/wp\/v2\/media?parent=30303"}],"wp:term":[{"taxonomy":"category","embeddable":true,"href":"https:\/\/wp.1dfh.de\/wordpress\/wp-json\/wp\/v2\/categories?post=30303"},{"taxonomy":"post_tag","embeddable":true,"href":"https:\/\/wp.1dfh.de\/wordpress\/wp-json\/wp\/v2\/tags?post=30303"}],"curies":[{"name":"wp","href":"https:\/\/api.w.org\/{rel}","templated":true}]}}