{"id":30470,"date":"2016-10-11T10:11:33","date_gmt":"2016-10-11T08:11:33","guid":{"rendered":"http:\/\/wp.1dfh.de\/wordpress\/?p=30470"},"modified":"2016-10-19T15:05:29","modified_gmt":"2016-10-19T13:05:29","slug":"red-bull-air-race-las-vegas-15-10-16-10-2016","status":"publish","type":"post","link":"https:\/\/wp.1dfh.de\/wordpress\/red-bull-air-race-las-vegas-15-10-16-10-2016\/","title":{"rendered":"Red Bull Air Race Las Vegas 15.10. &#8211; 16.10.2016"},"content":{"rendered":"<p>Zum zweiten Mal in Folge markiert die Glitzer- und Glamourwelt von Las Vegas auf dem Las Vegas Motor Speedway den Schlusspunkt einer Red Bull Air Race Saison. Die Region im S\u00fcden von Nevada ist eine der am schnellsten wachsenden Regionen der USA. Nicht umsonst wird das weltber\u00fchmte Las Vegas auch als die Entertainment-Metropole schlechthin bezeichnet. Die Stadt, die niemals schl\u00e4ft, wir mit seinen Neonlichtern und der Nonstop-Party-Atmosph\u00e4re der Saison 2016 einmal mehr einen elektrisierenden Stempel aufsetzen.<\/p>\n<ul>\n<li><a href=\"http:\/\/www.redbullairrace.com\/de_DE\/event\/las-vegas-2016\" target=\"_blank\">Weitere Infos<\/a><\/li>\n<\/ul>\n<figure id=\"attachment_30483\" aria-describedby=\"caption-attachment-30483\" style=\"width: 1200px\" class=\"wp-caption alignleft\"><a href=\"http:\/\/wp.1dfh.de\/wordpress\/wp-content\/uploads\/P-20161005-00203_News.jpg\"><img loading=\"lazy\" decoding=\"async\" class=\"size-full wp-image-30483\" src=\"http:\/\/wp.1dfh.de\/wordpress\/wp-content\/uploads\/P-20161005-00203_News.jpg\" alt=\"Track overview of the Red Bull Air Race World Championship 2016 Stop 8 Las Vegas, Nevada, USA on October 5, 2016 \/\/ P-20161005-00203 \/\/ Usage for editorial use only \/\/ Please go to www.redbullcontentpool.com for further information. \/\/\" width=\"1200\" height=\"849\" srcset=\"https:\/\/wp.1dfh.de\/wordpress\/wp-content\/uploads\/P-20161005-00203_News.jpg 1200w, https:\/\/wp.1dfh.de\/wordpress\/wp-content\/uploads\/P-20161005-00203_News-300x212.jpg 300w, https:\/\/wp.1dfh.de\/wordpress\/wp-content\/uploads\/P-20161005-00203_News-768x543.jpg 768w\" sizes=\"auto, (max-width: 1200px) 100vw, 1200px\" \/><\/a><figcaption id=\"caption-attachment-30483\" class=\"wp-caption-text\">Track overview of the Red Bull Air Race World Championship 2016 Stop 8 Las Vegas, Nevada, USA on October 5, 2016 \/\/ P-20161005-00203 \/\/ Usage for editorial use only \/\/ Please go to www.redbullcontentpool.com for further information. \/\/<\/figcaption><\/figure>\n<p><iframe loading=\"lazy\" src=\"https:\/\/www.redbullcontentpool.com\/embed\/video\/57fc9dae89a41d742e2750db\" width=\"560\" height=\"315\" frameborder=\"0\" allowfullscreen=\"allowfullscreen\"><\/iframe><\/p>\n<p><iframe loading=\"lazy\" width=\"640\" height=\"360\" frameborder=\"0\" scrolling=\"no\" marginheight=\"0\" marginwidth=\"0\" src=\"https:\/\/sharevideo.redbull.com\/secure\/?originalTemplateReadyHandler=BCLS.onTemplateReady&#038;isRTL=false&#038;startTime=1476882237620&#038;jumpHover=Jump backwards&#038;templateErrorHandler=BCLS.onTemplateError&#038;playIcon=iconB&#038;htmlFallback=true&#038;bcpid=2083601910001&#038;templateLoadHandler=BCLS.onTemplateLoad&#038;relatedcontent=true,true&#038;identifierClassName=BrightcoveExperienceID_933&#038;bckey=AQ~~,AAAB5RhA4mE~,_qLQOMb4NsD6DRfCwL_FSBNcKyM9hEwo&#038;templateReadyHandler=brightcove['templateReadyHandlervideo5174371583001']&#038;socialHover=Share or embed&#038;includeAPI=true&#038;purl=http:\/\/www.redbullairrace.com\/en_US\/video\/full-race-recap-2016-season-final&#038;qualityHover=Change quality&#038;isSlim=true&#038;bctid=5174371583001&#038;autoStart=false&#038;link=http:\/\/www.redbullairrace.com&#038;filter=channel:World Tour&#038;closedCaptionsHover=Subtitles&#038;linkBaseURL=http:\/\/www.redbullairrace.com\/en_US\/video\/full-race-recap-2016-season-final&#038;bgcolor=#000000&#038;logoHover=Watch on redbullairrace.com&#038;dynamicStreaming=true&#038;onsiteSettings=false,false,false,true\"><\/iframe><\/p>\n<div class=\"ngg-related-gallery\">\n\t\t\t<a href=\"https:\/\/wp.1dfh.de\/wordpress\/wp-content\/gallery\/rba-abu-dhabi-2010\/si201003270013.jpg?t=1773404469\"\n\t\t\ttitle=\"ABU DHABI, UNITED ARAB EMIRATES - MARCH 27: (L-R) Second placed Nigel Lamb of Great Britain, winner Paul Bonhomme of Great Britain and third placed Peter Besenyei of Hungary with their medals after the Red Bull Air Race day on March 27, 2010 in Abu Dhabi, United Arab Emirates. (Photo by Hamish Blair\/Getty Images for Red Bull Air Race) *** Local Caption *** Nigel Lamb; Paul Bonhomme; Peter Besenyei\"\n\t\t\t\t\t\t\t\t\t\t\t\t\t\t\t data-image-id=\"4693\" data-src=\"https:\/\/wp.1dfh.de\/wordpress\/wp-content\/gallery\/rba-abu-dhabi-2010\/si201003270013.jpg?t=1773404469\" data-thumbnail=\"https:\/\/wp.1dfh.de\/wordpress\/wp-content\/gallery\/rba-abu-dhabi-2010\/cache\/si201003270013.jpg-nggid044693-ngg0dyn-100x100x100-00f0w010c011r110f110r010t010.jpg?t=1773404469\" data-title=\"97755980DM010_Red_Bull_Air_\" data-description=\"ABU DHABI, UNITED ARAB EMIRATES - MARCH 27: (L-R) Second placed Nigel Lamb of Great Britain, winner Paul Bonhomme of Great Britain and third placed Peter Besenyei of Hungary with their medals after the Red Bull Air Race day on March 27, 2010 in Abu Dhabi, United Arab Emirates. (Photo by Hamish Blair\/Getty Images for Red Bull Air Race) *** Local Caption *** Nigel Lamb; Paul Bonhomme; Peter Besenyei\">\n\t\t\t<img title=\"97755980DM010_Red_Bull_Air_\"\n\t\t\t\talt=\"97755980DM010_Red_Bull_Air_\"\n\t\t\t\tdata-image-id=\"4693\"\n\t\t\t\tsrc=\"\"\/>\n\t\t<\/a>\n\t\t\t<a href=\"https:\/\/wp.1dfh.de\/wordpress\/wp-content\/gallery\/rba-abu-dhabi-2010\/si201003270016.jpg?t=1773404478\"\n\t\t\ttitle=\"Nigel Lamb of Great Britain celebrates his 2nd, Paul Bonhomme of Great Britain his 1st and Peter Besenyei of Hungary his 3rd place on the podium after the Red Bull Air Race day on March 27, 2010 in Abu Dhabi, United Arab Emirates.\"\n\t\t\t\t\t\t\t\t\t\t\t\t\t\t\t data-image-id=\"4694\" data-src=\"https:\/\/wp.1dfh.de\/wordpress\/wp-content\/gallery\/rba-abu-dhabi-2010\/si201003270016.jpg?t=1773404478\" data-thumbnail=\"https:\/\/wp.1dfh.de\/wordpress\/wp-content\/gallery\/rba-abu-dhabi-2010\/cache\/si201003270016.jpg-nggid044694-ngg0dyn-100x100x100-00f0w010c011r110f110r010t010.jpg?t=1773404478\" data-title=\"Nigel Lamb; Paul Bonhomme; Peter Besenyei - Race Day, Abu Dhabi\" data-description=\"Nigel Lamb of Great Britain celebrates his 2nd, Paul Bonhomme of Great Britain his 1st and Peter Besenyei of Hungary his 3rd place on the podium after the Red Bull Air Race day on March 27, 2010 in Abu Dhabi, United Arab Emirates.\">\n\t\t\t<img title=\"Nigel Lamb; Paul Bonhomme; Peter Besenyei - Race Day, Abu Dhabi\"\n\t\t\t\talt=\"Nigel Lamb; Paul Bonhomme; Peter Besenyei - Race Day, Abu Dhabi\"\n\t\t\t\tdata-image-id=\"4694\"\n\t\t\t\tsrc=\"\"\/>\n\t\t<\/a>\n\t\t\t<a href=\"https:\/\/wp.1dfh.de\/wordpress\/wp-content\/gallery\/rbar-interlaken-2007\/1dfh-rba-il07-000.jpg?t=1773407446\"\n\t\t\ttitle=\"Red Bull Air Race Interlaken 2007\"\n\t\t\t\t\t\t\t\t\t\t\t\t\t\t\t data-image-id=\"5301\" data-src=\"https:\/\/wp.1dfh.de\/wordpress\/wp-content\/gallery\/rbar-interlaken-2007\/1dfh-rba-il07-000.jpg?t=1773407446\" data-thumbnail=\"https:\/\/wp.1dfh.de\/wordpress\/wp-content\/gallery\/rbar-interlaken-2007\/cache\/1dfh-rba-il07-000.jpg-nggid045301-ngg0dyn-100x100x100-00f0w010c011r110f110r010t010.jpg?t=1773407446\" data-title=\"Red Bull Air Race Interlaken 2007\" data-description=\"Red Bull Air Race Interlaken 2007\">\n\t\t\t<img title=\"Red Bull Air Race Interlaken 2007\"\n\t\t\t\talt=\"Red Bull Air Race Interlaken 2007\"\n\t\t\t\tdata-image-id=\"5301\"\n\t\t\t\tsrc=\"\"\/>\n\t\t<\/a>\n\t\t\t<a href=\"https:\/\/wp.1dfh.de\/wordpress\/wp-content\/gallery\/rbar-interlaken-2007\/1dfh-rba-il07-001.jpg?t=1773407445\"\n\t\t\ttitle=\"Red Bull Air Race Interlaken 2007\"\n\t\t\t\t\t\t\t\t\t\t\t\t\t\t\t data-image-id=\"5302\" data-src=\"https:\/\/wp.1dfh.de\/wordpress\/wp-content\/gallery\/rbar-interlaken-2007\/1dfh-rba-il07-001.jpg?t=1773407445\" data-thumbnail=\"https:\/\/wp.1dfh.de\/wordpress\/wp-content\/gallery\/rbar-interlaken-2007\/cache\/1dfh-rba-il07-001.jpg-nggid045302-ngg0dyn-100x100x100-00f0w010c011r110f110r010t010.jpg?t=1773407445\" data-title=\"Red Bull Air Race Interlaken 2007\" data-description=\"Red Bull Air Race Interlaken 2007\">\n\t\t\t<img title=\"Red Bull Air Race Interlaken 2007\"\n\t\t\t\talt=\"Red Bull Air Race Interlaken 2007\"\n\t\t\t\tdata-image-id=\"5302\"\n\t\t\t\tsrc=\"\"\/>\n\t\t<\/a>\n\t\t\t<a href=\"https:\/\/wp.1dfh.de\/wordpress\/wp-content\/gallery\/rbar-interlaken-2007\/1dfh-rba-il07-002.jpg?t=1773417120\"\n\t\t\ttitle=\"Red Bull Air Race Interlaken 2007\"\n\t\t\t\t\t\t\t\t\t\t\t\t\t\t\t data-image-id=\"5303\" data-src=\"https:\/\/wp.1dfh.de\/wordpress\/wp-content\/gallery\/rbar-interlaken-2007\/1dfh-rba-il07-002.jpg?t=1773417120\" data-thumbnail=\"https:\/\/wp.1dfh.de\/wordpress\/wp-content\/gallery\/rbar-interlaken-2007\/cache\/1dfh-rba-il07-002.jpg-nggid045303-ngg0dyn-100x100x100-00f0w010c011r110f110r010t010.jpg?t=1773417120\" data-title=\"Red Bull Air Race Interlaken 2007\" data-description=\"Red Bull Air Race Interlaken 2007\">\n\t\t\t<img title=\"Red Bull Air Race Interlaken 2007\"\n\t\t\t\talt=\"Red Bull Air Race Interlaken 2007\"\n\t\t\t\tdata-image-id=\"5303\"\n\t\t\t\tsrc=\"\"\/>\n\t\t<\/a>\n\t\t\t<a href=\"https:\/\/wp.1dfh.de\/wordpress\/wp-content\/gallery\/rbar-interlaken-2007\/1dfh-rba-il07-003.jpg?t=1773417119\"\n\t\t\ttitle=\"Red Bull Air Race Interlaken 2007\"\n\t\t\t\t\t\t\t\t\t\t\t\t\t\t\t data-image-id=\"5304\" data-src=\"https:\/\/wp.1dfh.de\/wordpress\/wp-content\/gallery\/rbar-interlaken-2007\/1dfh-rba-il07-003.jpg?t=1773417119\" data-thumbnail=\"https:\/\/wp.1dfh.de\/wordpress\/wp-content\/gallery\/rbar-interlaken-2007\/cache\/1dfh-rba-il07-003.jpg-nggid045304-ngg0dyn-100x100x100-00f0w010c011r110f110r010t010.jpg?t=1773417119\" data-title=\"Red Bull Air Race Interlaken 2007\" data-description=\"Red Bull Air Race Interlaken 2007\">\n\t\t\t<img title=\"Red Bull Air Race Interlaken 2007\"\n\t\t\t\talt=\"Red Bull Air Race Interlaken 2007\"\n\t\t\t\tdata-image-id=\"5304\"\n\t\t\t\tsrc=\"\"\/>\n\t\t<\/a>\n\t\t\t<a href=\"https:\/\/wp.1dfh.de\/wordpress\/wp-content\/gallery\/rbar-interlaken-2007\/1dfh-rba-il07-004.jpg?t=1773417119\"\n\t\t\ttitle=\"Red Bull Air Race Interlaken 2007\"\n\t\t\t\t\t\t\t\t\t\t\t\t\t\t\t data-image-id=\"5305\" data-src=\"https:\/\/wp.1dfh.de\/wordpress\/wp-content\/gallery\/rbar-interlaken-2007\/1dfh-rba-il07-004.jpg?t=1773417119\" data-thumbnail=\"https:\/\/wp.1dfh.de\/wordpress\/wp-content\/gallery\/rbar-interlaken-2007\/cache\/1dfh-rba-il07-004.jpg-nggid045305-ngg0dyn-100x100x100-00f0w010c011r110f110r010t010.jpg?t=1773417119\" data-title=\"Red Bull Air Race Interlaken 2007\" data-description=\"Red Bull Air Race Interlaken 2007\">\n\t\t\t<img title=\"Red Bull Air Race Interlaken 2007\"\n\t\t\t\talt=\"Red Bull Air Race Interlaken 2007\"\n\t\t\t\tdata-image-id=\"5305\"\n\t\t\t\tsrc=\"\"\/>\n\t\t<\/a>\n\t<\/div>\n","protected":false},"excerpt":{"rendered":"<p>Zum zweiten Mal in Folge markiert die Glitzer- und Glamourwelt von Las Vegas auf dem Las Vegas Motor Speedway den Schlusspunkt einer Red Bull Air Race Saison. Die Region im S\u00fcden von Nevada ist eine der am schnellsten wachsenden Regionen der USA. Nicht umsonst wird das weltber\u00fchmte Las Vegas auch als die Entertainment-Metropole schlechthin bezeichnet. &hellip; <a href=\"https:\/\/wp.1dfh.de\/wordpress\/red-bull-air-race-las-vegas-15-10-16-10-2016\/\" class=\"more-link\"><span class=\"screen-reader-text\">Red Bull Air Race Las Vegas 15.10. &#8211; 16.10.2016<\/span> weiterlesen <span class=\"meta-nav\">&rarr;<\/span><\/a><\/p>\n","protected":false},"author":2,"featured_media":29024,"comment_status":"open","ping_status":"open","sticky":false,"template":"","format":"standard","meta":{"ngg_post_thumbnail":0,"footnotes":""},"categories":[18,9,11,13],"tags":[12785,13126,11252,13061,13060,11858,13127],"class_list":["post-30470","post","type-post","status-publish","format-standard","has-post-thumbnail","hentry","category-flugveranstaltungen","category-termine","category-videos","category-wettbewerbe","tag-las-vegas","tag-rbar-2016","tag-red-bull-air-race","tag-red-bull-air-race-2016","tag-red-bull-air-race-weltmeisterschaft-2016","tag-red-bull-air-race-world-championship","tag-red-bull-air-race-world-championship-2016"],"_links":{"self":[{"href":"https:\/\/wp.1dfh.de\/wordpress\/wp-json\/wp\/v2\/posts\/30470","targetHints":{"allow":["GET"]}}],"collection":[{"href":"https:\/\/wp.1dfh.de\/wordpress\/wp-json\/wp\/v2\/posts"}],"about":[{"href":"https:\/\/wp.1dfh.de\/wordpress\/wp-json\/wp\/v2\/types\/post"}],"author":[{"embeddable":true,"href":"https:\/\/wp.1dfh.de\/wordpress\/wp-json\/wp\/v2\/users\/2"}],"replies":[{"embeddable":true,"href":"https:\/\/wp.1dfh.de\/wordpress\/wp-json\/wp\/v2\/comments?post=30470"}],"version-history":[{"count":6,"href":"https:\/\/wp.1dfh.de\/wordpress\/wp-json\/wp\/v2\/posts\/30470\/revisions"}],"predecessor-version":[{"id":30520,"href":"https:\/\/wp.1dfh.de\/wordpress\/wp-json\/wp\/v2\/posts\/30470\/revisions\/30520"}],"wp:featuredmedia":[{"embeddable":true,"href":"https:\/\/wp.1dfh.de\/wordpress\/wp-json\/wp\/v2\/media\/29024"}],"wp:attachment":[{"href":"https:\/\/wp.1dfh.de\/wordpress\/wp-json\/wp\/v2\/media?parent=30470"}],"wp:term":[{"taxonomy":"category","embeddable":true,"href":"https:\/\/wp.1dfh.de\/wordpress\/wp-json\/wp\/v2\/categories?post=30470"},{"taxonomy":"post_tag","embeddable":true,"href":"https:\/\/wp.1dfh.de\/wordpress\/wp-json\/wp\/v2\/tags?post=30470"}],"curies":[{"name":"wp","href":"https:\/\/api.w.org\/{rel}","templated":true}]}}