{"id":30485,"date":"2016-10-13T11:00:53","date_gmt":"2016-10-13T09:00:53","guid":{"rendered":"http:\/\/wp.1dfh.de\/wordpress\/?p=30485"},"modified":"2016-10-13T11:03:58","modified_gmt":"2016-10-13T09:03:58","slug":"red-bull-air-race-piloten-geniessen-beruehmten-ausblick-auf-den-horseshoe-bend-in-arizona-usa","status":"publish","type":"post","link":"https:\/\/wp.1dfh.de\/wordpress\/red-bull-air-race-piloten-geniessen-beruehmten-ausblick-auf-den-horseshoe-bend-in-arizona-usa\/","title":{"rendered":"Red Bull Air Race Piloten genie\u00dfen ber\u00fchmten Ausblick auf den Horseshoe Bend in Arizona, USA"},"content":{"rendered":"<p>13.10.2016<br \/>\n<img decoding=\"async\" class=\"ngg-singlepic ngg-none\" src=\"http:\/\/wp.1dfh.de\/wordpress\/wp-content\/gallery\/red-bull-air-race-las-vegas-15-10-16-10-2016\/p-20161013-00314_news.jpg\" alt=\"p-20161013-00314_news\" \/><em><strong>Der Mann der Stunde, Matthias Dolderer, genoss kurz vor dem Red Bull Air Race Saisonfinale auf dem Las Vegas Motor Speedway zusammen mit dem Tschechen Martin \u0160onka einen spektakul\u00e4ren Flug \u00fcber den ber\u00fchmten Horseshoe Bend im benachbarten Arizona und sammelte dabei spektakul\u00e4re Eindr\u00fccke.<\/strong><\/em><\/p>\n<p>Las Vegas (USA) \u2013 Nur wenige Tage bevor der Red Bull Air Race Weltmeister 2016 beim Saisonfinale in Las Vegas gekr\u00f6nt wird, erhielt der Deutsche Matthias Dolderer die M\u00f6glichkeit, sein Rennflugzeug anl\u00e4sslich eines Erkundungsflugs von der Entertainment-Welthauptstadt \u00fcber den benachbarten Horseshoe Bend zu einem der gr\u00f6\u00dften Naturwunder der Welt, dem Grand Canyon, zu fliegen. Begleitet wurde Dolderer von Martin \u0160onka aus der Tschechischen Republik, der beim Finale alles geben wird, um auf dem Podium zu landen. Beide Piloten genossen die f\u00fcr den amerikanischen S\u00fcdwesten symbolische Aussicht auf eine atemberaubende, durch den Colorado River geformte 1.000 Fu\u00df (300 Meter) hohe Felsklippe inmitten einer W\u00fcstenlandschaft.<\/p>\n<p>Vor ca. 200 Millionen Jahren war dieses Gebiet Teil eines \u201eSandmeeres\u201c, der wahrscheinlich gr\u00f6\u00dften D\u00fcnenlandschaft, die je auf dem Nordamerikanischen Kontinent existiert hat. Wasser und Mineralien haben den Sand allm\u00e4hlich erh\u00e4rten lassen und bildeten so den Fels, der als Navajo Sandstein bekannt war bevor der Fluss die beeindruckende 270-Grad Beugung kreierte.<\/p>\n<p>Dolderer ist der WM-Titel an diesem Wochenende nicht mehr zu nehmen. Der Deutsche ist der erste Pilot in der Geschichte, der Red Bull Air Race Weltmeisterschaft, der bereits vor dem letzten Rennen der Saison den Titel perfekt gemacht hatte. Wenn die ultimative Motorsportserie der L\u00fcfte zum dritten Mal in Folge in Las Vegas Station macht, will Dolderer seinen Fans einen weiteren Sieg schenken.<\/p>\n<p>Las Vegas hat also auch in diesem Jahr wieder viel Action zu bieten, und die Piloten werden vor der Award-Zeremonie am Sonntagnachmittag noch einmal Vollgas geben.<\/p>\n<p>Tickets f\u00fcr das mit packender Action gespickte Red Bull Air Race Finale auf dem Las Vegas Motor Speedway und die Siegerehrung am 15.\/16. Oktober sind nach wie vor erh\u00e4ltlich. Die neuesten Informationen gibt es unter www.redbullairrace.com.<\/p>\nngg_shortcode_0_placeholder\n<p>Bilder: Joerg Mitter and Predrag Vuckovic<\/p>\n<div class=\"ngg-related-gallery\">\n\t\t\t<a href=\"https:\/\/wp.1dfh.de\/wordpress\/wp-content\/gallery\/rba-abu-dhabi-2010\/si201003270013.jpg?t=1773404469\"\n\t\t\ttitle=\"ABU DHABI, UNITED ARAB EMIRATES - MARCH 27: (L-R) Second placed Nigel Lamb of Great Britain, winner Paul Bonhomme of Great Britain and third placed Peter Besenyei of Hungary with their medals after the Red Bull Air Race day on March 27, 2010 in Abu Dhabi, United Arab Emirates. (Photo by Hamish Blair\/Getty Images for Red Bull Air Race) *** Local Caption *** Nigel Lamb; Paul Bonhomme; Peter Besenyei\"\n\t\t\t\t\t\t\t\t\t\t\t\t\t\t\t data-image-id=\"4693\" data-src=\"https:\/\/wp.1dfh.de\/wordpress\/wp-content\/gallery\/rba-abu-dhabi-2010\/si201003270013.jpg?t=1773404469\" data-thumbnail=\"https:\/\/wp.1dfh.de\/wordpress\/wp-content\/gallery\/rba-abu-dhabi-2010\/cache\/si201003270013.jpg-nggid044693-ngg0dyn-100x100x100-00f0w010c011r110f110r010t010.jpg?t=1773404469\" data-title=\"97755980DM010_Red_Bull_Air_\" data-description=\"ABU DHABI, UNITED ARAB EMIRATES - MARCH 27: (L-R) Second placed Nigel Lamb of Great Britain, winner Paul Bonhomme of Great Britain and third placed Peter Besenyei of Hungary with their medals after the Red Bull Air Race day on March 27, 2010 in Abu Dhabi, United Arab Emirates. (Photo by Hamish Blair\/Getty Images for Red Bull Air Race) *** Local Caption *** Nigel Lamb; Paul Bonhomme; Peter Besenyei\">\n\t\t\t<img title=\"97755980DM010_Red_Bull_Air_\"\n\t\t\t\talt=\"97755980DM010_Red_Bull_Air_\"\n\t\t\t\tdata-image-id=\"4693\"\n\t\t\t\tsrc=\"\"\/>\n\t\t<\/a>\n\t\t\t<a href=\"https:\/\/wp.1dfh.de\/wordpress\/wp-content\/gallery\/rba-abu-dhabi-2010\/si201003270016.jpg?t=1773404478\"\n\t\t\ttitle=\"Nigel Lamb of Great Britain celebrates his 2nd, Paul Bonhomme of Great Britain his 1st and Peter Besenyei of Hungary his 3rd place on the podium after the Red Bull Air Race day on March 27, 2010 in Abu Dhabi, United Arab Emirates.\"\n\t\t\t\t\t\t\t\t\t\t\t\t\t\t\t data-image-id=\"4694\" data-src=\"https:\/\/wp.1dfh.de\/wordpress\/wp-content\/gallery\/rba-abu-dhabi-2010\/si201003270016.jpg?t=1773404478\" data-thumbnail=\"https:\/\/wp.1dfh.de\/wordpress\/wp-content\/gallery\/rba-abu-dhabi-2010\/cache\/si201003270016.jpg-nggid044694-ngg0dyn-100x100x100-00f0w010c011r110f110r010t010.jpg?t=1773404478\" data-title=\"Nigel Lamb; Paul Bonhomme; Peter Besenyei - Race Day, Abu Dhabi\" data-description=\"Nigel Lamb of Great Britain celebrates his 2nd, Paul Bonhomme of Great Britain his 1st and Peter Besenyei of Hungary his 3rd place on the podium after the Red Bull Air Race day on March 27, 2010 in Abu Dhabi, United Arab Emirates.\">\n\t\t\t<img title=\"Nigel Lamb; Paul Bonhomme; Peter Besenyei - Race Day, Abu Dhabi\"\n\t\t\t\talt=\"Nigel Lamb; Paul Bonhomme; Peter Besenyei - Race Day, Abu Dhabi\"\n\t\t\t\tdata-image-id=\"4694\"\n\t\t\t\tsrc=\"\"\/>\n\t\t<\/a>\n\t\t\t<a href=\"https:\/\/wp.1dfh.de\/wordpress\/wp-content\/gallery\/rbar-interlaken-2007\/1dfh-rba-il07-000.jpg?t=1773407446\"\n\t\t\ttitle=\"Red Bull Air Race Interlaken 2007\"\n\t\t\t\t\t\t\t\t\t\t\t\t\t\t\t data-image-id=\"5301\" data-src=\"https:\/\/wp.1dfh.de\/wordpress\/wp-content\/gallery\/rbar-interlaken-2007\/1dfh-rba-il07-000.jpg?t=1773407446\" data-thumbnail=\"https:\/\/wp.1dfh.de\/wordpress\/wp-content\/gallery\/rbar-interlaken-2007\/cache\/1dfh-rba-il07-000.jpg-nggid045301-ngg0dyn-100x100x100-00f0w010c011r110f110r010t010.jpg?t=1773407446\" data-title=\"Red Bull Air Race Interlaken 2007\" data-description=\"Red Bull Air Race Interlaken 2007\">\n\t\t\t<img title=\"Red Bull Air Race Interlaken 2007\"\n\t\t\t\talt=\"Red Bull Air Race Interlaken 2007\"\n\t\t\t\tdata-image-id=\"5301\"\n\t\t\t\tsrc=\"\"\/>\n\t\t<\/a>\n\t\t\t<a href=\"https:\/\/wp.1dfh.de\/wordpress\/wp-content\/gallery\/rbar-interlaken-2007\/1dfh-rba-il07-001.jpg?t=1773407445\"\n\t\t\ttitle=\"Red Bull Air Race Interlaken 2007\"\n\t\t\t\t\t\t\t\t\t\t\t\t\t\t\t data-image-id=\"5302\" data-src=\"https:\/\/wp.1dfh.de\/wordpress\/wp-content\/gallery\/rbar-interlaken-2007\/1dfh-rba-il07-001.jpg?t=1773407445\" data-thumbnail=\"https:\/\/wp.1dfh.de\/wordpress\/wp-content\/gallery\/rbar-interlaken-2007\/cache\/1dfh-rba-il07-001.jpg-nggid045302-ngg0dyn-100x100x100-00f0w010c011r110f110r010t010.jpg?t=1773407445\" data-title=\"Red Bull Air Race Interlaken 2007\" data-description=\"Red Bull Air Race Interlaken 2007\">\n\t\t\t<img title=\"Red Bull Air Race Interlaken 2007\"\n\t\t\t\talt=\"Red Bull Air Race Interlaken 2007\"\n\t\t\t\tdata-image-id=\"5302\"\n\t\t\t\tsrc=\"\"\/>\n\t\t<\/a>\n\t\t\t<a href=\"https:\/\/wp.1dfh.de\/wordpress\/wp-content\/gallery\/rbar-interlaken-2007\/1dfh-rba-il07-002.jpg?t=1773417120\"\n\t\t\ttitle=\"Red Bull Air Race Interlaken 2007\"\n\t\t\t\t\t\t\t\t\t\t\t\t\t\t\t data-image-id=\"5303\" data-src=\"https:\/\/wp.1dfh.de\/wordpress\/wp-content\/gallery\/rbar-interlaken-2007\/1dfh-rba-il07-002.jpg?t=1773417120\" data-thumbnail=\"https:\/\/wp.1dfh.de\/wordpress\/wp-content\/gallery\/rbar-interlaken-2007\/cache\/1dfh-rba-il07-002.jpg-nggid045303-ngg0dyn-100x100x100-00f0w010c011r110f110r010t010.jpg?t=1773417120\" data-title=\"Red Bull Air Race Interlaken 2007\" data-description=\"Red Bull Air Race Interlaken 2007\">\n\t\t\t<img title=\"Red Bull Air Race Interlaken 2007\"\n\t\t\t\talt=\"Red Bull Air Race Interlaken 2007\"\n\t\t\t\tdata-image-id=\"5303\"\n\t\t\t\tsrc=\"\"\/>\n\t\t<\/a>\n\t\t\t<a href=\"https:\/\/wp.1dfh.de\/wordpress\/wp-content\/gallery\/rbar-interlaken-2007\/1dfh-rba-il07-003.jpg?t=1773417119\"\n\t\t\ttitle=\"Red Bull Air Race Interlaken 2007\"\n\t\t\t\t\t\t\t\t\t\t\t\t\t\t\t data-image-id=\"5304\" data-src=\"https:\/\/wp.1dfh.de\/wordpress\/wp-content\/gallery\/rbar-interlaken-2007\/1dfh-rba-il07-003.jpg?t=1773417119\" data-thumbnail=\"https:\/\/wp.1dfh.de\/wordpress\/wp-content\/gallery\/rbar-interlaken-2007\/cache\/1dfh-rba-il07-003.jpg-nggid045304-ngg0dyn-100x100x100-00f0w010c011r110f110r010t010.jpg?t=1773417119\" data-title=\"Red Bull Air Race Interlaken 2007\" data-description=\"Red Bull Air Race Interlaken 2007\">\n\t\t\t<img title=\"Red Bull Air Race Interlaken 2007\"\n\t\t\t\talt=\"Red Bull Air Race Interlaken 2007\"\n\t\t\t\tdata-image-id=\"5304\"\n\t\t\t\tsrc=\"\"\/>\n\t\t<\/a>\n\t\t\t<a href=\"https:\/\/wp.1dfh.de\/wordpress\/wp-content\/gallery\/rbar-interlaken-2007\/1dfh-rba-il07-004.jpg?t=1773417119\"\n\t\t\ttitle=\"Red Bull Air Race Interlaken 2007\"\n\t\t\t\t\t\t\t\t\t\t\t\t\t\t\t data-image-id=\"5305\" data-src=\"https:\/\/wp.1dfh.de\/wordpress\/wp-content\/gallery\/rbar-interlaken-2007\/1dfh-rba-il07-004.jpg?t=1773417119\" data-thumbnail=\"https:\/\/wp.1dfh.de\/wordpress\/wp-content\/gallery\/rbar-interlaken-2007\/cache\/1dfh-rba-il07-004.jpg-nggid045305-ngg0dyn-100x100x100-00f0w010c011r110f110r010t010.jpg?t=1773417119\" data-title=\"Red Bull Air Race Interlaken 2007\" data-description=\"Red Bull Air Race Interlaken 2007\">\n\t\t\t<img title=\"Red Bull Air Race Interlaken 2007\"\n\t\t\t\talt=\"Red Bull Air Race Interlaken 2007\"\n\t\t\t\tdata-image-id=\"5305\"\n\t\t\t\tsrc=\"\"\/>\n\t\t<\/a>\n\t<\/div>\n","protected":false},"excerpt":{"rendered":"<p>13.10.2016 Der Mann der Stunde, Matthias Dolderer, genoss kurz vor dem Red Bull Air Race Saisonfinale auf dem Las Vegas Motor Speedway zusammen mit dem Tschechen Martin \u0160onka einen spektakul\u00e4ren Flug \u00fcber den ber\u00fchmten Horseshoe Bend im benachbarten Arizona und sammelte dabei spektakul\u00e4re Eindr\u00fccke. Las Vegas (USA) \u2013 Nur wenige Tage bevor der Red Bull &hellip; <a href=\"https:\/\/wp.1dfh.de\/wordpress\/red-bull-air-race-piloten-geniessen-beruehmten-ausblick-auf-den-horseshoe-bend-in-arizona-usa\/\" class=\"more-link\"><span class=\"screen-reader-text\">Red Bull Air Race Piloten genie\u00dfen ber\u00fchmten Ausblick auf den Horseshoe Bend in Arizona, USA<\/span> weiterlesen <span class=\"meta-nav\">&rarr;<\/span><\/a><\/p>\n","protected":false},"author":2,"featured_media":0,"comment_status":"open","ping_status":"open","sticky":false,"template":"","format":"standard","meta":{"ngg_post_thumbnail":0,"footnotes":""},"categories":[3,1,6],"tags":[12785,13126,11252,13061,13060,11858,13127],"class_list":["post-30485","post","type-post","status-publish","format-standard","hentry","category-aktuelles","category-allgemeines","category-fotos","tag-las-vegas","tag-rbar-2016","tag-red-bull-air-race","tag-red-bull-air-race-2016","tag-red-bull-air-race-weltmeisterschaft-2016","tag-red-bull-air-race-world-championship","tag-red-bull-air-race-world-championship-2016"],"_links":{"self":[{"href":"https:\/\/wp.1dfh.de\/wordpress\/wp-json\/wp\/v2\/posts\/30485","targetHints":{"allow":["GET"]}}],"collection":[{"href":"https:\/\/wp.1dfh.de\/wordpress\/wp-json\/wp\/v2\/posts"}],"about":[{"href":"https:\/\/wp.1dfh.de\/wordpress\/wp-json\/wp\/v2\/types\/post"}],"author":[{"embeddable":true,"href":"https:\/\/wp.1dfh.de\/wordpress\/wp-json\/wp\/v2\/users\/2"}],"replies":[{"embeddable":true,"href":"https:\/\/wp.1dfh.de\/wordpress\/wp-json\/wp\/v2\/comments?post=30485"}],"version-history":[{"count":2,"href":"https:\/\/wp.1dfh.de\/wordpress\/wp-json\/wp\/v2\/posts\/30485\/revisions"}],"predecessor-version":[{"id":30488,"href":"https:\/\/wp.1dfh.de\/wordpress\/wp-json\/wp\/v2\/posts\/30485\/revisions\/30488"}],"wp:attachment":[{"href":"https:\/\/wp.1dfh.de\/wordpress\/wp-json\/wp\/v2\/media?parent=30485"}],"wp:term":[{"taxonomy":"category","embeddable":true,"href":"https:\/\/wp.1dfh.de\/wordpress\/wp-json\/wp\/v2\/categories?post=30485"},{"taxonomy":"post_tag","embeddable":true,"href":"https:\/\/wp.1dfh.de\/wordpress\/wp-json\/wp\/v2\/tags?post=30485"}],"curies":[{"name":"wp","href":"https:\/\/api.w.org\/{rel}","templated":true}]}}