{"id":30555,"date":"2016-11-03T12:59:36","date_gmt":"2016-11-03T11:59:36","guid":{"rendered":"http:\/\/wp.1dfh.de\/wordpress\/?p=30555"},"modified":"2016-11-03T13:01:07","modified_gmt":"2016-11-03T12:01:07","slug":"zdf-terra-x-zugvoegel-2-der-kampf-ums-ueberleben-13-11-2016","status":"publish","type":"post","link":"https:\/\/wp.1dfh.de\/wordpress\/zdf-terra-x-zugvoegel-2-der-kampf-ums-ueberleben-13-11-2016\/","title":{"rendered":"ZDF: Terra X: Zugv\u00f6gel  2. Der Kampf ums \u00dcberleben 13.11.2016"},"content":{"rendered":"<figure id=\"attachment_30553\" aria-describedby=\"caption-attachment-30553\" style=\"width: 1200px\" class=\"wp-caption alignleft\"><img loading=\"lazy\" decoding=\"async\" class=\"size-full wp-image-30553\" src=\"http:\/\/wp.1dfh.de\/wordpress\/wp-content\/uploads\/64123-0-12.jpg\" alt=\"Im Fr\u00fchjahr ziehen die Nonneng\u00e4nse \u2013 von der Emsm\u00fcndung an den Nordseeinseln vorbei, die Ostsee entlang \u2013 bis nach Russland, um dort ihren Nachwuchs zu bekommen.\" width=\"1200\" height=\"675\" srcset=\"https:\/\/wp.1dfh.de\/wordpress\/wp-content\/uploads\/64123-0-12.jpg 1200w, https:\/\/wp.1dfh.de\/wordpress\/wp-content\/uploads\/64123-0-12-300x169.jpg 300w, https:\/\/wp.1dfh.de\/wordpress\/wp-content\/uploads\/64123-0-12-768x432.jpg 768w\" sizes=\"auto, (max-width: 1200px) 100vw, 1200px\" \/><figcaption id=\"caption-attachment-30553\" class=\"wp-caption-text\">Im Fr\u00fchjahr ziehen die Nonneng\u00e4nse \u2013 von der Emsm\u00fcndung an den Nordseeinseln vorbei, die Ostsee entlang \u2013 bis nach Russland, um dort ihren Nachwuchs zu bekommen.<\/figcaption><\/figure>\n<figure id=\"attachment_17989\" aria-describedby=\"caption-attachment-17989\" style=\"width: 51px\" class=\"wp-caption alignright\"><a href=\"http:\/\/www.zdf.de\" target=\"_blank\"><img loading=\"lazy\" decoding=\"async\" class=\"size-full wp-image-17989\" title=\"ZDF\" src=\"http:\/\/wp.1dfh.de\/wordpress\/wp-content\/uploads\/zdflogosmall1.gif\" alt=\"ZDF\" width=\"51\" height=\"30\" \/><\/a><figcaption id=\"caption-attachment-17989\" class=\"wp-caption-text\">ZDF<\/figcaption><\/figure>\n<ul>\n<li>Sonntag, 13. November 2016, 19.30 Uhr, ZDF<\/li>\n<li>Dienstag, 13. Dezember 2016, 19.30 Uhr, ARTE<\/li>\n<li>Terra X: Zugv\u00f6gel<\/li>\n<li>Zweiteilige Dokumentation<\/li>\n<li>2. Der Kampf ums \u00dcberleben<\/li>\n<\/ul>\n<p>Der Vogelzug war schon immer eine Frage des \u00dcberlebens. Nur wenn es sich lohnt, lernen Tiere im Laufe der Evolution zu wandern \u2013 meist auf der Suche nach Nahrung oder besseren Brutrevieren. Doch Zugv\u00f6gel leben heute gef\u00e4hrlich. Im Anthropoz\u00e4n, im Zeitalter der Menschen, sind die Todesraten unter Langstreckenziehern in schwindelerregende H\u00f6hen gestiegen: Biotope verschwinden, V\u00f6gel werden gejagt oder verenden in Hochspannungsleitungen. Bei vielen Zugvogel-Arten \u00fcberleben 80 Prozent der Jungv\u00f6gel nicht einmal das erste Jahr.<\/p>\n<p>Die Tundra, in der Bless- und Nonneng\u00e4nse am liebsten br\u00fcten, reichte am Ende der letzten Eiszeit noch bis nach K\u00f6ln. Heute ziehen die G\u00e4nse von Westeuropa, wo sie den vergleichsweise milden Winter verbringen, Tausende von Kilometern bis an den Polarkreis \u2013 am liebsten auf die Insel Kolgujew in der Barentssee. Die &#8222;Terra X&#8220;-Dokumentation &#8222;Zugv\u00f6gel&#8220; ist mit hochaufl\u00f6senden Kameras am Boden und in der Luft dabei, wenn sich die K\u00fcken in ihren &#8222;Daunenm\u00e4nteln&#8220; bei eisigem Wind aus dem Ei pellen und die Eism\u00f6wen ihre ersten Raubz\u00fcge starten.<\/p>\n<p>Und auch, wenn in der D\u00e4mmerung \u00fcber Rom Hunderttausende von Staren gigantische Wolken und Schl\u00e4uche bilden, als folgten sie einer unsichtbaren Choreographie, geht es in Wirklichkeit ums \u00dcberleben. Mit solch pfeilschnellen Formationsfl\u00fcgen wehren kleinere V\u00f6gel in gro\u00dfen Schw\u00e4rmen Raubv\u00f6gel ab, die etwa an den Schlafpl\u00e4tzen der Stare am Tiber lauern. F\u00fcr &#8222;Zugv\u00f6gel&#8220; wurde der spektakul\u00e4re \u00dcberlebenstanz der Stare aus der Luft gedreht.<\/p>\n<p>Genau wie die Winterreise der Waldrappe nach Italien. Den drollig aussehenden Ibis-V\u00f6geln wurde ihre gro\u00dfe Zutraulichkeit bereits im 17. Jahrhundert zum Verh\u00e4ngnis. Als leichte Beute f\u00fcr J\u00e4ger waren sie bald komplett ausgerottet. Heute wird dieses Manko zum Vorteil: Von Hand aufgezogen, folgen junge Waldrappe ihren menschlichen Zieh-Eltern, selbst wenn die in einen Ultraleicht-Flieger steigen und von der deutsch-\u00f6sterreichischen Grenze in die Toskana reisen \u2013 ins \u00dcberwinterungsrevier. Schon auf dem R\u00fcckweg finden die Waldrappe dann ihren Weg allein \u2013 ein Beleg daf\u00fcr, wie tief das Zugprogramm als \u00dcberlebensstrategie eingebrannt ist.<\/p>\n<p>Doch von 20 Milliarden Singv\u00f6geln weltweit sterben inzwischen jedes Jahr zehn Milliarden. Die meisten V\u00f6gel, die wir aus unseren G\u00e4rten kennen, ziehen \u00fcber unsere K\u00f6pfe, wenn wir schlafen. Im Schutz der Dunkelheit entgehen sie am ehesten Raubv\u00f6geln und \u00dcberanstrengung. Welche Gefahren ihnen dennoch auf der langen Reise drohen, macht eine Animation der n\u00e4chtlichen Massen-Wanderung sichtbar. Denn was V\u00f6gel im Laufe der Evolution gelernt haben, k\u00f6nnen sie auch wieder verlernen, wenn es dem \u00dcberleben dient. Peter Berthold, Deutschlands Guru unter den Vogelforschern, sagt im Film: &#8222;Meine pers\u00f6nliche Prognose ist, dass wir, wenn die Klimaerw\u00e4rmung so weiter geht wie jetzt, in 100 Jahren bei uns keine Zugv\u00f6gel mehr haben.&#8220;<\/p>\n","protected":false},"excerpt":{"rendered":"<p>Sonntag, 13. November 2016, 19.30 Uhr, ZDF Dienstag, 13. Dezember 2016, 19.30 Uhr, ARTE Terra X: Zugv\u00f6gel Zweiteilige Dokumentation 2. Der Kampf ums \u00dcberleben Der Vogelzug war schon immer eine Frage des \u00dcberlebens. Nur wenn es sich lohnt, lernen Tiere im Laufe der Evolution zu wandern \u2013 meist auf der Suche nach Nahrung oder besseren &hellip; <a href=\"https:\/\/wp.1dfh.de\/wordpress\/zdf-terra-x-zugvoegel-2-der-kampf-ums-ueberleben-13-11-2016\/\" class=\"more-link\"><span class=\"screen-reader-text\">ZDF: Terra X: Zugv\u00f6gel  2. Der Kampf ums \u00dcberleben 13.11.2016<\/span> weiterlesen <span class=\"meta-nav\">&rarr;<\/span><\/a><\/p>\n","protected":false},"author":2,"featured_media":30553,"comment_status":"open","ping_status":"open","sticky":false,"template":"","format":"standard","meta":{"ngg_post_thumbnail":0,"footnotes":""},"categories":[9,10],"tags":[13510,7149,13680],"class_list":["post-30555","post","type-post","status-publish","format-standard","has-post-thumbnail","hentry","category-termine","category-tv-sendungen","tag-terra-x","tag-zdf-2","tag-zugvoegel"],"_links":{"self":[{"href":"https:\/\/wp.1dfh.de\/wordpress\/wp-json\/wp\/v2\/posts\/30555","targetHints":{"allow":["GET"]}}],"collection":[{"href":"https:\/\/wp.1dfh.de\/wordpress\/wp-json\/wp\/v2\/posts"}],"about":[{"href":"https:\/\/wp.1dfh.de\/wordpress\/wp-json\/wp\/v2\/types\/post"}],"author":[{"embeddable":true,"href":"https:\/\/wp.1dfh.de\/wordpress\/wp-json\/wp\/v2\/users\/2"}],"replies":[{"embeddable":true,"href":"https:\/\/wp.1dfh.de\/wordpress\/wp-json\/wp\/v2\/comments?post=30555"}],"version-history":[{"count":2,"href":"https:\/\/wp.1dfh.de\/wordpress\/wp-json\/wp\/v2\/posts\/30555\/revisions"}],"predecessor-version":[{"id":30557,"href":"https:\/\/wp.1dfh.de\/wordpress\/wp-json\/wp\/v2\/posts\/30555\/revisions\/30557"}],"wp:featuredmedia":[{"embeddable":true,"href":"https:\/\/wp.1dfh.de\/wordpress\/wp-json\/wp\/v2\/media\/30553"}],"wp:attachment":[{"href":"https:\/\/wp.1dfh.de\/wordpress\/wp-json\/wp\/v2\/media?parent=30555"}],"wp:term":[{"taxonomy":"category","embeddable":true,"href":"https:\/\/wp.1dfh.de\/wordpress\/wp-json\/wp\/v2\/categories?post=30555"},{"taxonomy":"post_tag","embeddable":true,"href":"https:\/\/wp.1dfh.de\/wordpress\/wp-json\/wp\/v2\/tags?post=30555"}],"curies":[{"name":"wp","href":"https:\/\/api.w.org\/{rel}","templated":true}]}}