{"id":44288,"date":"2017-09-07T21:19:28","date_gmt":"2017-09-07T19:19:28","guid":{"rendered":"http:\/\/wp.1dfh.de\/wordpress\/nachwuchswettbewerb-der-kleine-uhu-in-grabenstetten-09-10-16-10-2016-copy\/"},"modified":"2017-09-07T21:23:37","modified_gmt":"2017-09-07T19:23:37","slug":"nachwuchswettbewerb-der-kleine-uhu-in-grabenstetten-22-10-2017","status":"publish","type":"post","link":"https:\/\/wp.1dfh.de\/wordpress\/nachwuchswettbewerb-der-kleine-uhu-in-grabenstetten-22-10-2017\/","title":{"rendered":"Nachwuchswettbewerb Der kleine Uhu in Grabenstetten 22.10.2017"},"content":{"rendered":"<figure style=\"width: 200px\" class=\"wp-caption alignright\"><a href=\"http:\/\/www.flg-grabenstetten.de\"><img loading=\"lazy\" decoding=\"async\" src=\"http:\/\/www.flg-grabenstetten.de\/Logo.GIF\" alt=\"Fliegergruppe Grabenstetten- Teck-Lenninger Tal e.V.\" width=\"200\" height=\"160\" \/><\/a><figcaption class=\"wp-caption-text\">Fliegergruppe Grabenstetten- Teck-Lenninger Tal e.V.<\/figcaption><\/figure>\n<p><em><strong><a class=\"shutterset_\" title=\"Freiflugwettbewerb &quot;Der kleine Uhu&quot; in Grabenstetten\" href=\"http:\/\/wp.1dfh.de\/wordpress\/wp-content\/gallery\/der-kleine-uhu-grabenstetten-25-10-09\/1dfh-uhu-gra09-01.jpg\"><img loading=\"lazy\" decoding=\"async\" class=\"ngg-singlepic ngg-right alignright\" src=\"http:\/\/wp.1dfh.de\/wordpress\/wp-content\/gallery\/der-kleine-uhu-grabenstetten-25-10-09\/thumbs\/thumbs_1dfh-uhu-gra09-01.jpg\" alt=\"Der kleine Uhu Wettbewerb 25.10.2009 Grabenstetten\" width=\"100\" height=\"100\" \/><\/a><\/strong><\/em><\/p>\n<p>Uhu-Wettbewerb\u00a0 2017<br \/>\nDie Fliegergruppe Grabenstetten veranstaltet am 22.10.2017 ab 13:30Uhr den Nachwuchswettbewerb \u201eDer kleine Uhu\u201c. Dabei handelt es sich um ein Vergleichsfliegen im Modellflug unter Jugendlichen. Wer sich bei einem der lokalen Wettbewerbe qualifiziert, kann an dem bundesweiten UHU Cup teilnehmen.<br \/>\nDoch was ist der kleine Uhu-Wettbewerb genau?<br \/>\nDer kleine Uhu ist ein Freiflugmodell, welches mit Hilfe einer langen Leine vom Teilnehmer in den Himmel gezogen wird. Damit es ein fairer Wettbewerb wird, gilt f\u00fcr alle eine Maximale Leinenl\u00e4nge von 25m. Befindet sich das Modell in der Luft wird die Zeit vom Ausklinken bis zur Landung gemessen. Jeder Teilnehmer hat insgesamt 5 Wertungsfl\u00fcge und die Summe der Flugzeit aus den besten 4 Durchg\u00e4ngen ergibt das Gesamtergebnis. Zugelassen sind alle Freiflugmodelle bis zu einem maximalen Gesamtfl\u00e4cheninhalt von 18 dm\u00b2 mit offenem Hochstarthaken. Teilnahmeberechtigt sind Jugendliche bis zum vollendeten 16. Lebensjahr.<\/p>\n<p>Bitte meldet euch bei Henrik Theiss unter henrik-mail@freenet.de, wenn ihr\u00a0 am Wettbewerb teilnehmen wollt.<\/p>\n<p><iframe loading=\"lazy\" title=\"Der kleine UHU Version 2016 Graupner # 4316 Grabenstetten\" width=\"474\" height=\"267\" src=\"https:\/\/www.youtube.com\/embed\/LsVcl6MVoBo?feature=oembed\" frameborder=\"0\" allow=\"accelerometer; autoplay; clipboard-write; encrypted-media; gyroscope; picture-in-picture; web-share\" referrerpolicy=\"strict-origin-when-cross-origin\" allowfullscreen><\/iframe><\/p>\n<p>[gmap]<\/p>\n<div class=\"ngg-related-gallery\">\n\t\t\t<a href=\"https:\/\/wp.1dfh.de\/wordpress\/wp-content\/gallery\/der-kleine-uhu-grabenstetten-25-10-09\/1dfh-uhu-gra09-01.jpg?t=1773588706\"\n\t\t\ttitle=\"Freiflugwettbewerb &quot;Der kleine Uhu&quot; in Grabenstetten\"\n\t\t\t\t\t\t\t\t\t\t\t\t\t\t\t data-image-id=\"3546\" data-src=\"https:\/\/wp.1dfh.de\/wordpress\/wp-content\/gallery\/der-kleine-uhu-grabenstetten-25-10-09\/1dfh-uhu-gra09-01.jpg?t=1773588706\" data-thumbnail=\"https:\/\/wp.1dfh.de\/wordpress\/wp-content\/gallery\/der-kleine-uhu-grabenstetten-25-10-09\/cache\/1dfh-uhu-gra09-01.jpg-nggid043546-ngg0dyn-100x100x100-00f0w010c011r110f110r010t010.jpg?t=1773588706\" data-title=\"Der kleine Uhu Wettbewerb 25.10.2009 Grabenstetten\" data-description=\"Freiflugwettbewerb &quot;Der kleine Uhu&quot; in Grabenstetten\">\n\t\t\t<img title=\"Der kleine Uhu Wettbewerb 25.10.2009 Grabenstetten\"\n\t\t\t\talt=\"Der kleine Uhu Wettbewerb 25.10.2009 Grabenstetten\"\n\t\t\t\tdata-image-id=\"3546\"\n\t\t\t\tsrc=\"\"\/>\n\t\t<\/a>\n\t\t\t<a href=\"https:\/\/wp.1dfh.de\/wordpress\/wp-content\/gallery\/der-kleine-uhu-grabenstetten-25-10-09\/1dfh-uhu-gra09-02.jpg?t=1773588706\"\n\t\t\ttitle=\"Freiflugwettbewerb &quot;Der kleine Uhu&quot; in Grabenstetten\"\n\t\t\t\t\t\t\t\t\t\t\t\t\t\t\t data-image-id=\"3547\" data-src=\"https:\/\/wp.1dfh.de\/wordpress\/wp-content\/gallery\/der-kleine-uhu-grabenstetten-25-10-09\/1dfh-uhu-gra09-02.jpg?t=1773588706\" data-thumbnail=\"https:\/\/wp.1dfh.de\/wordpress\/wp-content\/gallery\/der-kleine-uhu-grabenstetten-25-10-09\/cache\/1dfh-uhu-gra09-02.jpg-nggid043547-ngg0dyn-100x100x100-00f0w010c011r110f110r010t010.jpg?t=1773588706\" data-title=\"Der kleine Uhu Wettbewerb 25.10.2009 Grabenstetten\" data-description=\"Freiflugwettbewerb &quot;Der kleine Uhu&quot; in Grabenstetten\">\n\t\t\t<img title=\"Der kleine Uhu Wettbewerb 25.10.2009 Grabenstetten\"\n\t\t\t\talt=\"Der kleine Uhu Wettbewerb 25.10.2009 Grabenstetten\"\n\t\t\t\tdata-image-id=\"3547\"\n\t\t\t\tsrc=\"\"\/>\n\t\t<\/a>\n\t\t\t<a href=\"https:\/\/wp.1dfh.de\/wordpress\/wp-content\/gallery\/der-kleine-uhu-grabenstetten-25-10-09\/1dfh-uhu-gra09-03.jpg?t=1773659529\"\n\t\t\ttitle=\"Freiflugwettbewerb &quot;Der kleine Uhu&quot; in Grabenstetten\"\n\t\t\t\t\t\t\t\t\t\t\t\t\t\t\t data-image-id=\"3548\" data-src=\"https:\/\/wp.1dfh.de\/wordpress\/wp-content\/gallery\/der-kleine-uhu-grabenstetten-25-10-09\/1dfh-uhu-gra09-03.jpg?t=1773659529\" data-thumbnail=\"https:\/\/wp.1dfh.de\/wordpress\/wp-content\/gallery\/der-kleine-uhu-grabenstetten-25-10-09\/cache\/1dfh-uhu-gra09-03.jpg-nggid043548-ngg0dyn-100x100x100-00f0w010c011r110f110r010t010.jpg?t=1773659529\" data-title=\"Der kleine Uhu Wettbewerb 25.10.2009 Grabenstetten\" data-description=\"Freiflugwettbewerb &quot;Der kleine Uhu&quot; in Grabenstetten\">\n\t\t\t<img title=\"Der kleine Uhu Wettbewerb 25.10.2009 Grabenstetten\"\n\t\t\t\talt=\"Der kleine Uhu Wettbewerb 25.10.2009 Grabenstetten\"\n\t\t\t\tdata-image-id=\"3548\"\n\t\t\t\tsrc=\"\"\/>\n\t\t<\/a>\n\t\t\t<a href=\"https:\/\/wp.1dfh.de\/wordpress\/wp-content\/gallery\/der-kleine-uhu-grabenstetten-25-10-09\/1dfh-uhu-gra09-04.jpg?t=1773659529\"\n\t\t\ttitle=\"Freiflugwettbewerb &quot;Der kleine Uhu&quot; in Grabenstetten\"\n\t\t\t\t\t\t\t\t\t\t\t\t\t\t\t data-image-id=\"3549\" data-src=\"https:\/\/wp.1dfh.de\/wordpress\/wp-content\/gallery\/der-kleine-uhu-grabenstetten-25-10-09\/1dfh-uhu-gra09-04.jpg?t=1773659529\" data-thumbnail=\"https:\/\/wp.1dfh.de\/wordpress\/wp-content\/gallery\/der-kleine-uhu-grabenstetten-25-10-09\/cache\/1dfh-uhu-gra09-04.jpg-nggid043549-ngg0dyn-100x100x100-00f0w010c011r110f110r010t010.jpg?t=1773659529\" data-title=\"Der kleine Uhu Wettbewerb 25.10.2009 Grabenstetten\" data-description=\"Freiflugwettbewerb &quot;Der kleine Uhu&quot; in Grabenstetten\">\n\t\t\t<img title=\"Der kleine Uhu Wettbewerb 25.10.2009 Grabenstetten\"\n\t\t\t\talt=\"Der kleine Uhu Wettbewerb 25.10.2009 Grabenstetten\"\n\t\t\t\tdata-image-id=\"3549\"\n\t\t\t\tsrc=\"\"\/>\n\t\t<\/a>\n\t\t\t<a href=\"https:\/\/wp.1dfh.de\/wordpress\/wp-content\/gallery\/der-kleine-uhu-grabenstetten-25-10-09\/1dfh-uhu-gra09-05.jpg?t=1773659529\"\n\t\t\ttitle=\"Freiflugwettbewerb &quot;Der kleine Uhu&quot; in Grabenstetten\"\n\t\t\t\t\t\t\t\t\t\t\t\t\t\t\t data-image-id=\"3550\" data-src=\"https:\/\/wp.1dfh.de\/wordpress\/wp-content\/gallery\/der-kleine-uhu-grabenstetten-25-10-09\/1dfh-uhu-gra09-05.jpg?t=1773659529\" data-thumbnail=\"https:\/\/wp.1dfh.de\/wordpress\/wp-content\/gallery\/der-kleine-uhu-grabenstetten-25-10-09\/cache\/1dfh-uhu-gra09-05.jpg-nggid043550-ngg0dyn-100x100x100-00f0w010c011r110f110r010t010.jpg?t=1773659529\" data-title=\"Der kleine Uhu Wettbewerb 25.10.2009 Grabenstetten\" data-description=\"Freiflugwettbewerb &quot;Der kleine Uhu&quot; in Grabenstetten\">\n\t\t\t<img title=\"Der kleine Uhu Wettbewerb 25.10.2009 Grabenstetten\"\n\t\t\t\talt=\"Der kleine Uhu Wettbewerb 25.10.2009 Grabenstetten\"\n\t\t\t\tdata-image-id=\"3550\"\n\t\t\t\tsrc=\"\"\/>\n\t\t<\/a>\n\t\t\t<a href=\"https:\/\/wp.1dfh.de\/wordpress\/wp-content\/gallery\/der-kleine-uhu-grabenstetten-25-10-09\/1dfh-uhu-gra09-06.jpg?t=1773659529\"\n\t\t\ttitle=\"Freiflugwettbewerb &quot;Der kleine Uhu&quot; in Grabenstetten\"\n\t\t\t\t\t\t\t\t\t\t\t\t\t\t\t data-image-id=\"3551\" data-src=\"https:\/\/wp.1dfh.de\/wordpress\/wp-content\/gallery\/der-kleine-uhu-grabenstetten-25-10-09\/1dfh-uhu-gra09-06.jpg?t=1773659529\" data-thumbnail=\"https:\/\/wp.1dfh.de\/wordpress\/wp-content\/gallery\/der-kleine-uhu-grabenstetten-25-10-09\/cache\/1dfh-uhu-gra09-06.jpg-nggid043551-ngg0dyn-100x100x100-00f0w010c011r110f110r010t010.jpg?t=1773659529\" data-title=\"Der kleine Uhu Wettbewerb 25.10.2009 Grabenstetten\" data-description=\"Freiflugwettbewerb &quot;Der kleine Uhu&quot; in Grabenstetten\">\n\t\t\t<img title=\"Der kleine Uhu Wettbewerb 25.10.2009 Grabenstetten\"\n\t\t\t\talt=\"Der kleine Uhu Wettbewerb 25.10.2009 Grabenstetten\"\n\t\t\t\tdata-image-id=\"3551\"\n\t\t\t\tsrc=\"\"\/>\n\t\t<\/a>\n\t\t\t<a href=\"https:\/\/wp.1dfh.de\/wordpress\/wp-content\/gallery\/der-kleine-uhu-grabenstetten-25-10-09\/1dfh-uhu-gra09-07.jpg?t=1773659529\"\n\t\t\ttitle=\"Freiflugwettbewerb &quot;Der kleine Uhu&quot; in Grabenstetten\"\n\t\t\t\t\t\t\t\t\t\t\t\t\t\t\t data-image-id=\"3552\" data-src=\"https:\/\/wp.1dfh.de\/wordpress\/wp-content\/gallery\/der-kleine-uhu-grabenstetten-25-10-09\/1dfh-uhu-gra09-07.jpg?t=1773659529\" data-thumbnail=\"https:\/\/wp.1dfh.de\/wordpress\/wp-content\/gallery\/der-kleine-uhu-grabenstetten-25-10-09\/cache\/1dfh-uhu-gra09-07.jpg-nggid043552-ngg0dyn-100x100x100-00f0w010c011r110f110r010t010.jpg?t=1773659529\" data-title=\"Der kleine Uhu Wettbewerb 25.10.2009 Grabenstetten\" data-description=\"Freiflugwettbewerb &quot;Der kleine Uhu&quot; in Grabenstetten\">\n\t\t\t<img title=\"Der kleine Uhu Wettbewerb 25.10.2009 Grabenstetten\"\n\t\t\t\talt=\"Der kleine Uhu Wettbewerb 25.10.2009 Grabenstetten\"\n\t\t\t\tdata-image-id=\"3552\"\n\t\t\t\tsrc=\"\"\/>\n\t\t<\/a>\n\t<\/div>\n","protected":false},"excerpt":{"rendered":"<p>Uhu-Wettbewerb\u00a0 2017 Die Fliegergruppe Grabenstetten veranstaltet am 22.10.2017 ab 13:30Uhr den Nachwuchswettbewerb \u201eDer kleine Uhu\u201c. Dabei handelt es sich um ein Vergleichsfliegen im Modellflug unter Jugendlichen. Wer sich bei einem der lokalen Wettbewerbe qualifiziert, kann an dem bundesweiten UHU Cup teilnehmen. Doch was ist der kleine Uhu-Wettbewerb genau? Der kleine Uhu ist ein Freiflugmodell, welches &hellip; <a href=\"https:\/\/wp.1dfh.de\/wordpress\/nachwuchswettbewerb-der-kleine-uhu-in-grabenstetten-22-10-2017\/\" class=\"more-link\"><span class=\"screen-reader-text\">Nachwuchswettbewerb Der kleine Uhu in Grabenstetten 22.10.2017<\/span> weiterlesen <span class=\"meta-nav\">&rarr;<\/span><\/a><\/p>\n","protected":false},"author":2,"featured_media":0,"comment_status":"open","ping_status":"open","sticky":false,"template":"","format":"standard","meta":{"ngg_post_thumbnail":0,"footnotes":""},"categories":[18,9,11,13],"tags":[3835,4646,11159,11552,1128,3853],"class_list":["post-44288","post","type-post","status-publish","format-standard","hentry","category-flugveranstaltungen","category-termine","category-videos","category-wettbewerbe","tag-der-kleine-uhu-2","tag-fliegergruppe-grabenstetten-teck-lenninger-tal-e-v-2","tag-freiflug","tag-freiflugwettbewerb","tag-nachwuchswettbewerb","tag-nachwuchswettbewerb-der-kleine-uhu"],"_links":{"self":[{"href":"https:\/\/wp.1dfh.de\/wordpress\/wp-json\/wp\/v2\/posts\/44288","targetHints":{"allow":["GET"]}}],"collection":[{"href":"https:\/\/wp.1dfh.de\/wordpress\/wp-json\/wp\/v2\/posts"}],"about":[{"href":"https:\/\/wp.1dfh.de\/wordpress\/wp-json\/wp\/v2\/types\/post"}],"author":[{"embeddable":true,"href":"https:\/\/wp.1dfh.de\/wordpress\/wp-json\/wp\/v2\/users\/2"}],"replies":[{"embeddable":true,"href":"https:\/\/wp.1dfh.de\/wordpress\/wp-json\/wp\/v2\/comments?post=44288"}],"version-history":[{"count":2,"href":"https:\/\/wp.1dfh.de\/wordpress\/wp-json\/wp\/v2\/posts\/44288\/revisions"}],"predecessor-version":[{"id":44290,"href":"https:\/\/wp.1dfh.de\/wordpress\/wp-json\/wp\/v2\/posts\/44288\/revisions\/44290"}],"wp:attachment":[{"href":"https:\/\/wp.1dfh.de\/wordpress\/wp-json\/wp\/v2\/media?parent=44288"}],"wp:term":[{"taxonomy":"category","embeddable":true,"href":"https:\/\/wp.1dfh.de\/wordpress\/wp-json\/wp\/v2\/categories?post=44288"},{"taxonomy":"post_tag","embeddable":true,"href":"https:\/\/wp.1dfh.de\/wordpress\/wp-json\/wp\/v2\/tags?post=44288"}],"curies":[{"name":"wp","href":"https:\/\/api.w.org\/{rel}","templated":true}]}}