{"id":44313,"date":"2017-09-16T22:12:56","date_gmt":"2017-09-16T20:12:56","guid":{"rendered":"http:\/\/wp.1dfh.de\/wordpress\/?p=44313"},"modified":"2017-09-17T03:14:32","modified_gmt":"2017-09-17T01:14:32","slug":"red-bull-air-race-auf-dem-lausitzring-tausende-fans-feiern-sechsten-platz-von-weltmeister-dolderer-beim-qualifying","status":"publish","type":"post","link":"https:\/\/wp.1dfh.de\/wordpress\/red-bull-air-race-auf-dem-lausitzring-tausende-fans-feiern-sechsten-platz-von-weltmeister-dolderer-beim-qualifying\/","title":{"rendered":"Red Bull Air Race auf dem Lausitzring:  Tausende Fans feiern sechsten Platz von  Weltmeister Dolderer beim Qualifying"},"content":{"rendered":"<p>16.09.2017<\/p>\n<p><em><br \/>\n<strong>Weltmeister Matthias Dolderer ist mit einem sechsten Platz beim Qualifying der siebten Station der Red Bull Air Race Weltmeisterschaft 2017 vor tausenden Fans auf dem Lausitzring in sein Heimrennen gestartet. \u201eWir steigern uns von Runde zu Runde. Es ist eine gute Tendenz zu erkennen. Jetzt freue ich mich auf morgen und die Stimmung hier\u201c, so der 47-j\u00e4hrige Tannheimer, der nun in der ersten Runde am Renntag auf Juan Velarde aus Spanien trifft. Den Sieg beim Qualifying sicherte sich an seinem 46. Geburtstag der Australier Matt Hall.<\/strong><\/em><\/p>\n<p>Lausitz (DEUTSCHLAND) \u2013 Das Qualifying der siebten Station der Red Bull Air Race Weltmeisterschaft 2017 auf dem Lausitzring wartete mit packender Action und denkbar knappen Entscheidungen auf. Am Ende hatte Geburtstagskind Matt Hall (46) aus Australien vor Tausenden begeisterten Fans in 50,227 Sekunden die Nase vorne und verwies Petr Kopfstein (Tschechische Republik\/50.299) und Yoshihide Muroya (Japan\/50.400) auf die Pl\u00e4tze. Lokalmatador Matthias Dolderer, der am Freitag 47 Jahre alt wurde, best\u00e4tigte mit einem sechsten Rang (50.751) seine aufsteigende Form und trifft nun in der morgigen ersten K.-o.-Runde des Renntages auf den Spanier Juan Velarde. Der Lausitzring ist nach 2010 und 2016 zum dritten Mal Austragungsort eines Red Bull Air Race.<\/p>\n<p>\u201eIch bin nicht unzufrieden, wir steigern uns von Runde zu Runde. Es ist eine gute Tendenz zu erkennen\u201c, so Dolderer. \u201eWir wissen wo der Fehler liegt. Du musst hier ans Limit gehen. Der heutige Tag war gut f\u00fcr das Selbstvertrauen. Jetzt freue ich mich auf morgen und die Stimmung hier. Die Leute hier auf der Trib\u00fcne vor unserm Hangar \u2013 das ist der Hammer. Das Motorsportfeeling hier auf dem Lausitzring ist f\u00fcr das Red Bull Air Race etwas ganz besonderes. Das ist ein einmaliges Gef\u00fchl hier.\u201c<\/p>\n<p>Im vergangenen Jahr flog Dolderer bei seinem Heimrennen auf Rang zwei und sicherte sich beim drauffolgenden Rennen in Indianapolis den WM-Titel. Zwei Rennen vor Ende der Saison liegt der 47-J\u00e4hrige mit 27 Punkten R\u00fcckstand auf Spitzenreiter Martin \u0160onka (54 Punkte) aus der Tschechischen Republik auf Rang sechs im WM-Ranking. Den Piloten aus der Tschechischen Republik und seine drei engsten Verfolger Pete McLeod (50 Punkte) aus Kanada, Kirby Chambliss aus den USA (47 Punkte) und den Japaner Yoshihide Muroya (44 Punkte) trennen aktuelle gerade einmal zehn Punkte voneinander.<\/p>\n<p>Der Stopp auf dem Lausitzring ist das erste Rennen 2017, das \u00fcber dem Festland stattfindet und zugleich auch das erste auf einem Speedway-Track. Es ist nicht nur ein richtungsweisender Event mit Blick auf die Meisterschaft, sondern auch eine gute Vorbereitung auf das Saisonfinale Mitte Oktober auf dem Indianapolis Motor Speedway.<\/p>\n<p>ServusTV zeigt am Sonntag, den 17. September, die Round of 14 live ab 14.45 Uhr (bis 15.50 Uhr) und das Finale live ab 16.50 Uhr. \u00dcber den Red Bull Air Race Webcast k\u00f6nnen das Rennen und die Pressekonferenz live verfolgt werden.<\/p>\n<p>Live dabei ist auch Sport1 am Sonntag, den 17. September, ab 16.00 Uhr. Am Montag, den 18. September, und Dienstag, den 19. September, folgen die Highlights im Free-TV auf Sport1, Sport1+ zeigt am 23. und 26. September ebenfalls nochmals die Highlights vom Lausitzring.<\/p>\n<p>Tickets f\u00fcr die R\u00fcckkehr des Red Bull Air Race auf den Lausitzring am 16.\/17. September sind nach wie vor erh\u00e4ltlich. Alle Neuigkeiten und weitere Informationen, u.a. zu den Tickets: www.redbullairrace.com.<\/p>\n<p>Red Bull Air Race Kalender 2017<br \/>\n10.\/11. Februar: Abu Dhabi, UAE<br \/>\n15.\/16. April: San Diego, USA<br \/>\n3.\/4. Juni: Chiba, Japan<br \/>\n1.\/2. Juli: Budapest, Ungarn<br \/>\n22.\/23. Juli: Kazan, Russland<br \/>\n2.\/3. September: Porto, Portugal<br \/>\n16.\/17. September: Lausitzring, Deutschland<br \/>\n14.\/15. Oktober: Indianapolis, USA <\/p>\n<div class=\"ngg-related-gallery\">\n\t\t\t<a href=\"https:\/\/wp.1dfh.de\/wordpress\/wp-content\/gallery\/rba-piloten-2010\/SI201003030014.jpg?t=1773390884\"\n\t\t\ttitle=\"Matthias Dolderer (C) Red Bull\"\n\t\t\t\t\t\t\t\t\t\t\t\t\t\t\t data-image-id=\"4582\" data-src=\"https:\/\/wp.1dfh.de\/wordpress\/wp-content\/gallery\/rba-piloten-2010\/SI201003030014.jpg?t=1773390884\" data-thumbnail=\"https:\/\/wp.1dfh.de\/wordpress\/wp-content\/gallery\/rba-piloten-2010\/cache\/SI201003030014.jpg-nggid044582-ngg0dyn-100x100x100-00f0w010c011r110f110r010t010.jpg?t=1773390884\" data-title=\"SI201003030014\" data-description=\"Matthias Dolderer (C) Red Bull\">\n\t\t\t<img title=\"SI201003030014\"\n\t\t\t\talt=\"SI201003030014\"\n\t\t\t\tdata-image-id=\"4582\"\n\t\t\t\tsrc=\"\"\/>\n\t\t<\/a>\n\t\t\t<a href=\"https:\/\/wp.1dfh.de\/wordpress\/wp-content\/gallery\/rba-abu-dhabi-2010\/si201003270013.jpg?t=1773404469\"\n\t\t\ttitle=\"ABU DHABI, UNITED ARAB EMIRATES - MARCH 27: (L-R) Second placed Nigel Lamb of Great Britain, winner Paul Bonhomme of Great Britain and third placed Peter Besenyei of Hungary with their medals after the Red Bull Air Race day on March 27, 2010 in Abu Dhabi, United Arab Emirates. (Photo by Hamish Blair\/Getty Images for Red Bull Air Race) *** Local Caption *** Nigel Lamb; Paul Bonhomme; Peter Besenyei\"\n\t\t\t\t\t\t\t\t\t\t\t\t\t\t\t data-image-id=\"4693\" data-src=\"https:\/\/wp.1dfh.de\/wordpress\/wp-content\/gallery\/rba-abu-dhabi-2010\/si201003270013.jpg?t=1773404469\" data-thumbnail=\"https:\/\/wp.1dfh.de\/wordpress\/wp-content\/gallery\/rba-abu-dhabi-2010\/cache\/si201003270013.jpg-nggid044693-ngg0dyn-100x100x100-00f0w010c011r110f110r010t010.jpg?t=1773404469\" data-title=\"97755980DM010_Red_Bull_Air_\" data-description=\"ABU DHABI, UNITED ARAB EMIRATES - MARCH 27: (L-R) Second placed Nigel Lamb of Great Britain, winner Paul Bonhomme of Great Britain and third placed Peter Besenyei of Hungary with their medals after the Red Bull Air Race day on March 27, 2010 in Abu Dhabi, United Arab Emirates. (Photo by Hamish Blair\/Getty Images for Red Bull Air Race) *** Local Caption *** Nigel Lamb; Paul Bonhomme; Peter Besenyei\">\n\t\t\t<img title=\"97755980DM010_Red_Bull_Air_\"\n\t\t\t\talt=\"97755980DM010_Red_Bull_Air_\"\n\t\t\t\tdata-image-id=\"4693\"\n\t\t\t\tsrc=\"\"\/>\n\t\t<\/a>\n\t\t\t<a href=\"https:\/\/wp.1dfh.de\/wordpress\/wp-content\/gallery\/rba-abu-dhabi-2010\/si201003270016.jpg?t=1773404478\"\n\t\t\ttitle=\"Nigel Lamb of Great Britain celebrates his 2nd, Paul Bonhomme of Great Britain his 1st and Peter Besenyei of Hungary his 3rd place on the podium after the Red Bull Air Race day on March 27, 2010 in Abu Dhabi, United Arab Emirates.\"\n\t\t\t\t\t\t\t\t\t\t\t\t\t\t\t data-image-id=\"4694\" data-src=\"https:\/\/wp.1dfh.de\/wordpress\/wp-content\/gallery\/rba-abu-dhabi-2010\/si201003270016.jpg?t=1773404478\" data-thumbnail=\"https:\/\/wp.1dfh.de\/wordpress\/wp-content\/gallery\/rba-abu-dhabi-2010\/cache\/si201003270016.jpg-nggid044694-ngg0dyn-100x100x100-00f0w010c011r110f110r010t010.jpg?t=1773404478\" data-title=\"Nigel Lamb; Paul Bonhomme; Peter Besenyei - Race Day, Abu Dhabi\" data-description=\"Nigel Lamb of Great Britain celebrates his 2nd, Paul Bonhomme of Great Britain his 1st and Peter Besenyei of Hungary his 3rd place on the podium after the Red Bull Air Race day on March 27, 2010 in Abu Dhabi, United Arab Emirates.\">\n\t\t\t<img title=\"Nigel Lamb; Paul Bonhomme; Peter Besenyei - Race Day, Abu Dhabi\"\n\t\t\t\talt=\"Nigel Lamb; Paul Bonhomme; Peter Besenyei - Race Day, Abu Dhabi\"\n\t\t\t\tdata-image-id=\"4694\"\n\t\t\t\tsrc=\"\"\/>\n\t\t<\/a>\n\t\t\t<a href=\"https:\/\/wp.1dfh.de\/wordpress\/wp-content\/gallery\/rbar-interlaken-2007\/1dfh-rba-il07-000.jpg?t=1773407446\"\n\t\t\ttitle=\"Red Bull Air Race Interlaken 2007\"\n\t\t\t\t\t\t\t\t\t\t\t\t\t\t\t data-image-id=\"5301\" data-src=\"https:\/\/wp.1dfh.de\/wordpress\/wp-content\/gallery\/rbar-interlaken-2007\/1dfh-rba-il07-000.jpg?t=1773407446\" data-thumbnail=\"https:\/\/wp.1dfh.de\/wordpress\/wp-content\/gallery\/rbar-interlaken-2007\/cache\/1dfh-rba-il07-000.jpg-nggid045301-ngg0dyn-100x100x100-00f0w010c011r110f110r010t010.jpg?t=1773407446\" data-title=\"Red Bull Air Race Interlaken 2007\" data-description=\"Red Bull Air Race Interlaken 2007\">\n\t\t\t<img title=\"Red Bull Air Race Interlaken 2007\"\n\t\t\t\talt=\"Red Bull Air Race Interlaken 2007\"\n\t\t\t\tdata-image-id=\"5301\"\n\t\t\t\tsrc=\"\"\/>\n\t\t<\/a>\n\t\t\t<a href=\"https:\/\/wp.1dfh.de\/wordpress\/wp-content\/gallery\/rbar-interlaken-2007\/1dfh-rba-il07-001.jpg?t=1773407445\"\n\t\t\ttitle=\"Red Bull Air Race Interlaken 2007\"\n\t\t\t\t\t\t\t\t\t\t\t\t\t\t\t data-image-id=\"5302\" data-src=\"https:\/\/wp.1dfh.de\/wordpress\/wp-content\/gallery\/rbar-interlaken-2007\/1dfh-rba-il07-001.jpg?t=1773407445\" data-thumbnail=\"https:\/\/wp.1dfh.de\/wordpress\/wp-content\/gallery\/rbar-interlaken-2007\/cache\/1dfh-rba-il07-001.jpg-nggid045302-ngg0dyn-100x100x100-00f0w010c011r110f110r010t010.jpg?t=1773407445\" data-title=\"Red Bull Air Race Interlaken 2007\" data-description=\"Red Bull Air Race Interlaken 2007\">\n\t\t\t<img title=\"Red Bull Air Race Interlaken 2007\"\n\t\t\t\talt=\"Red Bull Air Race Interlaken 2007\"\n\t\t\t\tdata-image-id=\"5302\"\n\t\t\t\tsrc=\"\"\/>\n\t\t<\/a>\n\t\t\t<a href=\"https:\/\/wp.1dfh.de\/wordpress\/wp-content\/gallery\/rbar-interlaken-2007\/1dfh-rba-il07-002.jpg?t=1773417120\"\n\t\t\ttitle=\"Red Bull Air Race Interlaken 2007\"\n\t\t\t\t\t\t\t\t\t\t\t\t\t\t\t data-image-id=\"5303\" data-src=\"https:\/\/wp.1dfh.de\/wordpress\/wp-content\/gallery\/rbar-interlaken-2007\/1dfh-rba-il07-002.jpg?t=1773417120\" data-thumbnail=\"https:\/\/wp.1dfh.de\/wordpress\/wp-content\/gallery\/rbar-interlaken-2007\/cache\/1dfh-rba-il07-002.jpg-nggid045303-ngg0dyn-100x100x100-00f0w010c011r110f110r010t010.jpg?t=1773417120\" data-title=\"Red Bull Air Race Interlaken 2007\" data-description=\"Red Bull Air Race Interlaken 2007\">\n\t\t\t<img title=\"Red Bull Air Race Interlaken 2007\"\n\t\t\t\talt=\"Red Bull Air Race Interlaken 2007\"\n\t\t\t\tdata-image-id=\"5303\"\n\t\t\t\tsrc=\"\"\/>\n\t\t<\/a>\n\t\t\t<a href=\"https:\/\/wp.1dfh.de\/wordpress\/wp-content\/gallery\/rbar-interlaken-2007\/1dfh-rba-il07-003.jpg?t=1773417119\"\n\t\t\ttitle=\"Red Bull Air Race Interlaken 2007\"\n\t\t\t\t\t\t\t\t\t\t\t\t\t\t\t data-image-id=\"5304\" data-src=\"https:\/\/wp.1dfh.de\/wordpress\/wp-content\/gallery\/rbar-interlaken-2007\/1dfh-rba-il07-003.jpg?t=1773417119\" data-thumbnail=\"https:\/\/wp.1dfh.de\/wordpress\/wp-content\/gallery\/rbar-interlaken-2007\/cache\/1dfh-rba-il07-003.jpg-nggid045304-ngg0dyn-100x100x100-00f0w010c011r110f110r010t010.jpg?t=1773417119\" data-title=\"Red Bull Air Race Interlaken 2007\" data-description=\"Red Bull Air Race Interlaken 2007\">\n\t\t\t<img title=\"Red Bull Air Race Interlaken 2007\"\n\t\t\t\talt=\"Red Bull Air Race Interlaken 2007\"\n\t\t\t\tdata-image-id=\"5304\"\n\t\t\t\tsrc=\"\"\/>\n\t\t<\/a>\n\t<\/div>\n","protected":false},"excerpt":{"rendered":"<p>16.09.2017 Weltmeister Matthias Dolderer ist mit einem sechsten Platz beim Qualifying der siebten Station der Red Bull Air Race Weltmeisterschaft 2017 vor tausenden Fans auf dem Lausitzring in sein Heimrennen gestartet. \u201eWir steigern uns von Runde zu Runde. Es ist eine gute Tendenz zu erkennen. Jetzt freue ich mich auf morgen und die Stimmung hier\u201c, &hellip; <a href=\"https:\/\/wp.1dfh.de\/wordpress\/red-bull-air-race-auf-dem-lausitzring-tausende-fans-feiern-sechsten-platz-von-weltmeister-dolderer-beim-qualifying\/\" class=\"more-link\"><span class=\"screen-reader-text\">Red Bull Air Race auf dem Lausitzring:  Tausende Fans feiern sechsten Platz von  Weltmeister Dolderer beim Qualifying<\/span> weiterlesen <span class=\"meta-nav\">&rarr;<\/span><\/a><\/p>\n","protected":false},"author":2,"featured_media":0,"comment_status":"open","ping_status":"open","sticky":false,"template":"","format":"standard","meta":{"ngg_post_thumbnail":0,"footnotes":""},"categories":[3,1],"tags":[13062,11206,13722,11252,13716,11858,13723],"class_list":["post-44313","post","type-post","status-publish","format-standard","hentry","category-aktuelles","category-allgemeines","tag-lausitzring","tag-matthias-dolderer","tag-rbar-2017","tag-red-bull-air-race","tag-red-bull-air-race-2017","tag-red-bull-air-race-world-championship","tag-red-bull-air-race-world-championship-2017"],"_links":{"self":[{"href":"https:\/\/wp.1dfh.de\/wordpress\/wp-json\/wp\/v2\/posts\/44313","targetHints":{"allow":["GET"]}}],"collection":[{"href":"https:\/\/wp.1dfh.de\/wordpress\/wp-json\/wp\/v2\/posts"}],"about":[{"href":"https:\/\/wp.1dfh.de\/wordpress\/wp-json\/wp\/v2\/types\/post"}],"author":[{"embeddable":true,"href":"https:\/\/wp.1dfh.de\/wordpress\/wp-json\/wp\/v2\/users\/2"}],"replies":[{"embeddable":true,"href":"https:\/\/wp.1dfh.de\/wordpress\/wp-json\/wp\/v2\/comments?post=44313"}],"version-history":[{"count":1,"href":"https:\/\/wp.1dfh.de\/wordpress\/wp-json\/wp\/v2\/posts\/44313\/revisions"}],"predecessor-version":[{"id":44314,"href":"https:\/\/wp.1dfh.de\/wordpress\/wp-json\/wp\/v2\/posts\/44313\/revisions\/44314"}],"wp:attachment":[{"href":"https:\/\/wp.1dfh.de\/wordpress\/wp-json\/wp\/v2\/media?parent=44313"}],"wp:term":[{"taxonomy":"category","embeddable":true,"href":"https:\/\/wp.1dfh.de\/wordpress\/wp-json\/wp\/v2\/categories?post=44313"},{"taxonomy":"post_tag","embeddable":true,"href":"https:\/\/wp.1dfh.de\/wordpress\/wp-json\/wp\/v2\/tags?post=44313"}],"curies":[{"name":"wp","href":"https:\/\/api.w.org\/{rel}","templated":true}]}}