{"id":44499,"date":"2018-02-04T08:40:18","date_gmt":"2018-02-04T07:40:18","guid":{"rendered":"http:\/\/wp.1dfh.de\/wordpress\/?p=44499"},"modified":"2018-04-08T15:38:33","modified_gmt":"2018-04-08T13:38:33","slug":"berger-sichert-sich-ersten-sieg-2018","status":"publish","type":"post","link":"https:\/\/wp.1dfh.de\/wordpress\/berger-sichert-sich-ersten-sieg-2018\/","title":{"rendered":"BERGER SICHERT SICH ERSTEN SIEG 2018"},"content":{"rendered":"<p><a class=\"shutterset_\" title=\"Florian Berger of Germany (C) celebrates with Luke Czepiela of Poland (L) and Kevin Coleman of the United States (R) during the Award Ceremony for the Challenger Cup at the first round of the Red Bull Air Race World Championship in Abu Dhabi, United Arab Emirates on February 3, 2018. \/\/ Andreas Langreiter \/ Red Bull Content Pool \/\/ AP-1UNF1GECN2111 \/\/ Usage for editorial use only \/\/ Please go to www.redbullcontentpool.com for further information. \/\/\" href=\"https:\/\/wp.1dfh.de\/wordpress\/wp-content\/gallery\/red-bull-airrace-abu-dhabi-02-02-03-02-2018\/ap-1unf1gecn2111_news-1.jpg\"><img decoding=\"async\" class=\"ngg-singlepic ngg-right alignright\" src=\"https:\/\/wp.1dfh.de\/wordpress\/wp-content\/gallery\/red-bull-airrace-abu-dhabi-02-02-03-02-2018\/thumbs\/thumbs_ap-1unf1gecn2111_news-1.jpg\" alt=\"ap-1unf1gecn2111_news-1\" \/><\/a><em><strong>Florian Berger war heute im Track nicht zu stoppen und sicherte sich in 57,073 Sekunden den Sieg. Der Deutsche hatte die ganze Woche \u00fcber hart zu k\u00e4mpfen, meldete sich aber p\u00fcnktlich wieder zur\u00fcck und holte im ersten Rennen gleich die maximale Punktzahl von zehn Punkten.<br \/>\nDaniel Ryfa hatte sich fest vorgenommen, Berger zu bezwingen, war auch zun\u00e4chst bei den Zwischenzeiten schneller, traf allerdings am vorletzten Gate ein Pylon und kam \u00fcber eine Zeit von 59,420 Sekunden nicht hinaus \u2013 eine gro\u00dfe Entt\u00e4uschung f\u00fcr den Titelaspiranten.<\/strong><\/em><\/p>\n<p><iframe loading=\"lazy\" width=\"560\" height=\"315\" src=\"https:\/\/www.redbullcontentpool.com\/embed\/video\/5a76c58a1244c6050c7869df?_=1517733260244\" frameborder=\"0\" allowfullscreen><\/iframe><\/p>\n<p>Luke Czepiela kam noch am n\u00e4chsten an Bergers Zeit ran, war aber immer noch 1,460 Sekunden langsamer als der deutsche Pilot. Den dritten Platz auf dem Podium sicherte sich Kevin Coleman, der sich im Laufe der Woche stetig verbessert hatte und mit seinem Saisonstart mehr als zufrieden sein kann.<\/p>\n<p>Dario Costa wirkte in seinem ersten Rennen nerv\u00f6s, flog aber sauber und passierte das Finish Gate nach 59,418 Sekunden. Seine Zeit bescherte ihm Rang vier \u2013 ein gro\u00dfartiges Ergebnis in seinem ersten Rennen.<\/p>\n<p>Der zweite Newcomer, Patrick Davidson, musste als Erster in den Track und flog eine Zeit von 1:00,544 Minuten (inkl. einer Zwei-Sekunden-Strafe). Am Ende belegte er Platz sechs, aber seine Leistung sollte ihm Selbstvertrauen f\u00fcr die kommenden Aufgaben geben.<\/p>\n<p>Daniel Genevey war der letzte Pilot im Track, kassierte eine Zwei-Sekunden-Strafe f\u00fcr ein Over-G und kam \u00fcber Platz sieben nicht hinaus.<\/p>\n<p>Abu Dhabi 2018 Challenger Cup Ergebnisse<br \/>\n<img loading=\"lazy\" decoding=\"async\" class=\"alignnone size-medium\" src=\"http:\/\/image2.redbull.com\/rbx02010\/0001\/0\/855\/220\/524\/challengers_final_result_abu_dhabi_2018.jpg\" width=\"855\" height=\"220\" \/><\/p>\n<div class=\"ngg-related-gallery\">\n\t\t\t<a href=\"https:\/\/wp.1dfh.de\/wordpress\/wp-content\/gallery\/rba-abu-dhabi-2010\/si201003270013.jpg?t=1773404469\"\n\t\t\ttitle=\"ABU DHABI, UNITED ARAB EMIRATES - MARCH 27: (L-R) Second placed Nigel Lamb of Great Britain, winner Paul Bonhomme of Great Britain and third placed Peter Besenyei of Hungary with their medals after the Red Bull Air Race day on March 27, 2010 in Abu Dhabi, United Arab Emirates. (Photo by Hamish Blair\/Getty Images for Red Bull Air Race) *** Local Caption *** Nigel Lamb; Paul Bonhomme; Peter Besenyei\"\n\t\t\t\t\t\t\t\t\t\t\t\t\t\t\t data-image-id=\"4693\" data-src=\"https:\/\/wp.1dfh.de\/wordpress\/wp-content\/gallery\/rba-abu-dhabi-2010\/si201003270013.jpg?t=1773404469\" data-thumbnail=\"https:\/\/wp.1dfh.de\/wordpress\/wp-content\/gallery\/rba-abu-dhabi-2010\/cache\/si201003270013.jpg-nggid044693-ngg0dyn-100x100x100-00f0w010c011r110f110r010t010.jpg?t=1773404469\" data-title=\"97755980DM010_Red_Bull_Air_\" data-description=\"ABU DHABI, UNITED ARAB EMIRATES - MARCH 27: (L-R) Second placed Nigel Lamb of Great Britain, winner Paul Bonhomme of Great Britain and third placed Peter Besenyei of Hungary with their medals after the Red Bull Air Race day on March 27, 2010 in Abu Dhabi, United Arab Emirates. (Photo by Hamish Blair\/Getty Images for Red Bull Air Race) *** Local Caption *** Nigel Lamb; Paul Bonhomme; Peter Besenyei\">\n\t\t\t<img title=\"97755980DM010_Red_Bull_Air_\"\n\t\t\t\talt=\"97755980DM010_Red_Bull_Air_\"\n\t\t\t\tdata-image-id=\"4693\"\n\t\t\t\tsrc=\"\"\/>\n\t\t<\/a>\n\t\t\t<a href=\"https:\/\/wp.1dfh.de\/wordpress\/wp-content\/gallery\/rba-abu-dhabi-2010\/si201003270016.jpg?t=1773404478\"\n\t\t\ttitle=\"Nigel Lamb of Great Britain celebrates his 2nd, Paul Bonhomme of Great Britain his 1st and Peter Besenyei of Hungary his 3rd place on the podium after the Red Bull Air Race day on March 27, 2010 in Abu Dhabi, United Arab Emirates.\"\n\t\t\t\t\t\t\t\t\t\t\t\t\t\t\t data-image-id=\"4694\" data-src=\"https:\/\/wp.1dfh.de\/wordpress\/wp-content\/gallery\/rba-abu-dhabi-2010\/si201003270016.jpg?t=1773404478\" data-thumbnail=\"https:\/\/wp.1dfh.de\/wordpress\/wp-content\/gallery\/rba-abu-dhabi-2010\/cache\/si201003270016.jpg-nggid044694-ngg0dyn-100x100x100-00f0w010c011r110f110r010t010.jpg?t=1773404478\" data-title=\"Nigel Lamb; Paul Bonhomme; Peter Besenyei - Race Day, Abu Dhabi\" data-description=\"Nigel Lamb of Great Britain celebrates his 2nd, Paul Bonhomme of Great Britain his 1st and Peter Besenyei of Hungary his 3rd place on the podium after the Red Bull Air Race day on March 27, 2010 in Abu Dhabi, United Arab Emirates.\">\n\t\t\t<img title=\"Nigel Lamb; Paul Bonhomme; Peter Besenyei - Race Day, Abu Dhabi\"\n\t\t\t\talt=\"Nigel Lamb; Paul Bonhomme; Peter Besenyei - Race Day, Abu Dhabi\"\n\t\t\t\tdata-image-id=\"4694\"\n\t\t\t\tsrc=\"\"\/>\n\t\t<\/a>\n\t\t\t<a href=\"https:\/\/wp.1dfh.de\/wordpress\/wp-content\/gallery\/rbar-interlaken-2007\/1dfh-rba-il07-000.jpg?t=1773407446\"\n\t\t\ttitle=\"Red Bull Air Race Interlaken 2007\"\n\t\t\t\t\t\t\t\t\t\t\t\t\t\t\t data-image-id=\"5301\" data-src=\"https:\/\/wp.1dfh.de\/wordpress\/wp-content\/gallery\/rbar-interlaken-2007\/1dfh-rba-il07-000.jpg?t=1773407446\" data-thumbnail=\"https:\/\/wp.1dfh.de\/wordpress\/wp-content\/gallery\/rbar-interlaken-2007\/cache\/1dfh-rba-il07-000.jpg-nggid045301-ngg0dyn-100x100x100-00f0w010c011r110f110r010t010.jpg?t=1773407446\" data-title=\"Red Bull Air Race Interlaken 2007\" data-description=\"Red Bull Air Race Interlaken 2007\">\n\t\t\t<img title=\"Red Bull Air Race Interlaken 2007\"\n\t\t\t\talt=\"Red Bull Air Race Interlaken 2007\"\n\t\t\t\tdata-image-id=\"5301\"\n\t\t\t\tsrc=\"\"\/>\n\t\t<\/a>\n\t\t\t<a href=\"https:\/\/wp.1dfh.de\/wordpress\/wp-content\/gallery\/rbar-interlaken-2007\/1dfh-rba-il07-001.jpg?t=1773407445\"\n\t\t\ttitle=\"Red Bull Air Race Interlaken 2007\"\n\t\t\t\t\t\t\t\t\t\t\t\t\t\t\t data-image-id=\"5302\" data-src=\"https:\/\/wp.1dfh.de\/wordpress\/wp-content\/gallery\/rbar-interlaken-2007\/1dfh-rba-il07-001.jpg?t=1773407445\" data-thumbnail=\"https:\/\/wp.1dfh.de\/wordpress\/wp-content\/gallery\/rbar-interlaken-2007\/cache\/1dfh-rba-il07-001.jpg-nggid045302-ngg0dyn-100x100x100-00f0w010c011r110f110r010t010.jpg?t=1773407445\" data-title=\"Red Bull Air Race Interlaken 2007\" data-description=\"Red Bull Air Race Interlaken 2007\">\n\t\t\t<img title=\"Red Bull Air Race Interlaken 2007\"\n\t\t\t\talt=\"Red Bull Air Race Interlaken 2007\"\n\t\t\t\tdata-image-id=\"5302\"\n\t\t\t\tsrc=\"\"\/>\n\t\t<\/a>\n\t\t\t<a href=\"https:\/\/wp.1dfh.de\/wordpress\/wp-content\/gallery\/rbar-interlaken-2007\/1dfh-rba-il07-002.jpg?t=1773417120\"\n\t\t\ttitle=\"Red Bull Air Race Interlaken 2007\"\n\t\t\t\t\t\t\t\t\t\t\t\t\t\t\t data-image-id=\"5303\" data-src=\"https:\/\/wp.1dfh.de\/wordpress\/wp-content\/gallery\/rbar-interlaken-2007\/1dfh-rba-il07-002.jpg?t=1773417120\" data-thumbnail=\"https:\/\/wp.1dfh.de\/wordpress\/wp-content\/gallery\/rbar-interlaken-2007\/cache\/1dfh-rba-il07-002.jpg-nggid045303-ngg0dyn-100x100x100-00f0w010c011r110f110r010t010.jpg?t=1773417120\" data-title=\"Red Bull Air Race Interlaken 2007\" data-description=\"Red Bull Air Race Interlaken 2007\">\n\t\t\t<img title=\"Red Bull Air Race Interlaken 2007\"\n\t\t\t\talt=\"Red Bull Air Race Interlaken 2007\"\n\t\t\t\tdata-image-id=\"5303\"\n\t\t\t\tsrc=\"\"\/>\n\t\t<\/a>\n\t\t\t<a href=\"https:\/\/wp.1dfh.de\/wordpress\/wp-content\/gallery\/rbar-interlaken-2007\/1dfh-rba-il07-003.jpg?t=1773417119\"\n\t\t\ttitle=\"Red Bull Air Race Interlaken 2007\"\n\t\t\t\t\t\t\t\t\t\t\t\t\t\t\t data-image-id=\"5304\" data-src=\"https:\/\/wp.1dfh.de\/wordpress\/wp-content\/gallery\/rbar-interlaken-2007\/1dfh-rba-il07-003.jpg?t=1773417119\" data-thumbnail=\"https:\/\/wp.1dfh.de\/wordpress\/wp-content\/gallery\/rbar-interlaken-2007\/cache\/1dfh-rba-il07-003.jpg-nggid045304-ngg0dyn-100x100x100-00f0w010c011r110f110r010t010.jpg?t=1773417119\" data-title=\"Red Bull Air Race Interlaken 2007\" data-description=\"Red Bull Air Race Interlaken 2007\">\n\t\t\t<img title=\"Red Bull Air Race Interlaken 2007\"\n\t\t\t\talt=\"Red Bull Air Race Interlaken 2007\"\n\t\t\t\tdata-image-id=\"5304\"\n\t\t\t\tsrc=\"\"\/>\n\t\t<\/a>\n\t\t\t<a href=\"https:\/\/wp.1dfh.de\/wordpress\/wp-content\/gallery\/rbar-interlaken-2007\/1dfh-rba-il07-004.jpg?t=1773417119\"\n\t\t\ttitle=\"Red Bull Air Race Interlaken 2007\"\n\t\t\t\t\t\t\t\t\t\t\t\t\t\t\t data-image-id=\"5305\" data-src=\"https:\/\/wp.1dfh.de\/wordpress\/wp-content\/gallery\/rbar-interlaken-2007\/1dfh-rba-il07-004.jpg?t=1773417119\" data-thumbnail=\"https:\/\/wp.1dfh.de\/wordpress\/wp-content\/gallery\/rbar-interlaken-2007\/cache\/1dfh-rba-il07-004.jpg-nggid045305-ngg0dyn-100x100x100-00f0w010c011r110f110r010t010.jpg?t=1773417119\" data-title=\"Red Bull Air Race Interlaken 2007\" data-description=\"Red Bull Air Race Interlaken 2007\">\n\t\t\t<img title=\"Red Bull Air Race Interlaken 2007\"\n\t\t\t\talt=\"Red Bull Air Race Interlaken 2007\"\n\t\t\t\tdata-image-id=\"5305\"\n\t\t\t\tsrc=\"\"\/>\n\t\t<\/a>\n\t<\/div>\n","protected":false},"excerpt":{"rendered":"<p>Florian Berger war heute im Track nicht zu stoppen und sicherte sich in 57,073 Sekunden den Sieg. Der Deutsche hatte die ganze Woche \u00fcber hart zu k\u00e4mpfen, meldete sich aber p\u00fcnktlich wieder zur\u00fcck und holte im ersten Rennen gleich die maximale Punktzahl von zehn Punkten. Daniel Ryfa hatte sich fest vorgenommen, Berger zu bezwingen, war &hellip; <a href=\"https:\/\/wp.1dfh.de\/wordpress\/berger-sichert-sich-ersten-sieg-2018\/\" class=\"more-link\"><span class=\"screen-reader-text\">BERGER SICHERT SICH ERSTEN SIEG 2018<\/span> weiterlesen <span class=\"meta-nav\">&rarr;<\/span><\/a><\/p>\n","protected":false},"author":2,"featured_media":0,"comment_status":"open","ping_status":"open","sticky":false,"template":"","format":"standard","meta":{"ngg_post_thumbnail":0,"footnotes":""},"categories":[3,18,1315,11,13],"tags":[11859,12708,10537,1840,13947,11252,13948,11858,13949],"class_list":["post-44499","post","type-post","status-publish","format-standard","hentry","category-aktuelles","category-flugveranstaltungen","category-neues","category-videos","category-wettbewerbe","tag-abu-dhabi","tag-challenger-cup","tag-florian-berger","tag-live-stream","tag-rbar-2018","tag-red-bull-air-race","tag-red-bull-air-race-2018","tag-red-bull-air-race-world-championship","tag-red-bull-air-race-world-championship-2018"],"_links":{"self":[{"href":"https:\/\/wp.1dfh.de\/wordpress\/wp-json\/wp\/v2\/posts\/44499","targetHints":{"allow":["GET"]}}],"collection":[{"href":"https:\/\/wp.1dfh.de\/wordpress\/wp-json\/wp\/v2\/posts"}],"about":[{"href":"https:\/\/wp.1dfh.de\/wordpress\/wp-json\/wp\/v2\/types\/post"}],"author":[{"embeddable":true,"href":"https:\/\/wp.1dfh.de\/wordpress\/wp-json\/wp\/v2\/users\/2"}],"replies":[{"embeddable":true,"href":"https:\/\/wp.1dfh.de\/wordpress\/wp-json\/wp\/v2\/comments?post=44499"}],"version-history":[{"count":3,"href":"https:\/\/wp.1dfh.de\/wordpress\/wp-json\/wp\/v2\/posts\/44499\/revisions"}],"predecessor-version":[{"id":44505,"href":"https:\/\/wp.1dfh.de\/wordpress\/wp-json\/wp\/v2\/posts\/44499\/revisions\/44505"}],"wp:attachment":[{"href":"https:\/\/wp.1dfh.de\/wordpress\/wp-json\/wp\/v2\/media?parent=44499"}],"wp:term":[{"taxonomy":"category","embeddable":true,"href":"https:\/\/wp.1dfh.de\/wordpress\/wp-json\/wp\/v2\/categories?post=44499"},{"taxonomy":"post_tag","embeddable":true,"href":"https:\/\/wp.1dfh.de\/wordpress\/wp-json\/wp\/v2\/tags?post=44499"}],"curies":[{"name":"wp","href":"https:\/\/api.w.org\/{rel}","templated":true}]}}