{"id":44509,"date":"2018-02-05T11:30:31","date_gmt":"2018-02-05T10:30:31","guid":{"rendered":"http:\/\/wp.1dfh.de\/wordpress\/?p=44509"},"modified":"2018-02-05T11:31:17","modified_gmt":"2018-02-05T10:31:17","slug":"pech-fuer-matthias-dolderer-beim-saisonauftakt","status":"publish","type":"post","link":"https:\/\/wp.1dfh.de\/wordpress\/pech-fuer-matthias-dolderer-beim-saisonauftakt\/","title":{"rendered":"Pech f\u00fcr Matthias Dolderer beim Saisonauftakt"},"content":{"rendered":"<p><a class=\"shutterset_\" href='https:\/\/wp.1dfh.de\/wordpress\/wp-content\/gallery\/red-bull-airrace-abu-dhabi-02-02-03-02-2018\/ap-1umtcch8n2111_news_0.jpg' title='Matthias Dolderer of Germany performs during training day at the first round of the Red Bull Air Race World Championship in Abu Dhabi, United Arab Emirates on February 1, 2018. \/\/ Balazs Gardi\/Red Bull Content Pool \/\/ AP-1UMTCCH8N2111 \/\/ Usage for editorial use only \/\/ Please go to www.redbullcontentpool.com for further information. \/\/'><img src='https:\/\/wp.1dfh.de\/wordpress\/wp-content\/gallery\/red-bull-airrace-abu-dhabi-02-02-03-02-2018\/thumbs\/thumbs_ap-1umtcch8n2111_news_0.jpg' alt='ap-1umtcch8n2111_news_0' class='ngg-singlepic ngg-right' \/><\/a><em><strong>Ein Over-G am vorletzten Gate wurde dem deutschen Piloten Matthias Dolderer beim Saisonauftakt der Red Bull Air Race Weltmeisterschaft 2018 in Abu Dhabi zum Verh\u00e4ngnis. Im Duell gegen den Australier Matt Hall hatte der 47-j\u00e4hrige Weltmeister von 2016 ganz klar die Nase vorne, \u00fcberschritt aber am vorletzten Gate das G-Limit (12G) und erhielt ein \u201eDid Not Finish\u201c (DNF). \u201eDas ist super schade, ich bin sehr entt\u00e4uscht. Wir wollen Weltmeister werden, m\u00fcssen aber zur\u00fcck zur Best\u00e4ndigkeit finden\u201c, so der Tannheimer, der am Ende Rang 13 belegte. Den Sieg in den Vereinigten Arabischen Emiraten sicherte sich Michael Goulian aus den USA vor Weltmeister Yoshihide Muroya (Japan) und Vize-Weltmeister Martin \u0160onka (Tschechische Republik).<\/strong><\/em><\/p>\n<p>Abu Dhabi (UAE) \u2013 Matthias Dolderer hatte sich vor Abu Dhabis ber\u00fchmter Corniche viel vorgenommen. Am Ende musste sich der Deutsche beim Saisonauftakt der Red Bull Air Race Weltmeisterschaft 2018 in den Vereinigten Arabischen Emiraten mit Rang 13 zufriedengeben. Ein \u00dcberschreiten des G-Limits am vorletzten Gate im Duell gegen den Australier Matt Hall in der Round of 14 bedeutete trotz der schnellsten Nettozeit ein DNF und damit das vorzeitige Aus f\u00fcr den Weltmeister von 2016. \u201eDas ist super schade, ich bin sehr entt\u00e4uscht. Positiv ist einzig, dass wir wissen, dass wir schnell sind und dass es eigentlich funktioniert\u201c, so der 47-J\u00e4hrige, der tags zuvor noch das Qualifying gewonnen hatte und im Rennen letztlich 13. wurde.<\/p>\n<p>\u201eDas mit den Over-Gs in den Griff zu bekommen, ist nicht so einfach. Zwischen 11 und 12G ist kaum ein Unterschied. Aber ich muss das in den Griff bekommen. Es sind Nuancen, und wenn du schnell sein willst, musst du Risiko eingehen\u201c, so Dolderer weiter. Der Tannheimer ist zwar entt\u00e4uscht, sein Saisonziel hat er aber nicht aus den Augen verloren. \u201eRichtung Weltmeisterschaft war das heute kein gutes Ergebnis, das wissen wir. Wir wollen aber nach wie vor Weltmeister werden und m\u00fcssen deshalb zur\u00fcck zur Best\u00e4ndigkeit finden.\u201c<\/p>\n<p>Den Sieg vor der wohl spektakul\u00e4rsten Skyline der acht Stationen umfassenden Serie und damit auch die Spitzenposition in der Red Bull Air Race Weltmeisterschaft 2018 sicherte sich der US-Amerikaner Michael Goulian.<\/p>\n<p>Das Red Bull Air Race zieht nun von Abu Dhabi weiter nach Cannes zum langersehnten Deb\u00fct der Serie in Frankreich am 21.\/22. April. <\/p>\n<div class=\"ngg-related-gallery\">\n\t\t\t<a href=\"https:\/\/wp.1dfh.de\/wordpress\/wp-content\/gallery\/rba-piloten-2010\/SI201003030014.jpg?t=1773390884\"\n\t\t\ttitle=\"Matthias Dolderer (C) Red Bull\"\n\t\t\t\t\t\t\t\t\t\t\t\t\t\t\t data-image-id=\"4582\" data-src=\"https:\/\/wp.1dfh.de\/wordpress\/wp-content\/gallery\/rba-piloten-2010\/SI201003030014.jpg?t=1773390884\" data-thumbnail=\"https:\/\/wp.1dfh.de\/wordpress\/wp-content\/gallery\/rba-piloten-2010\/cache\/SI201003030014.jpg-nggid044582-ngg0dyn-100x100x100-00f0w010c011r110f110r010t010.jpg?t=1773390884\" data-title=\"SI201003030014\" data-description=\"Matthias Dolderer (C) Red Bull\">\n\t\t\t<img title=\"SI201003030014\"\n\t\t\t\talt=\"SI201003030014\"\n\t\t\t\tdata-image-id=\"4582\"\n\t\t\t\tsrc=\"\"\/>\n\t\t<\/a>\n\t\t\t<a href=\"https:\/\/wp.1dfh.de\/wordpress\/wp-content\/gallery\/rba-abu-dhabi-2010\/si201003270013.jpg?t=1773404469\"\n\t\t\ttitle=\"ABU DHABI, UNITED ARAB EMIRATES - MARCH 27: (L-R) Second placed Nigel Lamb of Great Britain, winner Paul Bonhomme of Great Britain and third placed Peter Besenyei of Hungary with their medals after the Red Bull Air Race day on March 27, 2010 in Abu Dhabi, United Arab Emirates. (Photo by Hamish Blair\/Getty Images for Red Bull Air Race) *** Local Caption *** Nigel Lamb; Paul Bonhomme; Peter Besenyei\"\n\t\t\t\t\t\t\t\t\t\t\t\t\t\t\t data-image-id=\"4693\" data-src=\"https:\/\/wp.1dfh.de\/wordpress\/wp-content\/gallery\/rba-abu-dhabi-2010\/si201003270013.jpg?t=1773404469\" data-thumbnail=\"https:\/\/wp.1dfh.de\/wordpress\/wp-content\/gallery\/rba-abu-dhabi-2010\/cache\/si201003270013.jpg-nggid044693-ngg0dyn-100x100x100-00f0w010c011r110f110r010t010.jpg?t=1773404469\" data-title=\"97755980DM010_Red_Bull_Air_\" data-description=\"ABU DHABI, UNITED ARAB EMIRATES - MARCH 27: (L-R) Second placed Nigel Lamb of Great Britain, winner Paul Bonhomme of Great Britain and third placed Peter Besenyei of Hungary with their medals after the Red Bull Air Race day on March 27, 2010 in Abu Dhabi, United Arab Emirates. (Photo by Hamish Blair\/Getty Images for Red Bull Air Race) *** Local Caption *** Nigel Lamb; Paul Bonhomme; Peter Besenyei\">\n\t\t\t<img title=\"97755980DM010_Red_Bull_Air_\"\n\t\t\t\talt=\"97755980DM010_Red_Bull_Air_\"\n\t\t\t\tdata-image-id=\"4693\"\n\t\t\t\tsrc=\"\"\/>\n\t\t<\/a>\n\t\t\t<a href=\"https:\/\/wp.1dfh.de\/wordpress\/wp-content\/gallery\/rba-abu-dhabi-2010\/si201003270016.jpg?t=1773404478\"\n\t\t\ttitle=\"Nigel Lamb of Great Britain celebrates his 2nd, Paul Bonhomme of Great Britain his 1st and Peter Besenyei of Hungary his 3rd place on the podium after the Red Bull Air Race day on March 27, 2010 in Abu Dhabi, United Arab Emirates.\"\n\t\t\t\t\t\t\t\t\t\t\t\t\t\t\t data-image-id=\"4694\" data-src=\"https:\/\/wp.1dfh.de\/wordpress\/wp-content\/gallery\/rba-abu-dhabi-2010\/si201003270016.jpg?t=1773404478\" data-thumbnail=\"https:\/\/wp.1dfh.de\/wordpress\/wp-content\/gallery\/rba-abu-dhabi-2010\/cache\/si201003270016.jpg-nggid044694-ngg0dyn-100x100x100-00f0w010c011r110f110r010t010.jpg?t=1773404478\" data-title=\"Nigel Lamb; Paul Bonhomme; Peter Besenyei - Race Day, Abu Dhabi\" data-description=\"Nigel Lamb of Great Britain celebrates his 2nd, Paul Bonhomme of Great Britain his 1st and Peter Besenyei of Hungary his 3rd place on the podium after the Red Bull Air Race day on March 27, 2010 in Abu Dhabi, United Arab Emirates.\">\n\t\t\t<img title=\"Nigel Lamb; Paul Bonhomme; Peter Besenyei - Race Day, Abu Dhabi\"\n\t\t\t\talt=\"Nigel Lamb; Paul Bonhomme; Peter Besenyei - Race Day, Abu Dhabi\"\n\t\t\t\tdata-image-id=\"4694\"\n\t\t\t\tsrc=\"\"\/>\n\t\t<\/a>\n\t\t\t<a href=\"https:\/\/wp.1dfh.de\/wordpress\/wp-content\/gallery\/rbar-interlaken-2007\/1dfh-rba-il07-000.jpg?t=1773407446\"\n\t\t\ttitle=\"Red Bull Air Race Interlaken 2007\"\n\t\t\t\t\t\t\t\t\t\t\t\t\t\t\t data-image-id=\"5301\" data-src=\"https:\/\/wp.1dfh.de\/wordpress\/wp-content\/gallery\/rbar-interlaken-2007\/1dfh-rba-il07-000.jpg?t=1773407446\" data-thumbnail=\"https:\/\/wp.1dfh.de\/wordpress\/wp-content\/gallery\/rbar-interlaken-2007\/cache\/1dfh-rba-il07-000.jpg-nggid045301-ngg0dyn-100x100x100-00f0w010c011r110f110r010t010.jpg?t=1773407446\" data-title=\"Red Bull Air Race Interlaken 2007\" data-description=\"Red Bull Air Race Interlaken 2007\">\n\t\t\t<img title=\"Red Bull Air Race Interlaken 2007\"\n\t\t\t\talt=\"Red Bull Air Race Interlaken 2007\"\n\t\t\t\tdata-image-id=\"5301\"\n\t\t\t\tsrc=\"\"\/>\n\t\t<\/a>\n\t\t\t<a href=\"https:\/\/wp.1dfh.de\/wordpress\/wp-content\/gallery\/rbar-interlaken-2007\/1dfh-rba-il07-001.jpg?t=1773407445\"\n\t\t\ttitle=\"Red Bull Air Race Interlaken 2007\"\n\t\t\t\t\t\t\t\t\t\t\t\t\t\t\t data-image-id=\"5302\" data-src=\"https:\/\/wp.1dfh.de\/wordpress\/wp-content\/gallery\/rbar-interlaken-2007\/1dfh-rba-il07-001.jpg?t=1773407445\" data-thumbnail=\"https:\/\/wp.1dfh.de\/wordpress\/wp-content\/gallery\/rbar-interlaken-2007\/cache\/1dfh-rba-il07-001.jpg-nggid045302-ngg0dyn-100x100x100-00f0w010c011r110f110r010t010.jpg?t=1773407445\" data-title=\"Red Bull Air Race Interlaken 2007\" data-description=\"Red Bull Air Race Interlaken 2007\">\n\t\t\t<img title=\"Red Bull Air Race Interlaken 2007\"\n\t\t\t\talt=\"Red Bull Air Race Interlaken 2007\"\n\t\t\t\tdata-image-id=\"5302\"\n\t\t\t\tsrc=\"\"\/>\n\t\t<\/a>\n\t\t\t<a href=\"https:\/\/wp.1dfh.de\/wordpress\/wp-content\/gallery\/rbar-interlaken-2007\/1dfh-rba-il07-002.jpg?t=1773417120\"\n\t\t\ttitle=\"Red Bull Air Race Interlaken 2007\"\n\t\t\t\t\t\t\t\t\t\t\t\t\t\t\t data-image-id=\"5303\" data-src=\"https:\/\/wp.1dfh.de\/wordpress\/wp-content\/gallery\/rbar-interlaken-2007\/1dfh-rba-il07-002.jpg?t=1773417120\" data-thumbnail=\"https:\/\/wp.1dfh.de\/wordpress\/wp-content\/gallery\/rbar-interlaken-2007\/cache\/1dfh-rba-il07-002.jpg-nggid045303-ngg0dyn-100x100x100-00f0w010c011r110f110r010t010.jpg?t=1773417120\" data-title=\"Red Bull Air Race Interlaken 2007\" data-description=\"Red Bull Air Race Interlaken 2007\">\n\t\t\t<img title=\"Red Bull Air Race Interlaken 2007\"\n\t\t\t\talt=\"Red Bull Air Race Interlaken 2007\"\n\t\t\t\tdata-image-id=\"5303\"\n\t\t\t\tsrc=\"\"\/>\n\t\t<\/a>\n\t\t\t<a href=\"https:\/\/wp.1dfh.de\/wordpress\/wp-content\/gallery\/rbar-interlaken-2007\/1dfh-rba-il07-003.jpg?t=1773417119\"\n\t\t\ttitle=\"Red Bull Air Race Interlaken 2007\"\n\t\t\t\t\t\t\t\t\t\t\t\t\t\t\t data-image-id=\"5304\" data-src=\"https:\/\/wp.1dfh.de\/wordpress\/wp-content\/gallery\/rbar-interlaken-2007\/1dfh-rba-il07-003.jpg?t=1773417119\" data-thumbnail=\"https:\/\/wp.1dfh.de\/wordpress\/wp-content\/gallery\/rbar-interlaken-2007\/cache\/1dfh-rba-il07-003.jpg-nggid045304-ngg0dyn-100x100x100-00f0w010c011r110f110r010t010.jpg?t=1773417119\" data-title=\"Red Bull Air Race Interlaken 2007\" data-description=\"Red Bull Air Race Interlaken 2007\">\n\t\t\t<img title=\"Red Bull Air Race Interlaken 2007\"\n\t\t\t\talt=\"Red Bull Air Race Interlaken 2007\"\n\t\t\t\tdata-image-id=\"5304\"\n\t\t\t\tsrc=\"\"\/>\n\t\t<\/a>\n\t<\/div>\n","protected":false},"excerpt":{"rendered":"<p>Ein Over-G am vorletzten Gate wurde dem deutschen Piloten Matthias Dolderer beim Saisonauftakt der Red Bull Air Race Weltmeisterschaft 2018 in Abu Dhabi zum Verh\u00e4ngnis. Im Duell gegen den Australier Matt Hall hatte der 47-j\u00e4hrige Weltmeister von 2016 ganz klar die Nase vorne, \u00fcberschritt aber am vorletzten Gate das G-Limit (12G) und erhielt ein \u201eDid &hellip; <a href=\"https:\/\/wp.1dfh.de\/wordpress\/pech-fuer-matthias-dolderer-beim-saisonauftakt\/\" class=\"more-link\"><span class=\"screen-reader-text\">Pech f\u00fcr Matthias Dolderer beim Saisonauftakt<\/span> weiterlesen <span class=\"meta-nav\">&rarr;<\/span><\/a><\/p>\n","protected":false},"author":2,"featured_media":0,"comment_status":"open","ping_status":"open","sticky":false,"template":"","format":"standard","meta":{"ngg_post_thumbnail":0,"footnotes":""},"categories":[3,1,18,13],"tags":[11859,11206,13947,11252,13948,11858,13949],"class_list":["post-44509","post","type-post","status-publish","format-standard","hentry","category-aktuelles","category-allgemeines","category-flugveranstaltungen","category-wettbewerbe","tag-abu-dhabi","tag-matthias-dolderer","tag-rbar-2018","tag-red-bull-air-race","tag-red-bull-air-race-2018","tag-red-bull-air-race-world-championship","tag-red-bull-air-race-world-championship-2018"],"_links":{"self":[{"href":"https:\/\/wp.1dfh.de\/wordpress\/wp-json\/wp\/v2\/posts\/44509","targetHints":{"allow":["GET"]}}],"collection":[{"href":"https:\/\/wp.1dfh.de\/wordpress\/wp-json\/wp\/v2\/posts"}],"about":[{"href":"https:\/\/wp.1dfh.de\/wordpress\/wp-json\/wp\/v2\/types\/post"}],"author":[{"embeddable":true,"href":"https:\/\/wp.1dfh.de\/wordpress\/wp-json\/wp\/v2\/users\/2"}],"replies":[{"embeddable":true,"href":"https:\/\/wp.1dfh.de\/wordpress\/wp-json\/wp\/v2\/comments?post=44509"}],"version-history":[{"count":1,"href":"https:\/\/wp.1dfh.de\/wordpress\/wp-json\/wp\/v2\/posts\/44509\/revisions"}],"predecessor-version":[{"id":44510,"href":"https:\/\/wp.1dfh.de\/wordpress\/wp-json\/wp\/v2\/posts\/44509\/revisions\/44510"}],"wp:attachment":[{"href":"https:\/\/wp.1dfh.de\/wordpress\/wp-json\/wp\/v2\/media?parent=44509"}],"wp:term":[{"taxonomy":"category","embeddable":true,"href":"https:\/\/wp.1dfh.de\/wordpress\/wp-json\/wp\/v2\/categories?post=44509"},{"taxonomy":"post_tag","embeddable":true,"href":"https:\/\/wp.1dfh.de\/wordpress\/wp-json\/wp\/v2\/tags?post=44509"}],"curies":[{"name":"wp","href":"https:\/\/api.w.org\/{rel}","templated":true}]}}