{"id":44560,"date":"2018-04-23T13:22:30","date_gmt":"2018-04-23T11:22:30","guid":{"rendered":"http:\/\/wp.1dfh.de\/wordpress\/?p=44560"},"modified":"2018-04-23T13:23:14","modified_gmt":"2018-04-23T11:23:14","slug":"dolderer-meldet-sich-mit-einem-zweiten-platz-in-cannes-zurueck","status":"publish","type":"post","link":"https:\/\/wp.1dfh.de\/wordpress\/dolderer-meldet-sich-mit-einem-zweiten-platz-in-cannes-zurueck\/","title":{"rendered":"Dolderer meldet sich mit einem zweiten Platz in Cannes zur\u00fcck"},"content":{"rendered":"<table width=\"100%\">\n<tbody>\n<tr>\n<td>\n<table width=\"600\">\n<tbody>\n<tr>\n<td>\n<table width=\"600\">\n<tbody>\n<tr>\n<td>\n<table width=\"100%\">\n<tbody>\n<tr>\n<td>\n<table width=\"100%\">\n<tbody>\n<tr>\n<td><strong>RED BULL AIR RACE 2018 &#8211; CANNES<\/strong><\/p>\n<p><em>22. April 2018<\/em><\/p>\n<p><strong>Der deutsche Pilot Matthias Dolderer hat sich mit einem zweiten Platz bei der zweiten Station der Red Bull Air Race Weltmeisterschaft 2018 in Cannes eindrucksvoll im Kampf um den WM-Titel zur\u00fcckgemeldet. In 57,764 Sekunden musste sich der Weltmeister von 2016 lediglich dem Australier Matt Hall (57,692) geschlagen geben. \u201eDas war f\u00fcr das Selbstvertrauen extrem wichtig\u201c, so Dolderer. Im WM-Gesamtklassement schob sich der 47-J\u00e4hrige durch den Podiumsplatz vor auf Rang vier. Insgesamt verfolgten das Red Bull Air Race an der C\u00f4te d\u2019Azur am gesamten Wochenende 83.500 Zuschauer.<\/strong><\/p>\n<p><em>Cannes, Frankreich \u2013<\/em> Lediglich 0,072 Sekunden fehlten dem deutschen Piloten Matthias Dolderer bei der Red Bull Air Race Premiere in Cannes zum Sieg, den sich in 57,692 Sekunden sein Freund und Dauerrivale, der Vize-Weltmeister von 2015 und 2016 Matt Hall (Australien), schnappte. <strong>\u201eWir sind zufrieden mit dem zweiten Platz. Nat\u00fcrlich w\u00e4re der erste Platz besser gewesen, aber die aufsteigende Tendenz ist wichtig\u201c<\/strong>, erkl\u00e4rte Dolderer. <strong>\u201eWir haben gesehen, dass die Modifikationen am Flugzeug gut funktionieren, dass wir wieder mit dabei sind und dass der Speed wieder da ist. Das war f\u00fcr das Selbstvertrauen extrem wichtig.\u201c<\/strong><\/p>\n<p>Rang drei \u00fcber der Croisette in Cannes sicherte sich der US-Amerikaner Michael Goulian (58,083), der das Auftaktrennen der Saison 2018 Anfang Februar in Abu Dhabi f\u00fcr sich entschieden hatte und nach nunmehr zwei von acht Stationen der Saison 2018 das WM-Ranking mit 24 Punkten vor Hall (21), dem Japaner Yoshihide Muroya (19) und Dolderer (12) anf\u00fchrt. Das n\u00e4chste Rennen findet am 26.\/27. Mai in Chiba in Japan statt.<\/p>\n<p>In der ersten K.-o.-Runde des Tages, der Round of 14, hatte sich Dolderer souver\u00e4n gegen den Franzosen Nicolas Ivanoff durchgesetzt. In der Round of 8 lie\u00df der Tannheimer dann gegen den Spanier Juan Velarde nichts anbrennen und zog souver\u00e4n ins Final 4 ein.<\/p>\n<p>Beim Saisonauftakt vor \u00fcber zwei Monaten in Abu Dhabi hatte Dolderer im Rennen eine Strafe aufgrund einer \u00dcberschreitung des maximalen G-Limits kassiert und \u201enur\u201c Rang 13 belegt. <strong>\u201eHier in Cannes bin ich jetzt defensiver geflogen als in Abu Dhabi. Ich wollte nicht zu nah an die 12G fliegen. Wir haben endlich wieder konstant gute Leistungen abgeliefert\u201c<\/strong>, so Dolderer.<\/p>\n<p><strong>Ergebnisse Rennen Cannes: <\/strong><br \/>\n1. Matt Hall (AUS), <strong>2. Matthias Dolderer (GER)<\/strong>, 3. Michael Goulian (USA), 4. Yoshihide Muroya (JPN), 5. Mika Brageot (FRA), 6. Juan Velarde (ESP), 7. Pete McLeod (CAN), 8. Martin \u0160onka (CZE), 9. Petr Kopfstein (CZE), 10. Ben Murphy (GBR), 11. Fran\u00e7ois Le Vot (FRA), 12. Kirby Chambliss (USA), 13. Cristian Bolton (CHI), 14. Nicolas Ivanoff (FRA)<\/p>\n<p><strong>WM-Ranking: <\/strong><br \/>\n1. Michael Goulian (USA) 24 Punkte, 2. Matt Hall (AUS), 21, 3. Yoshihide Muroya (JPN) 19, <strong>4. Matthias Dolderer (GER) 12<\/strong>, 5. Martin \u0160onka (CZE) 10, 6. Kirby Chambliss (USA) 9, 7. Mika Brageot (FRA) 9, 8. Ben Murphy (GBR) 6, 9. Juan Velarde (ESP) 5, 10. Fran\u00e7ois Le Vot (FRA) 4, 11. Pete McLeod (CAN) 4, 12. Petr Kopfstein (CZE) 4, 13. Nicolas Ivanoff (FRA) 1, 14. Cristian Bolton (CHI) 0<\/p>\n<p>Tickets f\u00fcr das Red Bull Air Race sind hier erh\u00e4ltlich. Aktuelle Neuigkeiten und Informationen, unter anderem zu den Tickets gibt es unter <a href=\"https:\/\/matthiasdolderer.us3.list-manage.com\/track\/click?u=245dedbf582a712dfd2d21155&amp;id=72fd166562&amp;e=56a3694116\">www.redbullairrace.com<\/a><\/td>\n<\/tr>\n<\/tbody>\n<\/table>\n<\/td>\n<\/tr>\n<\/tbody>\n<\/table>\n<\/td>\n<\/tr>\n<\/tbody>\n<\/table>\n<\/td>\n<\/tr>\n<\/tbody>\n<\/table>\n<\/td>\n<\/tr>\n<\/tbody>\n<\/table>\n<div class=\"ngg-related-gallery\">\n\t\t\t<a href=\"https:\/\/wp.1dfh.de\/wordpress\/wp-content\/gallery\/rba-abu-dhabi-2010\/si201003270013.jpg?t=1773404469\"\n\t\t\ttitle=\"ABU DHABI, UNITED ARAB EMIRATES - MARCH 27: (L-R) Second placed Nigel Lamb of Great Britain, winner Paul Bonhomme of Great Britain and third placed Peter Besenyei of Hungary with their medals after the Red Bull Air Race day on March 27, 2010 in Abu Dhabi, United Arab Emirates. (Photo by Hamish Blair\/Getty Images for Red Bull Air Race) *** Local Caption *** Nigel Lamb; Paul Bonhomme; Peter Besenyei\"\n\t\t\t\t\t\t\t\t\t\t\t\t\t\t\t data-image-id=\"4693\" data-src=\"https:\/\/wp.1dfh.de\/wordpress\/wp-content\/gallery\/rba-abu-dhabi-2010\/si201003270013.jpg?t=1773404469\" data-thumbnail=\"https:\/\/wp.1dfh.de\/wordpress\/wp-content\/gallery\/rba-abu-dhabi-2010\/cache\/si201003270013.jpg-nggid044693-ngg0dyn-100x100x100-00f0w010c011r110f110r010t010.jpg?t=1773404469\" data-title=\"97755980DM010_Red_Bull_Air_\" data-description=\"ABU DHABI, UNITED ARAB EMIRATES - MARCH 27: (L-R) Second placed Nigel Lamb of Great Britain, winner Paul Bonhomme of Great Britain and third placed Peter Besenyei of Hungary with their medals after the Red Bull Air Race day on March 27, 2010 in Abu Dhabi, United Arab Emirates. (Photo by Hamish Blair\/Getty Images for Red Bull Air Race) *** Local Caption *** Nigel Lamb; Paul Bonhomme; Peter Besenyei\">\n\t\t\t<img title=\"97755980DM010_Red_Bull_Air_\"\n\t\t\t\talt=\"97755980DM010_Red_Bull_Air_\"\n\t\t\t\tdata-image-id=\"4693\"\n\t\t\t\tsrc=\"\"\/>\n\t\t<\/a>\n\t\t\t<a href=\"https:\/\/wp.1dfh.de\/wordpress\/wp-content\/gallery\/rba-abu-dhabi-2010\/si201003270016.jpg?t=1773404478\"\n\t\t\ttitle=\"Nigel Lamb of Great Britain celebrates his 2nd, Paul Bonhomme of Great Britain his 1st and Peter Besenyei of Hungary his 3rd place on the podium after the Red Bull Air Race day on March 27, 2010 in Abu Dhabi, United Arab Emirates.\"\n\t\t\t\t\t\t\t\t\t\t\t\t\t\t\t data-image-id=\"4694\" data-src=\"https:\/\/wp.1dfh.de\/wordpress\/wp-content\/gallery\/rba-abu-dhabi-2010\/si201003270016.jpg?t=1773404478\" data-thumbnail=\"https:\/\/wp.1dfh.de\/wordpress\/wp-content\/gallery\/rba-abu-dhabi-2010\/cache\/si201003270016.jpg-nggid044694-ngg0dyn-100x100x100-00f0w010c011r110f110r010t010.jpg?t=1773404478\" data-title=\"Nigel Lamb; Paul Bonhomme; Peter Besenyei - Race Day, Abu Dhabi\" data-description=\"Nigel Lamb of Great Britain celebrates his 2nd, Paul Bonhomme of Great Britain his 1st and Peter Besenyei of Hungary his 3rd place on the podium after the Red Bull Air Race day on March 27, 2010 in Abu Dhabi, United Arab Emirates.\">\n\t\t\t<img title=\"Nigel Lamb; Paul Bonhomme; Peter Besenyei - Race Day, Abu Dhabi\"\n\t\t\t\talt=\"Nigel Lamb; Paul Bonhomme; Peter Besenyei - Race Day, Abu Dhabi\"\n\t\t\t\tdata-image-id=\"4694\"\n\t\t\t\tsrc=\"\"\/>\n\t\t<\/a>\n\t\t\t<a href=\"https:\/\/wp.1dfh.de\/wordpress\/wp-content\/gallery\/rbar-interlaken-2007\/1dfh-rba-il07-000.jpg?t=1773407446\"\n\t\t\ttitle=\"Red Bull Air Race Interlaken 2007\"\n\t\t\t\t\t\t\t\t\t\t\t\t\t\t\t data-image-id=\"5301\" data-src=\"https:\/\/wp.1dfh.de\/wordpress\/wp-content\/gallery\/rbar-interlaken-2007\/1dfh-rba-il07-000.jpg?t=1773407446\" data-thumbnail=\"https:\/\/wp.1dfh.de\/wordpress\/wp-content\/gallery\/rbar-interlaken-2007\/cache\/1dfh-rba-il07-000.jpg-nggid045301-ngg0dyn-100x100x100-00f0w010c011r110f110r010t010.jpg?t=1773407446\" data-title=\"Red Bull Air Race Interlaken 2007\" data-description=\"Red Bull Air Race Interlaken 2007\">\n\t\t\t<img title=\"Red Bull Air Race Interlaken 2007\"\n\t\t\t\talt=\"Red Bull Air Race Interlaken 2007\"\n\t\t\t\tdata-image-id=\"5301\"\n\t\t\t\tsrc=\"\"\/>\n\t\t<\/a>\n\t\t\t<a href=\"https:\/\/wp.1dfh.de\/wordpress\/wp-content\/gallery\/rbar-interlaken-2007\/1dfh-rba-il07-001.jpg?t=1773407445\"\n\t\t\ttitle=\"Red Bull Air Race Interlaken 2007\"\n\t\t\t\t\t\t\t\t\t\t\t\t\t\t\t data-image-id=\"5302\" data-src=\"https:\/\/wp.1dfh.de\/wordpress\/wp-content\/gallery\/rbar-interlaken-2007\/1dfh-rba-il07-001.jpg?t=1773407445\" data-thumbnail=\"https:\/\/wp.1dfh.de\/wordpress\/wp-content\/gallery\/rbar-interlaken-2007\/cache\/1dfh-rba-il07-001.jpg-nggid045302-ngg0dyn-100x100x100-00f0w010c011r110f110r010t010.jpg?t=1773407445\" data-title=\"Red Bull Air Race Interlaken 2007\" data-description=\"Red Bull Air Race Interlaken 2007\">\n\t\t\t<img title=\"Red Bull Air Race Interlaken 2007\"\n\t\t\t\talt=\"Red Bull Air Race Interlaken 2007\"\n\t\t\t\tdata-image-id=\"5302\"\n\t\t\t\tsrc=\"\"\/>\n\t\t<\/a>\n\t\t\t<a href=\"https:\/\/wp.1dfh.de\/wordpress\/wp-content\/gallery\/rbar-interlaken-2007\/1dfh-rba-il07-002.jpg?t=1773417120\"\n\t\t\ttitle=\"Red Bull Air Race Interlaken 2007\"\n\t\t\t\t\t\t\t\t\t\t\t\t\t\t\t data-image-id=\"5303\" data-src=\"https:\/\/wp.1dfh.de\/wordpress\/wp-content\/gallery\/rbar-interlaken-2007\/1dfh-rba-il07-002.jpg?t=1773417120\" data-thumbnail=\"https:\/\/wp.1dfh.de\/wordpress\/wp-content\/gallery\/rbar-interlaken-2007\/cache\/1dfh-rba-il07-002.jpg-nggid045303-ngg0dyn-100x100x100-00f0w010c011r110f110r010t010.jpg?t=1773417120\" data-title=\"Red Bull Air Race Interlaken 2007\" data-description=\"Red Bull Air Race Interlaken 2007\">\n\t\t\t<img title=\"Red Bull Air Race Interlaken 2007\"\n\t\t\t\talt=\"Red Bull Air Race Interlaken 2007\"\n\t\t\t\tdata-image-id=\"5303\"\n\t\t\t\tsrc=\"\"\/>\n\t\t<\/a>\n\t\t\t<a href=\"https:\/\/wp.1dfh.de\/wordpress\/wp-content\/gallery\/rbar-interlaken-2007\/1dfh-rba-il07-003.jpg?t=1773417119\"\n\t\t\ttitle=\"Red Bull Air Race Interlaken 2007\"\n\t\t\t\t\t\t\t\t\t\t\t\t\t\t\t data-image-id=\"5304\" data-src=\"https:\/\/wp.1dfh.de\/wordpress\/wp-content\/gallery\/rbar-interlaken-2007\/1dfh-rba-il07-003.jpg?t=1773417119\" data-thumbnail=\"https:\/\/wp.1dfh.de\/wordpress\/wp-content\/gallery\/rbar-interlaken-2007\/cache\/1dfh-rba-il07-003.jpg-nggid045304-ngg0dyn-100x100x100-00f0w010c011r110f110r010t010.jpg?t=1773417119\" data-title=\"Red Bull Air Race Interlaken 2007\" data-description=\"Red Bull Air Race Interlaken 2007\">\n\t\t\t<img title=\"Red Bull Air Race Interlaken 2007\"\n\t\t\t\talt=\"Red Bull Air Race Interlaken 2007\"\n\t\t\t\tdata-image-id=\"5304\"\n\t\t\t\tsrc=\"\"\/>\n\t\t<\/a>\n\t\t\t<a href=\"https:\/\/wp.1dfh.de\/wordpress\/wp-content\/gallery\/rbar-interlaken-2007\/1dfh-rba-il07-004.jpg?t=1773417119\"\n\t\t\ttitle=\"Red Bull Air Race Interlaken 2007\"\n\t\t\t\t\t\t\t\t\t\t\t\t\t\t\t data-image-id=\"5305\" data-src=\"https:\/\/wp.1dfh.de\/wordpress\/wp-content\/gallery\/rbar-interlaken-2007\/1dfh-rba-il07-004.jpg?t=1773417119\" data-thumbnail=\"https:\/\/wp.1dfh.de\/wordpress\/wp-content\/gallery\/rbar-interlaken-2007\/cache\/1dfh-rba-il07-004.jpg-nggid045305-ngg0dyn-100x100x100-00f0w010c011r110f110r010t010.jpg?t=1773417119\" data-title=\"Red Bull Air Race Interlaken 2007\" data-description=\"Red Bull Air Race Interlaken 2007\">\n\t\t\t<img title=\"Red Bull Air Race Interlaken 2007\"\n\t\t\t\talt=\"Red Bull Air Race Interlaken 2007\"\n\t\t\t\tdata-image-id=\"5305\"\n\t\t\t\tsrc=\"\"\/>\n\t\t<\/a>\n\t<\/div>\n","protected":false},"excerpt":{"rendered":"<p>RED BULL AIR RACE 2018 &#8211; CANNES 22. April 2018 Der deutsche Pilot Matthias Dolderer hat sich mit einem zweiten Platz bei der zweiten Station der Red Bull Air Race Weltmeisterschaft 2018 in Cannes eindrucksvoll im Kampf um den WM-Titel zur\u00fcckgemeldet. In 57,764 Sekunden musste sich der Weltmeister von 2016 lediglich dem Australier Matt Hall &hellip; <a href=\"https:\/\/wp.1dfh.de\/wordpress\/dolderer-meldet-sich-mit-einem-zweiten-platz-in-cannes-zurueck\/\" class=\"more-link\"><span class=\"screen-reader-text\">Dolderer meldet sich mit einem zweiten Platz in Cannes zur\u00fcck<\/span> weiterlesen <span class=\"meta-nav\">&rarr;<\/span><\/a><\/p>\n","protected":false},"author":2,"featured_media":0,"comment_status":"open","ping_status":"open","sticky":false,"template":"","format":"standard","meta":{"ngg_post_thumbnail":0,"footnotes":""},"categories":[1],"tags":[14031,1840,4290,13947,11252,13948,11858,13949],"class_list":["post-44560","post","type-post","status-publish","format-standard","hentry","category-allgemeines","tag-cannes","tag-live-stream","tag-mattias-dolderer","tag-rbar-2018","tag-red-bull-air-race","tag-red-bull-air-race-2018","tag-red-bull-air-race-world-championship","tag-red-bull-air-race-world-championship-2018"],"_links":{"self":[{"href":"https:\/\/wp.1dfh.de\/wordpress\/wp-json\/wp\/v2\/posts\/44560","targetHints":{"allow":["GET"]}}],"collection":[{"href":"https:\/\/wp.1dfh.de\/wordpress\/wp-json\/wp\/v2\/posts"}],"about":[{"href":"https:\/\/wp.1dfh.de\/wordpress\/wp-json\/wp\/v2\/types\/post"}],"author":[{"embeddable":true,"href":"https:\/\/wp.1dfh.de\/wordpress\/wp-json\/wp\/v2\/users\/2"}],"replies":[{"embeddable":true,"href":"https:\/\/wp.1dfh.de\/wordpress\/wp-json\/wp\/v2\/comments?post=44560"}],"version-history":[{"count":2,"href":"https:\/\/wp.1dfh.de\/wordpress\/wp-json\/wp\/v2\/posts\/44560\/revisions"}],"predecessor-version":[{"id":44562,"href":"https:\/\/wp.1dfh.de\/wordpress\/wp-json\/wp\/v2\/posts\/44560\/revisions\/44562"}],"wp:attachment":[{"href":"https:\/\/wp.1dfh.de\/wordpress\/wp-json\/wp\/v2\/media?parent=44560"}],"wp:term":[{"taxonomy":"category","embeddable":true,"href":"https:\/\/wp.1dfh.de\/wordpress\/wp-json\/wp\/v2\/categories?post=44560"},{"taxonomy":"post_tag","embeddable":true,"href":"https:\/\/wp.1dfh.de\/wordpress\/wp-json\/wp\/v2\/tags?post=44560"}],"curies":[{"name":"wp","href":"https:\/\/api.w.org\/{rel}","templated":true}]}}