{"id":5228,"date":"2009-09-29T21:04:28","date_gmt":"2009-09-29T19:04:28","guid":{"rendered":"http:\/\/wp.1dfh.de\/wordpress\/?p=5228"},"modified":"2012-01-23T12:01:59","modified_gmt":"2012-01-23T11:01:59","slug":"tannkosh-27-29-august-2010","status":"publish","type":"post","link":"https:\/\/wp.1dfh.de\/wordpress\/tannkosh-27-29-august-2010\/","title":{"rendered":"Tannkosh 27.08. \u2013 29.08.2010"},"content":{"rendered":"<p>&nbsp;<\/p>\n<figure id=\"attachment_9341\" aria-describedby=\"caption-attachment-9341\" style=\"width: 300px\" class=\"wp-caption alignright\"><a href=\"http:\/\/www.tannkosh.com\/\" target=\"_blank\"><img loading=\"lazy\" decoding=\"async\" class=\"size-medium wp-image-9341 \" title=\"Tannkosh 2010\" src=\"http:\/\/wp.1dfh.de\/wordpress\/wp-content\/uploads\/716c73507a1-300x35.jpg\" alt=\"Tannkosh 2010\" width=\"300\" height=\"35\" srcset=\"https:\/\/wp.1dfh.de\/wordpress\/wp-content\/uploads\/716c73507a1-300x35.jpg 300w, https:\/\/wp.1dfh.de\/wordpress\/wp-content\/uploads\/716c73507a1-150x17.jpg 150w, https:\/\/wp.1dfh.de\/wordpress\/wp-content\/uploads\/716c73507a1-400x47.jpg 400w, https:\/\/wp.1dfh.de\/wordpress\/wp-content\/uploads\/716c73507a1.jpg 626w\" sizes=\"auto, (max-width: 300px) 100vw, 300px\" \/><\/a><figcaption id=\"caption-attachment-9341\" class=\"wp-caption-text\">Tannkosh 2010<\/figcaption><\/figure>\n<p><img decoding=\"async\" class=\"ngg-singlepic ngg-left\" title=\"Verena Dolderer\" src=\"http:\/\/wp.1dfh.de\/wordpress\/wp-content\/gallery\/tann09\/thumbs\/thumbs_1dfh-tann2009-0009.JPG\" alt=\"1dfh-tann2009-0009\" \/><strong><em>Ein Fliegertreffen mit \u00fcber 1000 Flugzeugen in Tannheim Tannkosh 27.08.2010 &#8211; 29.08.2010<\/em><\/strong><\/p>\n<p><strong>Von Ultraleichtflugzeugen bis zu den ber\u00fchmten Flying Bulls, von Oldtimern bis hin zu Hightech-Rennflugzeugen: Alles, was fliegt, nimmt dieser Tage Kurs auf Tannkosh. Europas gr\u00f6\u00dftes FLY-IN l\u00e4sst vom 27. bis 29. August die Herzen eines jeden Flugfans h\u00f6her schlagen. 1.300 Flugzeuge, darunter einige Rarit\u00e4ten der allgemeinen Luftfahrt, spektakul\u00e4re Flugshows und tolle Live-Bands erwarten die rund 15.000 Zuschauer. <\/strong><\/p>\n<p>[media id=319 width=470 height=320]<\/p>\n<p>[media id=320 width=470 height=320]<\/p>\n<p>Videos: mikevariogermany<\/p>\n<p>[smooth=id: 115; width:800; height:600; timed:true; arrows:true; carousel:true; links:false; info:true; align:float_left; frames:true; delay:4000; transition:crossfade; open:true; text:Foto (C) 1dfh.de; margin:1;]<\/p>\nngg_shortcode_0_placeholder\n<ul>\n<li><a href=\"http:\/\/matthiasdolderer.com\/ger\/download.php?dwnldfile=..\/images\/downloads\/pdf\/10\/TK_Photo_Review.pdf\" target=\"_blank\">Fotor\u00fcckblick Tannkosh 2010 Matthias Dolderer (PDF)<br \/>\n<\/a><\/li>\n<\/ul>\n<p>TANNHEIM (BW). Wenn am letzten Augustwochenende mit Tannkosh das allj\u00e4hrliche Fliegertreffen \u00fcber Tannheim abhebt, verwandelt sich der ansonsten beschauliche Flugplatz in der oberschw\u00e4bischen Gemeinde zu einer wahren Festivalst\u00e4tte. Flugzeugenthusiasten aus der ganzen Welt nehmen teils lange Anreisen in Kauf, um dieser einzigartigen Veranstaltung beizuwohnen. Zeit zum Atemsch\u00f6pfen bleibt Zuschauern und Piloten angesichts der besonderen G\u00e4steliste nicht. Ein Highlight jagt das n\u00e4chste.<\/p>\n<p><strong>Au\u00dfergew\u00f6hnliche Flugger\u00e4te <\/strong><\/p>\n<p>Im Minutentakt landen aufsehenerregende Flugger\u00e4te aller Art. Helikopter, Fallschirmspringer, Segelflieger, Warbirds, Ultraleicht- und Kunstflugzeuge, die man bei Tannkosh aus n\u00e4chster N\u00e4he erleben kann. F\u00fcr Liebhaber fliegender Oldtimer pr\u00e4sentieren die Flying Bulls neben der Douglas DC-6B, einer ehemaligen Pr\u00e4sidentenmaschine, ihr Wappentier, eine Chance Vought F4U-4 Corsair. Fester Veranstaltungsteilnehmer des seit 1993 bestehenden Events ist auch die deutsche Luftwaffe mit einer Transall C-160 sowie seit neuestem auch die Bundespolizei mit ihrem Helikopter \u201eSuper Puma\u201c.<\/p>\n<p><strong>Aufsehenerregendes Rahmenprogramm<\/strong><\/p>\n<p>Neben den Rarit\u00e4ten am Boden d\u00fcrfen sich die Fans auch \u00fcber ein attraktives Rahmenprogramm in der Luft freuen. Am Freitag und Samstag starten zu jeder vollen Stunde spektakul\u00e4re Flugvorf\u00fchrungen. Zu bestaunen sind unter anderem die Shows des ehemaligen Drachenflugweltmeisters Guido Gehrmann, des italienischen Kunstflugteams Pioneer und des Blanix-Spiegelflugteams.<\/p>\n<p><strong>Autogrammstunde mit Red Bull Air Race-Pilot Matthias Dolderer <\/strong><\/p>\n<p>Auch Lokalmatador Matthias Dolderer ist voller Vorfreude auf das Event und wird nach einer Autogrammstunde Einblicke in das Cockpit seiner aktuellen Rennmaschine, einer Edge 540 V3 geben. \u201eTannkosh ist f\u00fcr jeden Flieger etwas ganz besonderes. W\u00e4hrend der Saison hatte ich nur wenig Zeit. Jetzt freue ich mich drauf, Fans, Freunde und Bekannte wiederzusehen, die mir immer die Daumen gedr\u00fcckt haben\u201c, so der 39-j\u00e4hrige, der mit seinen Kollegen Nicolas Ivanoff und Vizeweltmeister Hannes Arch eine kleine Demo fliegen wird.<\/p>\n<p><strong>Tannkosh wichtiger Wirtschaftsimpuls<\/strong><\/p>\n<p>Insgesamt erwarten die Veranstalter eine neue Rekord-Teilnehmerzahl, nahezu alle Gastbetriebe in den umliegenden Gemeinden sind bereits seit langem ausgebucht. \u201eWir haben dieses Jahr so viele Anmeldungen wie noch nie und freuen uns nat\u00fcrlich sehr, dass immer mehr Besucher und Piloten zu Tannkosh kommen&#8220;, sagt Verena Dolderer, Organisator von Tannkosh, und f\u00fcgt hinzu: \u201eAllerdings ist unser Hauptziel nicht, Rekorde zu brechen, sondern vielmehr den Spirit von Tannkosh aufrecht zu erhalten: Eine Party von Piloten f\u00fcr Piloten&#8220;.<\/p>\n<figure id=\"attachment_12202\" aria-describedby=\"caption-attachment-12202\" style=\"width: 256px\" class=\"wp-caption alignleft\"><a href=\"http:\/\/www.tannkosh.de\/\" target=\"_blank\"><img loading=\"lazy\" decoding=\"async\" class=\"size-full wp-image-12202 \" title=\"Tannkosh 2010\" src=\"http:\/\/wp.1dfh.de\/wordpress\/wp-content\/uploads\/101.jpg\" alt=\"Tannkosh 2010\" width=\"256\" height=\"356\" srcset=\"https:\/\/wp.1dfh.de\/wordpress\/wp-content\/uploads\/101.jpg 256w, https:\/\/wp.1dfh.de\/wordpress\/wp-content\/uploads\/101-215x300.jpg 215w, https:\/\/wp.1dfh.de\/wordpress\/wp-content\/uploads\/101-107x150.jpg 107w\" sizes=\"auto, (max-width: 256px) 100vw, 256px\" \/><\/a><figcaption id=\"caption-attachment-12202\" class=\"wp-caption-text\">Tannkosh 2010<\/figcaption><\/figure>\n<p>[gmap]<\/p>\n<p>Quelle: <a title=\"Flugplatz Tannheim\" href=\"http:\/\/www.tannkosh.de\" target=\"_blank\">http:\/\/www.tannkosh.de<\/a><\/p>\n<div class=\"ngg-related-gallery\">\n\t\t\t<a href=\"https:\/\/wp.1dfh.de\/wordpress\/wp-content\/gallery\/airgames07\/1dfh-airgames-07-ft_0003.JPG?t=1773390874\"\n\t\t\ttitle=\"Me109G\"\n\t\t\t\t\t\t\t\t\t\t\t\t\t\t\t data-image-id=\"182\" data-src=\"https:\/\/wp.1dfh.de\/wordpress\/wp-content\/gallery\/airgames07\/1dfh-airgames-07-ft_0003.JPG?t=1773390874\" data-thumbnail=\"https:\/\/wp.1dfh.de\/wordpress\/wp-content\/gallery\/airgames07\/cache\/1dfh-airgames-07-ft_0003.JPG-nggid03182-ngg0dyn-100x100x100-00f0w010c011r110f110r010t010.JPG?t=1773390874\" data-title=\"1dfh-airgames-07-ft_0003\" data-description=\"Me109G\">\n\t\t\t<img title=\"1dfh-airgames-07-ft_0003\"\n\t\t\t\talt=\"1dfh-airgames-07-ft_0003\"\n\t\t\t\tdata-image-id=\"182\"\n\t\t\t\tsrc=\"\"\/>\n\t\t<\/a>\n\t\t\t<a href=\"https:\/\/wp.1dfh.de\/wordpress\/wp-content\/gallery\/tann09\/1dfh-tann2009-1707-01.jpg?t=1773281320\"\n\t\t\ttitle=\"Ralf Niebergall, SIAI Marchetti SF-260\"\n\t\t\t\t\t\t\t\t\t\t\t\t\t\t\t data-image-id=\"1374\" data-src=\"https:\/\/wp.1dfh.de\/wordpress\/wp-content\/gallery\/tann09\/1dfh-tann2009-1707-01.jpg?t=1773281320\" data-thumbnail=\"https:\/\/wp.1dfh.de\/wordpress\/wp-content\/gallery\/tann09\/cache\/1dfh-tann2009-1707-01.jpg-nggid041374-ngg0dyn-100x100x100-00f0w010c011r110f110r010t010.jpg?t=1773281320\" data-title=\"1dfh-tann2009-1707-01\" data-description=\"Ralf Niebergall, SIAI Marchetti SF-260\">\n\t\t\t<img title=\"1dfh-tann2009-1707-01\"\n\t\t\t\talt=\"1dfh-tann2009-1707-01\"\n\t\t\t\tdata-image-id=\"1374\"\n\t\t\t\tsrc=\"\"\/>\n\t\t<\/a>\n\t\t\t<a href=\"https:\/\/wp.1dfh.de\/wordpress\/wp-content\/gallery\/tann09\/1dfh-tann2009-1707-02.jpg?t=1770668416\"\n\t\t\ttitle=\"Ralf Niebergall, SIAI Marchetti SF-260\"\n\t\t\t\t\t\t\t\t\t\t\t\t\t\t\t data-image-id=\"1375\" data-src=\"https:\/\/wp.1dfh.de\/wordpress\/wp-content\/gallery\/tann09\/1dfh-tann2009-1707-02.jpg?t=1770668416\" data-thumbnail=\"https:\/\/wp.1dfh.de\/wordpress\/wp-content\/gallery\/tann09\/cache\/1dfh-tann2009-1707-02.jpg-nggid041375-ngg0dyn-100x100x100-00f0w010c011r110f110r010t010.jpg?t=1770668416\" data-title=\"1dfh-tann2009-1707-02\" data-description=\"Ralf Niebergall, SIAI Marchetti SF-260\">\n\t\t\t<img title=\"1dfh-tann2009-1707-02\"\n\t\t\t\talt=\"1dfh-tann2009-1707-02\"\n\t\t\t\tdata-image-id=\"1375\"\n\t\t\t\tsrc=\"\"\/>\n\t\t<\/a>\n\t\t\t<a href=\"https:\/\/wp.1dfh.de\/wordpress\/wp-content\/gallery\/tann09\/1dfh-tann2009-1707-03.jpg?t=1770668418\"\n\t\t\ttitle=\"Ralf Niebergall, SIAI Marchetti SF-260\"\n\t\t\t\t\t\t\t\t\t\t\t\t\t\t\t data-image-id=\"1376\" data-src=\"https:\/\/wp.1dfh.de\/wordpress\/wp-content\/gallery\/tann09\/1dfh-tann2009-1707-03.jpg?t=1770668418\" data-thumbnail=\"https:\/\/wp.1dfh.de\/wordpress\/wp-content\/gallery\/tann09\/cache\/1dfh-tann2009-1707-03.jpg-nggid041376-ngg0dyn-100x100x100-00f0w010c011r110f110r010t010.jpg?t=1770668418\" data-title=\"1dfh-tann2009-1707-03\" data-description=\"Ralf Niebergall, SIAI Marchetti SF-260\">\n\t\t\t<img title=\"1dfh-tann2009-1707-03\"\n\t\t\t\talt=\"1dfh-tann2009-1707-03\"\n\t\t\t\tdata-image-id=\"1376\"\n\t\t\t\tsrc=\"\"\/>\n\t\t<\/a>\n\t\t\t<a href=\"https:\/\/wp.1dfh.de\/wordpress\/wp-content\/gallery\/tann09\/1dfh-tann2009-1707-06.jpg?t=1773417118\"\n\t\t\ttitle=\"Ralf Niebergall, SIAI Marchetti SF-260\"\n\t\t\t\t\t\t\t\t\t\t\t\t\t\t\t data-image-id=\"1379\" data-src=\"https:\/\/wp.1dfh.de\/wordpress\/wp-content\/gallery\/tann09\/1dfh-tann2009-1707-06.jpg?t=1773417118\" data-thumbnail=\"https:\/\/wp.1dfh.de\/wordpress\/wp-content\/gallery\/tann09\/cache\/1dfh-tann2009-1707-06.jpg-nggid041379-ngg0dyn-100x100x100-00f0w010c011r110f110r010t010.jpg?t=1773417118\" data-title=\"1dfh-tann2009-1707-06\" data-description=\"Ralf Niebergall, SIAI Marchetti SF-260\">\n\t\t\t<img title=\"1dfh-tann2009-1707-06\"\n\t\t\t\talt=\"1dfh-tann2009-1707-06\"\n\t\t\t\tdata-image-id=\"1379\"\n\t\t\t\tsrc=\"\"\/>\n\t\t<\/a>\n\t\t\t<a href=\"https:\/\/wp.1dfh.de\/wordpress\/wp-content\/gallery\/tann09\/1dfh-tann2009-1707-08.jpg?t=1773396778\"\n\t\t\ttitle=\"Uli Dembinski, Jakowlew, Jak-55,\"\n\t\t\t\t\t\t\t\t\t\t\t\t\t\t\t data-image-id=\"1381\" data-src=\"https:\/\/wp.1dfh.de\/wordpress\/wp-content\/gallery\/tann09\/1dfh-tann2009-1707-08.jpg?t=1773396778\" data-thumbnail=\"https:\/\/wp.1dfh.de\/wordpress\/wp-content\/gallery\/tann09\/cache\/1dfh-tann2009-1707-08.jpg-nggid041381-ngg0dyn-100x100x100-00f0w010c011r110f110r010t010.jpg?t=1773396778\" data-title=\"1dfh-tann2009-1707-08\" data-description=\"Uli Dembinski, Jakowlew, Jak-55,\">\n\t\t\t<img title=\"1dfh-tann2009-1707-08\"\n\t\t\t\talt=\"1dfh-tann2009-1707-08\"\n\t\t\t\tdata-image-id=\"1381\"\n\t\t\t\tsrc=\"\"\/>\n\t\t<\/a>\n\t\t\t<a href=\"https:\/\/wp.1dfh.de\/wordpress\/wp-content\/gallery\/tann09\/1dfh-tann2009-1707-09.jpg?t=1773405239\"\n\t\t\ttitle=\"Uli Dembinski, Jakowlew, Jak-55,\"\n\t\t\t\t\t\t\t\t\t\t\t\t\t\t\t data-image-id=\"1382\" data-src=\"https:\/\/wp.1dfh.de\/wordpress\/wp-content\/gallery\/tann09\/1dfh-tann2009-1707-09.jpg?t=1773405239\" data-thumbnail=\"https:\/\/wp.1dfh.de\/wordpress\/wp-content\/gallery\/tann09\/cache\/1dfh-tann2009-1707-09.jpg-nggid041382-ngg0dyn-100x100x100-00f0w010c011r110f110r010t010.jpg?t=1773405239\" data-title=\"1dfh-tann2009-1707-09\" data-description=\"Uli Dembinski, Jakowlew, Jak-55,\">\n\t\t\t<img title=\"1dfh-tann2009-1707-09\"\n\t\t\t\talt=\"1dfh-tann2009-1707-09\"\n\t\t\t\tdata-image-id=\"1382\"\n\t\t\t\tsrc=\"\"\/>\n\t\t<\/a>\n\t<\/div>\n","protected":false},"excerpt":{"rendered":"<p>&nbsp; Ein Fliegertreffen mit \u00fcber 1000 Flugzeugen in Tannheim Tannkosh 27.08.2010 &#8211; 29.08.2010 Von Ultraleichtflugzeugen bis zu den ber\u00fchmten Flying Bulls, von Oldtimern bis hin zu Hightech-Rennflugzeugen: Alles, was fliegt, nimmt dieser Tage Kurs auf Tannkosh. Europas gr\u00f6\u00dftes FLY-IN l\u00e4sst vom 27. bis 29. August die Herzen eines jeden Flugfans h\u00f6her schlagen. 1.300 Flugzeuge, darunter &hellip; <a href=\"https:\/\/wp.1dfh.de\/wordpress\/tannkosh-27-29-august-2010\/\" class=\"more-link\"><span class=\"screen-reader-text\">Tannkosh 27.08. \u2013 29.08.2010<\/span> weiterlesen <span class=\"meta-nav\">&rarr;<\/span><\/a><\/p>\n","protected":false},"author":2,"featured_media":9341,"comment_status":"open","ping_status":"open","sticky":false,"template":"","format":"standard","meta":{"ngg_post_thumbnail":0,"footnotes":""},"categories":[15,18,6,2030,11],"tags":[42,3792,824,12105,12136,11116,12297,11728,11436,1680,112,3489,4063,1678,1180,11507,3618,2044,11641,11206,4062,4225,11228,1681,11232,415,11243,1679,11357,11251,11336,1861,701,11270,11319,3840,11275,11277,11517,11283,1683,11286,11944,11320,1682,540,812,11292],"class_list":["post-5228","post","type-post","status-publish","format-standard","has-post-thumbnail","hentry","category-ausstellungen","category-flugveranstaltungen","category-fotos","category-teilnehmer","category-videos","tag-333-loopings","tag-as-332-l1","tag-beech-18","tag-bell-uh-1d","tag-bf-me-109-g","tag-bo-105","tag-bo-105-vbh","tag-bravo-lima-formation","tag-bravo-lima-staffel","tag-c-45","tag-carlo-ferrari","tag-d","tag-d-fwme","tag-etienne-verhellen","tag-flugplatz-und-flugschule-tannheim","tag-hannes-arch","tag-l-39-albatros","tag-ly-agl","tag-matt-hall","tag-matthias-dolderer","tag-me-109-g-4","tag-mikevariogermany","tag-mr-marchetti","tag-n-45-cf","tag-nicolas-ivanoff","tag-p-3-flyers","tag-philipp-steinbach","tag-pilatus-p-3","tag-pioneer-team","tag-ralf-niebergall","tag-rote-7","tag-sbach-342","tag-sikorsky-ch-53","tag-super-puma","tag-susanne-vogelsang","tag-swooper","tag-tannheim","tag-tannkosh","tag-tannkosh-2010","tag-uli-dembinski","tag-urs-vogelsang","tag-verena-dolderer","tag-vito-wyprachtiger","tag-votec-351","tag-votec-sbs","tag-votecs-formation-aus-der-schweiz","tag-yak-52","tag-yak-55"],"_links":{"self":[{"href":"https:\/\/wp.1dfh.de\/wordpress\/wp-json\/wp\/v2\/posts\/5228","targetHints":{"allow":["GET"]}}],"collection":[{"href":"https:\/\/wp.1dfh.de\/wordpress\/wp-json\/wp\/v2\/posts"}],"about":[{"href":"https:\/\/wp.1dfh.de\/wordpress\/wp-json\/wp\/v2\/types\/post"}],"author":[{"embeddable":true,"href":"https:\/\/wp.1dfh.de\/wordpress\/wp-json\/wp\/v2\/users\/2"}],"replies":[{"embeddable":true,"href":"https:\/\/wp.1dfh.de\/wordpress\/wp-json\/wp\/v2\/comments?post=5228"}],"version-history":[{"count":0,"href":"https:\/\/wp.1dfh.de\/wordpress\/wp-json\/wp\/v2\/posts\/5228\/revisions"}],"wp:featuredmedia":[{"embeddable":true,"href":"https:\/\/wp.1dfh.de\/wordpress\/wp-json\/wp\/v2\/media\/9341"}],"wp:attachment":[{"href":"https:\/\/wp.1dfh.de\/wordpress\/wp-json\/wp\/v2\/media?parent=5228"}],"wp:term":[{"taxonomy":"category","embeddable":true,"href":"https:\/\/wp.1dfh.de\/wordpress\/wp-json\/wp\/v2\/categories?post=5228"},{"taxonomy":"post_tag","embeddable":true,"href":"https:\/\/wp.1dfh.de\/wordpress\/wp-json\/wp\/v2\/tags?post=5228"}],"curies":[{"name":"wp","href":"https:\/\/api.w.org\/{rel}","templated":true}]}}