{"id":6176,"date":"2009-11-24T16:13:08","date_gmt":"2009-11-24T15:13:08","guid":{"rendered":"http:\/\/wp.1dfh.de\/wordpress\/?p=6176"},"modified":"2009-11-24T16:30:01","modified_gmt":"2009-11-24T15:30:01","slug":"flugplatzfest-beim-aeroclub-goppingen-11-12-09-2010","status":"publish","type":"post","link":"https:\/\/wp.1dfh.de\/wordpress\/flugplatzfest-beim-aeroclub-goppingen-11-12-09-2010\/","title":{"rendered":"Flugplatzfest beim AeroClub G\u00f6ppingen  11.-12.09.2010"},"content":{"rendered":"<p><em> <\/em><\/p>\n<figure style=\"width: 280px\" class=\"wp-caption alignright\"><em><em><a href=\"http:\/\/www.aeroclub-gs.de\" target=\"_blank\"><img loading=\"lazy\" decoding=\"async\" class=\" \" title=\"AeroClub G\u00f6ppingen-Salach e.V.\" src=\"http:\/\/www.aeroclub-gs.de\/bilder\/AeroClub-Logo_Vorabzug.jpg\" alt=\"AeroClub G\u00f6ppingen-Salach e.V.\" width=\"280\" height=\"53\" \/><\/a><\/em><\/em><figcaption class=\"wp-caption-text\">AeroClub G\u00f6ppingen-Salach e.V.<\/figcaption><\/figure>\n<p><em> <\/em><\/p>\n<p>Am 11.\/12. September 2010 f\u00fchrt der AeroClub G\u00f6ppingen &#8211; Salach seinen Flugtag  auf dem Fluggel\u00e4nde Gruibingen &#8211; Nortel durch.<\/p>\n<ul>\n<li>Weitere Infos sobald bekannt hier.<\/li>\n<\/ul>\n<p>[gmap]<\/p>\n<p>Quelle: <a href=\"http:\/\/www.aeroclub-gs.de\/\" target=\"_blank\">Aeroclub-gs<\/a><\/p>\n<div class=\"ngg-related-gallery\">\n\t\t\t<a href=\"https:\/\/wp.1dfh.de\/wordpress\/wp-content\/gallery\/hubschraubereinsatz-georgenberg\/1dfh-georgenberg-180809-039.jpg?t=1770670104\"\n\t\t\ttitle=\" \"\n\t\t\t\t\t\t\t\t\t\t\t\t\t\t\t data-image-id=\"2132\" data-src=\"https:\/\/wp.1dfh.de\/wordpress\/wp-content\/gallery\/hubschraubereinsatz-georgenberg\/1dfh-georgenberg-180809-039.jpg?t=1770670104\" data-thumbnail=\"https:\/\/wp.1dfh.de\/wordpress\/wp-content\/gallery\/hubschraubereinsatz-georgenberg\/cache\/1dfh-georgenberg-180809-039.jpg-nggid042132-ngg0dyn-100x100x100-00f0w010c011r110f110r010t010.jpg?t=1770670104\" data-title=\"1dfh-georgenberg-180809-039\" data-description=\" \">\n\t\t\t<img title=\"1dfh-georgenberg-180809-039\"\n\t\t\t\talt=\"1dfh-georgenberg-180809-039\"\n\t\t\t\tdata-image-id=\"2132\"\n\t\t\t\tsrc=\"\"\/>\n\t\t<\/a>\n\t\t\t<a href=\"https:\/\/wp.1dfh.de\/wordpress\/wp-content\/gallery\/flugplatzfest-degerfeld-2009\/1dfh-degerfeld-290809-024.jpg?t=1770668311\"\n\t\t\ttitle=\" \"\n\t\t\t\t\t\t\t\t\t\t\t\t\t\t\t data-image-id=\"2421\" data-src=\"https:\/\/wp.1dfh.de\/wordpress\/wp-content\/gallery\/flugplatzfest-degerfeld-2009\/1dfh-degerfeld-290809-024.jpg?t=1770668311\" data-thumbnail=\"https:\/\/wp.1dfh.de\/wordpress\/wp-content\/gallery\/flugplatzfest-degerfeld-2009\/cache\/1dfh-degerfeld-290809-024.jpg-nggid042421-ngg0dyn-100x100x100-00f0w010c011r110f110r010t010.jpg?t=1770668311\" data-title=\"1dfh-degerfeld-290809-024\" data-description=\" \">\n\t\t\t<img title=\"1dfh-degerfeld-290809-024\"\n\t\t\t\talt=\"1dfh-degerfeld-290809-024\"\n\t\t\t\tdata-image-id=\"2421\"\n\t\t\t\tsrc=\"\"\/>\n\t\t<\/a>\n\t\t\t<a href=\"https:\/\/wp.1dfh.de\/wordpress\/wp-content\/gallery\/aero-2010\/img_7241-1.jpg?t=1773331783\"\n\t\t\ttitle=\"Swift,D-9107, Henry Bohlig,\"\n\t\t\t\t\t\t\t\t\t\t\t\t\t\t\t data-image-id=\"4860\" data-src=\"https:\/\/wp.1dfh.de\/wordpress\/wp-content\/gallery\/aero-2010\/img_7241-1.jpg?t=1773331783\" data-thumbnail=\"https:\/\/wp.1dfh.de\/wordpress\/wp-content\/gallery\/aero-2010\/cache\/img_7241-1.jpg-nggid044860-ngg0dyn-100x100x100-00f0w010c011r110f110r010t010.jpg?t=1773331783\" data-title=\"img_7241-1\" data-description=\"Swift,D-9107, Henry Bohlig,\">\n\t\t\t<img title=\"img_7241-1\"\n\t\t\t\talt=\"img_7241-1\"\n\t\t\t\tdata-image-id=\"4860\"\n\t\t\t\tsrc=\"\"\/>\n\t\t<\/a>\n\t\t\t<a href=\"https:\/\/wp.1dfh.de\/wordpress\/wp-content\/gallery\/rbar-interlaken-2007\/1dfh-rba-il07-101.jpg?t=1773331783\"\n\t\t\ttitle=\"Red Bull Air Race Interlaken 2007\"\n\t\t\t\t\t\t\t\t\t\t\t\t\t\t\t data-image-id=\"5402\" data-src=\"https:\/\/wp.1dfh.de\/wordpress\/wp-content\/gallery\/rbar-interlaken-2007\/1dfh-rba-il07-101.jpg?t=1773331783\" data-thumbnail=\"https:\/\/wp.1dfh.de\/wordpress\/wp-content\/gallery\/rbar-interlaken-2007\/cache\/1dfh-rba-il07-101.jpg-nggid045402-ngg0dyn-100x100x100-00f0w010c011r110f110r010t010.jpg?t=1773331783\" data-title=\"Red Bull Air Race Interlaken 2007\" data-description=\"Red Bull Air Race Interlaken 2007\">\n\t\t\t<img title=\"Red Bull Air Race Interlaken 2007\"\n\t\t\t\talt=\"Red Bull Air Race Interlaken 2007\"\n\t\t\t\tdata-image-id=\"5402\"\n\t\t\t\tsrc=\"\"\/>\n\t\t<\/a>\n\t\t\t<a href=\"https:\/\/wp.1dfh.de\/wordpress\/wp-content\/gallery\/rbar-interlaken-2007\/1dfh-rba-il07-102.jpg?t=1773331783\"\n\t\t\ttitle=\"Red Bull Air Race Interlaken 2007\"\n\t\t\t\t\t\t\t\t\t\t\t\t\t\t\t data-image-id=\"5403\" data-src=\"https:\/\/wp.1dfh.de\/wordpress\/wp-content\/gallery\/rbar-interlaken-2007\/1dfh-rba-il07-102.jpg?t=1773331783\" data-thumbnail=\"https:\/\/wp.1dfh.de\/wordpress\/wp-content\/gallery\/rbar-interlaken-2007\/cache\/1dfh-rba-il07-102.jpg-nggid045403-ngg0dyn-100x100x100-00f0w010c011r110f110r010t010.jpg?t=1773331783\" data-title=\"Red Bull Air Race Interlaken 2007\" data-description=\"Red Bull Air Race Interlaken 2007\">\n\t\t\t<img title=\"Red Bull Air Race Interlaken 2007\"\n\t\t\t\talt=\"Red Bull Air Race Interlaken 2007\"\n\t\t\t\tdata-image-id=\"5403\"\n\t\t\t\tsrc=\"\"\/>\n\t\t<\/a>\n\t\t\t<a href=\"https:\/\/wp.1dfh.de\/wordpress\/wp-content\/gallery\/rbar-interlaken-2007\/1dfh-rba-il07-103.jpg?t=1773331793\"\n\t\t\ttitle=\"Red Bull Air Race Interlaken 2007\"\n\t\t\t\t\t\t\t\t\t\t\t\t\t\t\t data-image-id=\"5404\" data-src=\"https:\/\/wp.1dfh.de\/wordpress\/wp-content\/gallery\/rbar-interlaken-2007\/1dfh-rba-il07-103.jpg?t=1773331793\" data-thumbnail=\"https:\/\/wp.1dfh.de\/wordpress\/wp-content\/gallery\/rbar-interlaken-2007\/cache\/1dfh-rba-il07-103.jpg-nggid045404-ngg0dyn-100x100x100-00f0w010c011r110f110r010t010.jpg?t=1773331793\" data-title=\"Red Bull Air Race Interlaken 2007\" data-description=\"Red Bull Air Race Interlaken 2007\">\n\t\t\t<img title=\"Red Bull Air Race Interlaken 2007\"\n\t\t\t\talt=\"Red Bull Air Race Interlaken 2007\"\n\t\t\t\tdata-image-id=\"5404\"\n\t\t\t\tsrc=\"\"\/>\n\t\t<\/a>\n\t\t\t<a href=\"https:\/\/wp.1dfh.de\/wordpress\/wp-content\/gallery\/rbar-interlaken-2007\/1dfh-rba-il07-104.jpg?t=1773331783\"\n\t\t\ttitle=\"Red Bull Air Race Interlaken 2007\"\n\t\t\t\t\t\t\t\t\t\t\t\t\t\t\t data-image-id=\"5405\" data-src=\"https:\/\/wp.1dfh.de\/wordpress\/wp-content\/gallery\/rbar-interlaken-2007\/1dfh-rba-il07-104.jpg?t=1773331783\" data-thumbnail=\"https:\/\/wp.1dfh.de\/wordpress\/wp-content\/gallery\/rbar-interlaken-2007\/cache\/1dfh-rba-il07-104.jpg-nggid045405-ngg0dyn-100x100x100-00f0w010c011r110f110r010t010.jpg?t=1773331783\" data-title=\"Red Bull Air Race Interlaken 2007\" data-description=\"Red Bull Air Race Interlaken 2007\">\n\t\t\t<img title=\"Red Bull Air Race Interlaken 2007\"\n\t\t\t\talt=\"Red Bull Air Race Interlaken 2007\"\n\t\t\t\tdata-image-id=\"5405\"\n\t\t\t\tsrc=\"\"\/>\n\t\t<\/a>\n\t<\/div>\n","protected":false},"excerpt":{"rendered":"<p>Am 11.\/12. September 2010 f\u00fchrt der AeroClub G\u00f6ppingen &#8211; Salach seinen Flugtag auf dem Fluggel\u00e4nde Gruibingen &#8211; Nortel durch. Weitere Infos sobald bekannt hier. [gmap] Quelle: Aeroclub-gs<\/p>\n","protected":false},"author":2,"featured_media":0,"comment_status":"open","ping_status":"open","sticky":false,"template":"","format":"standard","meta":{"ngg_post_thumbnail":0,"footnotes":""},"categories":[18,9],"tags":[1435,11147,11181,11195,11218,11330],"class_list":["post-6176","post","type-post","status-publish","format-standard","hentry","category-flugveranstaltungen","category-termine","tag-aeroclub-goppingen","tag-flugplatzfest","tag-hubschraubermodell","tag-kunstflug","tag-modellflug","tag-motorkunstflug"],"_links":{"self":[{"href":"https:\/\/wp.1dfh.de\/wordpress\/wp-json\/wp\/v2\/posts\/6176","targetHints":{"allow":["GET"]}}],"collection":[{"href":"https:\/\/wp.1dfh.de\/wordpress\/wp-json\/wp\/v2\/posts"}],"about":[{"href":"https:\/\/wp.1dfh.de\/wordpress\/wp-json\/wp\/v2\/types\/post"}],"author":[{"embeddable":true,"href":"https:\/\/wp.1dfh.de\/wordpress\/wp-json\/wp\/v2\/users\/2"}],"replies":[{"embeddable":true,"href":"https:\/\/wp.1dfh.de\/wordpress\/wp-json\/wp\/v2\/comments?post=6176"}],"version-history":[{"count":0,"href":"https:\/\/wp.1dfh.de\/wordpress\/wp-json\/wp\/v2\/posts\/6176\/revisions"}],"wp:attachment":[{"href":"https:\/\/wp.1dfh.de\/wordpress\/wp-json\/wp\/v2\/media?parent=6176"}],"wp:term":[{"taxonomy":"category","embeddable":true,"href":"https:\/\/wp.1dfh.de\/wordpress\/wp-json\/wp\/v2\/categories?post=6176"},{"taxonomy":"post_tag","embeddable":true,"href":"https:\/\/wp.1dfh.de\/wordpress\/wp-json\/wp\/v2\/tags?post=6176"}],"curies":[{"name":"wp","href":"https:\/\/api.w.org\/{rel}","templated":true}]}}