{"id":6240,"date":"2009-11-28T17:14:01","date_gmt":"2009-11-28T16:14:01","guid":{"rendered":"http:\/\/wp.1dfh.de\/wordpress\/?p=6240"},"modified":"2010-06-01T09:58:54","modified_gmt":"2010-06-01T07:58:54","slug":"flugtag-mit-freundschaftsfliegen-in-horb-19-20-06-2010","status":"publish","type":"post","link":"https:\/\/wp.1dfh.de\/wordpress\/flugtag-mit-freundschaftsfliegen-in-horb-19-20-06-2010\/","title":{"rendered":"Flugtag mit Freundschaftsfliegen in Horb 19.06. &#8211; 20.06.2010"},"content":{"rendered":"<dl id=\"attachment_2258\" class=\"wp-caption alignright\" style=\"width: 210px;\">\n<dt class=\"wp-caption-dt\"><a href=\"http:\/\/www.mfv-horb.de\" target=\"_blank\"><img loading=\"lazy\" decoding=\"async\" class=\"size-thumbnail wp-image-2258  \" title=\"modellflugvereinigung-horb-ev\" src=\"http:\/\/www.mfv-horb.de\/images\/stories\/Bilder\/mfv%20logo.jpg\" alt=\"Modellflugvereinigung Horb e.V.\" width=\"200\" height=\"200\" \/><\/a><\/dt>\n<dd class=\"wp-caption-dd\">Modellflugvereinigung Horb e.V.<\/dd>\n<\/dl>\n<p>&#8212;Vorank\u00fcndigung&#8212;<\/p>\n<p><a href=\"http:\/\/www.mfv-horb.de\/index.php?option=com_content&amp;view=article&amp;id=2&amp;Itemid=48\" target=\"_blank\"><img loading=\"lazy\" decoding=\"async\" class=\"size-medium wp-image-11133 alignright\" title=\"flpf2010-horb-plakat\" src=\"http:\/\/wp.1dfh.de\/wordpress\/wp-content\/uploads\/flpf2010-horb-plakat-211x300.png\" alt=\"\" width=\"211\" height=\"300\" srcset=\"https:\/\/wp.1dfh.de\/wordpress\/wp-content\/uploads\/flpf2010-horb-plakat-211x300.png 211w, https:\/\/wp.1dfh.de\/wordpress\/wp-content\/uploads\/flpf2010-horb-plakat-105x150.png 105w, https:\/\/wp.1dfh.de\/wordpress\/wp-content\/uploads\/flpf2010-horb-plakat-400x568.png 400w, https:\/\/wp.1dfh.de\/wordpress\/wp-content\/uploads\/flpf2010-horb-plakat.png 800w\" sizes=\"auto, (max-width: 211px) 100vw, 211px\" \/><\/a>Flugtag und Freundschaftsfliegen Samstag 19. Juni und Sonntag 20. Juni 2010<\/p>\n<ul>\n<li>M\u00f6glichkeit zum Campen und \u00dcbernachten sind gegeben!<\/li>\n<\/ul>\n<ul>\n<li>Campingplatz in ca. 1 km Entfernung mit Blick auf Platz, oder Camping auf Fluggel\u00e4nde!<\/li>\n<\/ul>\n<ul>\n<li>An diesem Wochenende hat man auch die M\u00f6glichkeit den Flugtag mit einem Besuch der &#8222;Ritterspiele&#8220; in Horb am Neckar zu verbinden. <a href=\"http:\/\/www.ritterspiele.com\" target=\"_blank\"><strong>14. Maximilian Ritterspiele vom 18. bis        20. Juni 2010<\/strong><\/a><\/li>\n<\/ul>\n<p>Es kann ALLES geflogen werden bis 25 KG Abfluggewicht,<\/p>\n<p><img loading=\"lazy\" decoding=\"async\" class=\"alignnone\" src=\"http:\/\/www.mfv-horb.de\/images\/stories\/Bilder\/mfv%20freundschaft.jpg\" alt=\"\" width=\"627\" height=\"420\" \/><\/p>\n<p><span style=\"font-size: 24px;\"><em> <\/em><\/span><\/p>\n<p><span style=\"font-size: 24px;\"><em> <\/em><\/span><\/p>\n<p><span style=\"font-size: 24px;\"><em> <\/em><\/span><\/p>\n<p><span style=\"font-size: 24px;\"><em> <\/em><\/span><\/p>\n<p>[gmap]<\/p>\n<p>Quelle: <a href=\"http:\/\/mfv-horb.de\" target=\"_blank\">mfv-horb<\/a><\/p>\n<div class=\"ngg-related-gallery\">\n\t\t\t<a href=\"https:\/\/wp.1dfh.de\/wordpress\/wp-content\/gallery\/17-maximilian-ritterspiele-horb-15-06-2013\/maximilianritterspielehor3.jpg?t=1773485342\"\n\t\t\ttitle=\"Maximilian Ritterspiele Horb\"\n\t\t\t\t\t\t\t\t\t\t\t\t\t\t\t data-image-id=\"27438\" data-src=\"https:\/\/wp.1dfh.de\/wordpress\/wp-content\/gallery\/17-maximilian-ritterspiele-horb-15-06-2013\/maximilianritterspielehor3.jpg?t=1773485342\" data-thumbnail=\"https:\/\/wp.1dfh.de\/wordpress\/wp-content\/gallery\/17-maximilian-ritterspiele-horb-15-06-2013\/cache\/maximilianritterspielehor3.jpg-nggid0527438-ngg0dyn-100x100x100-00f0w010c011r110f110r010t010.jpg?t=1773485342\" data-title=\"Maximilian Ritterspiele Horb\" data-description=\"Maximilian Ritterspiele Horb\">\n\t\t\t<img title=\"Maximilian Ritterspiele Horb\"\n\t\t\t\talt=\"Maximilian Ritterspiele Horb\"\n\t\t\t\tdata-image-id=\"27438\"\n\t\t\t\tsrc=\"\"\/>\n\t\t<\/a>\n\t\t\t<a href=\"https:\/\/wp.1dfh.de\/wordpress\/wp-content\/gallery\/modellflugtag-modellflugclub-untermunkheim-e-v-30-06-2013\/modellflugtag-mfc-untermuenkheim30062013.jpg?t=1775664101\"\n\t\t\ttitle=\"40 Jahre MFC-Unterm\u00fcnkheim\"\n\t\t\t\t\t\t\t\t\t\t\t\t\t\t\t data-image-id=\"28191\" data-src=\"https:\/\/wp.1dfh.de\/wordpress\/wp-content\/gallery\/modellflugtag-modellflugclub-untermunkheim-e-v-30-06-2013\/modellflugtag-mfc-untermuenkheim30062013.jpg?t=1775664101\" data-thumbnail=\"https:\/\/wp.1dfh.de\/wordpress\/wp-content\/gallery\/modellflugtag-modellflugclub-untermunkheim-e-v-30-06-2013\/cache\/modellflugtag-mfc-untermuenkheim30062013.jpg-nggid0528191-ngg0dyn-100x100x100-00f0w010c011r110f110r010t010.jpg?t=1775664101\" data-title=\"40 Jahre MFC-Unterm\u00fcnkheim\" data-description=\"40 Jahre MFC-Unterm\u00fcnkheim\">\n\t\t\t<img title=\"40 Jahre MFC-Unterm\u00fcnkheim\"\n\t\t\t\talt=\"40 Jahre MFC-Unterm\u00fcnkheim\"\n\t\t\t\tdata-image-id=\"28191\"\n\t\t\t\tsrc=\"\"\/>\n\t\t<\/a>\n\t\t\t<a href=\"https:\/\/wp.1dfh.de\/wordpress\/wp-content\/gallery\/2-oldtimer-und-luftfahrtfestival-in-eutingen-gaeu-01-06-2014\/1dfh-01062014-534.jpg?t=1773485342\"\n\t\t\ttitle=\"18. Maximilian Ritterspiele, Horb, Ritterspiele\"\n\t\t\t\t\t\t\t\t\t\t\t\t\t\t\t data-image-id=\"38267\" data-src=\"https:\/\/wp.1dfh.de\/wordpress\/wp-content\/gallery\/2-oldtimer-und-luftfahrtfestival-in-eutingen-gaeu-01-06-2014\/1dfh-01062014-534.jpg?t=1773485342\" data-thumbnail=\"https:\/\/wp.1dfh.de\/wordpress\/wp-content\/gallery\/2-oldtimer-und-luftfahrtfestival-in-eutingen-gaeu-01-06-2014\/cache\/1dfh-01062014-534.jpg-nggid0538267-ngg0dyn-100x100x100-00f0w010c011r110f110r010t010.jpg?t=1773485342\" data-title=\"18. Maximilian Ritterspiele\" data-description=\"18. Maximilian Ritterspiele, Horb, Ritterspiele\">\n\t\t\t<img title=\"18. Maximilian Ritterspiele\"\n\t\t\t\talt=\"18. Maximilian Ritterspiele\"\n\t\t\t\tdata-image-id=\"38267\"\n\t\t\t\tsrc=\"\"\/>\n\t\t<\/a>\n\t\t\t<a href=\"https:\/\/wp.1dfh.de\/wordpress\/wp-content\/gallery\/flugplatzfest-mit-oldtimertreffen-fliegergruppe-huelben-e-v-27-07-2014\/1-gute-huelben.jpg?t=1773792456\"\n\t\t\ttitle=\"Flugplatzfest Fliegergruppe H\u00fclben e.V. 2014\"\n\t\t\t\t\t\t\t\t\t\t\t\t\t\t\t data-image-id=\"40970\" data-src=\"https:\/\/wp.1dfh.de\/wordpress\/wp-content\/gallery\/flugplatzfest-mit-oldtimertreffen-fliegergruppe-huelben-e-v-27-07-2014\/1-gute-huelben.jpg?t=1773792456\" data-thumbnail=\"https:\/\/wp.1dfh.de\/wordpress\/wp-content\/gallery\/flugplatzfest-mit-oldtimertreffen-fliegergruppe-huelben-e-v-27-07-2014\/cache\/1-gute-huelben.jpg-nggid0540970-ngg0dyn-100x100x100-00f0w010c011r110f110r010t010.jpg?t=1773792456\" data-title=\"Flugplatzfest Fliegergruppe H\u00fclben e.V. 2014\" data-description=\"Flugplatzfest Fliegergruppe H\u00fclben e.V. 2014\">\n\t\t\t<img title=\"Flugplatzfest Fliegergruppe H\u00fclben e.V. 2014\"\n\t\t\t\talt=\"Flugplatzfest Fliegergruppe H\u00fclben e.V. 2014\"\n\t\t\t\tdata-image-id=\"40970\"\n\t\t\t\tsrc=\"\"\/>\n\t\t<\/a>\n\t\t\t<a href=\"https:\/\/wp.1dfh.de\/wordpress\/wp-content\/gallery\/boeblinger-modellflugtage-28-09-2014\/01-1dfh-28092014-000.jpg?t=1770668488\"\n\t\t\ttitle=\"B\u00f6blinger Modellflugtage 28.09.2014\"\n\t\t\t\t\t\t\t\t\t\t\t\t\t\t\t data-image-id=\"43092\" data-src=\"https:\/\/wp.1dfh.de\/wordpress\/wp-content\/gallery\/boeblinger-modellflugtage-28-09-2014\/01-1dfh-28092014-000.jpg?t=1770668488\" data-thumbnail=\"https:\/\/wp.1dfh.de\/wordpress\/wp-content\/gallery\/boeblinger-modellflugtage-28-09-2014\/cache\/01-1dfh-28092014-000.jpg-nggid0543092-ngg0dyn-100x100x100-00f0w010c011r110f110r010t010.jpg?t=1770668488\" data-title=\"B\u00f6blinger Modellflugtage 28.09.2014\" data-description=\"B\u00f6blinger Modellflugtage 28.09.2014\">\n\t\t\t<img title=\"B\u00f6blinger Modellflugtage 28.09.2014\"\n\t\t\t\talt=\"B\u00f6blinger Modellflugtage 28.09.2014\"\n\t\t\t\tdata-image-id=\"43092\"\n\t\t\t\tsrc=\"\"\/>\n\t\t<\/a>\n\t\t\t<a href=\"https:\/\/wp.1dfh.de\/wordpress\/wp-content\/gallery\/boeblinger-modellflugtage-28-09-2014\/02-1dfh-28092014-001.jpg?t=1770668488\"\n\t\t\ttitle=\"B\u00f6blinger Modellflugtage 28.09.2014\"\n\t\t\t\t\t\t\t\t\t\t\t\t\t\t\t data-image-id=\"43093\" data-src=\"https:\/\/wp.1dfh.de\/wordpress\/wp-content\/gallery\/boeblinger-modellflugtage-28-09-2014\/02-1dfh-28092014-001.jpg?t=1770668488\" data-thumbnail=\"https:\/\/wp.1dfh.de\/wordpress\/wp-content\/gallery\/boeblinger-modellflugtage-28-09-2014\/cache\/02-1dfh-28092014-001.jpg-nggid0543093-ngg0dyn-100x100x100-00f0w010c011r110f110r010t010.jpg?t=1770668488\" data-title=\"B\u00f6blinger Modellflugtage 28.09.2014\" data-description=\"B\u00f6blinger Modellflugtage 28.09.2014\">\n\t\t\t<img title=\"B\u00f6blinger Modellflugtage 28.09.2014\"\n\t\t\t\talt=\"B\u00f6blinger Modellflugtage 28.09.2014\"\n\t\t\t\tdata-image-id=\"43093\"\n\t\t\t\tsrc=\"\"\/>\n\t\t<\/a>\n\t\t\t<a href=\"https:\/\/wp.1dfh.de\/wordpress\/wp-content\/gallery\/boeblinger-modellflugtage-28-09-2014\/03-1dfh-28092014-002.jpg?t=1770668488\"\n\t\t\ttitle=\"B\u00f6blinger Modellflugtage 28.09.2014\"\n\t\t\t\t\t\t\t\t\t\t\t\t\t\t\t data-image-id=\"43094\" data-src=\"https:\/\/wp.1dfh.de\/wordpress\/wp-content\/gallery\/boeblinger-modellflugtage-28-09-2014\/03-1dfh-28092014-002.jpg?t=1770668488\" data-thumbnail=\"https:\/\/wp.1dfh.de\/wordpress\/wp-content\/gallery\/boeblinger-modellflugtage-28-09-2014\/cache\/03-1dfh-28092014-002.jpg-nggid0543094-ngg0dyn-100x100x100-00f0w010c011r110f110r010t010.jpg?t=1770668488\" data-title=\"B\u00f6blinger Modellflugtage 28.09.2014\" data-description=\"B\u00f6blinger Modellflugtage 28.09.2014\">\n\t\t\t<img title=\"B\u00f6blinger Modellflugtage 28.09.2014\"\n\t\t\t\talt=\"B\u00f6blinger Modellflugtage 28.09.2014\"\n\t\t\t\tdata-image-id=\"43094\"\n\t\t\t\tsrc=\"\"\/>\n\t\t<\/a>\n\t<\/div>\n","protected":false},"excerpt":{"rendered":"<p>Modellflugvereinigung Horb e.V. &#8212;Vorank\u00fcndigung&#8212; Flugtag und Freundschaftsfliegen Samstag 19. Juni und Sonntag 20. Juni 2010 M\u00f6glichkeit zum Campen und \u00dcbernachten sind gegeben! Campingplatz in ca. 1 km Entfernung mit Blick auf Platz, oder Camping auf Fluggel\u00e4nde! An diesem Wochenende hat man auch die M\u00f6glichkeit den Flugtag mit einem Besuch der &#8222;Ritterspiele&#8220; in Horb am Neckar &hellip; <a href=\"https:\/\/wp.1dfh.de\/wordpress\/flugtag-mit-freundschaftsfliegen-in-horb-19-20-06-2010\/\" class=\"more-link\"><span class=\"screen-reader-text\">Flugtag mit Freundschaftsfliegen in Horb 19.06. &#8211; 20.06.2010<\/span> weiterlesen <span class=\"meta-nav\">&rarr;<\/span><\/a><\/p>\n","protected":false},"author":2,"featured_media":11133,"comment_status":"open","ping_status":"open","sticky":false,"template":"","format":"standard","meta":{"ngg_post_thumbnail":0,"footnotes":""},"categories":[1,18],"tags":[3565,11160,11214,11224,588,11577],"class_list":["post-6240","post","type-post","status-publish","format-standard","has-post-thumbnail","hentry","category-allgemeines","category-flugveranstaltungen","tag-flugtag-mit-freundschaftsfliegen-in-horb-19-06-20-06-2010","tag-freundschaftsfliegen","tag-mfv-horb-e-v","tag-modellflugtag","tag-modellflugvereinigung-horb-e-v","tag-ritterspiele"],"_links":{"self":[{"href":"https:\/\/wp.1dfh.de\/wordpress\/wp-json\/wp\/v2\/posts\/6240","targetHints":{"allow":["GET"]}}],"collection":[{"href":"https:\/\/wp.1dfh.de\/wordpress\/wp-json\/wp\/v2\/posts"}],"about":[{"href":"https:\/\/wp.1dfh.de\/wordpress\/wp-json\/wp\/v2\/types\/post"}],"author":[{"embeddable":true,"href":"https:\/\/wp.1dfh.de\/wordpress\/wp-json\/wp\/v2\/users\/2"}],"replies":[{"embeddable":true,"href":"https:\/\/wp.1dfh.de\/wordpress\/wp-json\/wp\/v2\/comments?post=6240"}],"version-history":[{"count":0,"href":"https:\/\/wp.1dfh.de\/wordpress\/wp-json\/wp\/v2\/posts\/6240\/revisions"}],"wp:featuredmedia":[{"embeddable":true,"href":"https:\/\/wp.1dfh.de\/wordpress\/wp-json\/wp\/v2\/media\/11133"}],"wp:attachment":[{"href":"https:\/\/wp.1dfh.de\/wordpress\/wp-json\/wp\/v2\/media?parent=6240"}],"wp:term":[{"taxonomy":"category","embeddable":true,"href":"https:\/\/wp.1dfh.de\/wordpress\/wp-json\/wp\/v2\/categories?post=6240"},{"taxonomy":"post_tag","embeddable":true,"href":"https:\/\/wp.1dfh.de\/wordpress\/wp-json\/wp\/v2\/tags?post=6240"}],"curies":[{"name":"wp","href":"https:\/\/api.w.org\/{rel}","templated":true}]}}