{"id":9440,"date":"2011-02-27T21:20:45","date_gmt":"2011-02-27T20:20:45","guid":{"rendered":"http:\/\/wp.1dfh.de\/wordpress\/?p=9440"},"modified":"2013-03-08T09:21:42","modified_gmt":"2013-03-08T08:21:42","slug":"2-rotor-live-iffezheim-12-03-13-03-2011","status":"publish","type":"post","link":"https:\/\/wp.1dfh.de\/wordpress\/2-rotor-live-iffezheim-12-03-13-03-2011\/","title":{"rendered":"2. ROTOR live Iffezheim 12.03. \u2013 13.03.2011"},"content":{"rendered":"<figure id=\"attachment_9263\" aria-describedby=\"caption-attachment-9263\" style=\"width: 155px\" class=\"wp-caption alignright\"><a href=\"http:\/\/www.rotor-live.de\"><img loading=\"lazy\" decoding=\"async\" class=\"size-medium wp-image-9263  \" title=\"2. Rotor Live\" src=\"http:\/\/wp.1dfh.de\/wordpress\/wp-content\/uploads\/rotor-live-logo_480-258x300.jpg\" alt=\"2. Rotor Live\" width=\"155\" height=\"180\" srcset=\"https:\/\/wp.1dfh.de\/wordpress\/wp-content\/uploads\/rotor-live-logo_480-258x300.jpg 258w, https:\/\/wp.1dfh.de\/wordpress\/wp-content\/uploads\/rotor-live-logo_480-129x150.jpg 129w, https:\/\/wp.1dfh.de\/wordpress\/wp-content\/uploads\/rotor-live-logo_480-400x465.jpg 400w, https:\/\/wp.1dfh.de\/wordpress\/wp-content\/uploads\/rotor-live-logo_480.jpg 480w\" sizes=\"auto, (max-width: 155px) 100vw, 155px\" \/><\/a><figcaption id=\"caption-attachment-9263\" class=\"wp-caption-text\">2. Rotor Live<\/figcaption><\/figure>\n<p><strong>\u00dcber 50 Aussteller bei ROTOR live 2011<\/strong> <em>Am 12. und 13. M\u00e4rz 2011 \u00f6ffnet die Modellhubschrauber-Fachmesse ROTOR live zum zweiten Mal ihre Pforten f\u00fcr Besucher aus der ganzen Welt. Inzwischen haben sich 48 Aussteller aus ganz Europa angemeldet \u2013 ein Plus von \u00fcber 40 Prozent gegen\u00fcber der Auftakt-Veranstaltung.<\/em> <em> <\/em>Dies zeigt einmal mehr, dass das Konzept einer Sparten-Messe f\u00fcr Modellhubschrauber-Piloten absolut richtig ist. Die Besucher (im vergangenen Jahr auf Grund eines erneuten Wintereinbruchs bei schlechtesten Stra\u00dfenverh\u00e4ltnissen \u00fcber 7.000, so dass 2011 auch hier mit einem deutlichen Plus gerechnet wird) k\u00f6nnen sich alle f\u00fcr sie interessanten Produkte live ansehen, von den Fachleuten und Piloten der Firmen erkl\u00e4ren lassen und gr\u00f6\u00dftenteils auch im Flug betrachten. Auch dieses Mal stehen Unternehmen aus allen Bereichen des Modellhubschrauberfliegens, ob Scale, 3D, F3C, Elektronik oder auch Turbinenantriebe, auf der Ausstellerliste.<\/p>\n<ul>\n<li><a title=\"Flugschau und Vortr\u00e4ge Samstag\" href=\"http:\/\/wp.1dfh.de\/wordpress\/?p=14603\">Flugschau und Vortr\u00e4ge Samstag<\/a><\/li>\n<li><a title=\"Flugschau und Vortr\u00e4ge Sonntag\" href=\"http:\/\/wp.1dfh.de\/wordpress\/?p=14606\">Flugschau und Vortr\u00e4ge Sonntag<\/a><\/li>\n<\/ul>\n<p>[smooth=id:137;]<\/p>\nngg_shortcode_0_placeholder\n<p>[gmap]<\/p>\n<div class=\"ngg-related-gallery\">\n\t\t\t<a href=\"https:\/\/wp.1dfh.de\/wordpress\/wp-content\/gallery\/3-tp-tr-rt\/IMG_1139.jpg?t=1773405239\"\n\t\t\ttitle=\"Robert Sixt\"\n\t\t\t\t\t\t\t\t\t\t\t\t\t\t\t data-image-id=\"879\" data-src=\"https:\/\/wp.1dfh.de\/wordpress\/wp-content\/gallery\/3-tp-tr-rt\/IMG_1139.jpg?t=1773405239\" data-thumbnail=\"https:\/\/wp.1dfh.de\/wordpress\/wp-content\/gallery\/3-tp-tr-rt\/cache\/IMG_1139.jpg-nggid03879-ngg0dyn-100x100x100-00f0w010c011r110f110r010t010.jpg?t=1773405239\" data-title=\"IMG_1139\" data-description=\"Robert Sixt\">\n\t\t\t<img title=\"IMG_1139\"\n\t\t\t\talt=\"IMG_1139\"\n\t\t\t\tdata-image-id=\"879\"\n\t\t\t\tsrc=\"\"\/>\n\t\t<\/a>\n\t\t\t<a href=\"https:\/\/wp.1dfh.de\/wordpress\/wp-content\/gallery\/3-tp-tr-rt\/IMG_1277.jpg?t=1773405239\"\n\t\t\ttitle=\"Robert Sixt\"\n\t\t\t\t\t\t\t\t\t\t\t\t\t\t\t data-image-id=\"894\" data-src=\"https:\/\/wp.1dfh.de\/wordpress\/wp-content\/gallery\/3-tp-tr-rt\/IMG_1277.jpg?t=1773405239\" data-thumbnail=\"https:\/\/wp.1dfh.de\/wordpress\/wp-content\/gallery\/3-tp-tr-rt\/cache\/IMG_1277.jpg-nggid03894-ngg0dyn-100x100x100-00f0w010c011r110f110r010t010.jpg?t=1773405239\" data-title=\"IMG_1277\" data-description=\"Robert Sixt\">\n\t\t\t<img title=\"IMG_1277\"\n\t\t\t\talt=\"IMG_1277\"\n\t\t\t\tdata-image-id=\"894\"\n\t\t\t\tsrc=\"\"\/>\n\t\t<\/a>\n\t\t\t<a href=\"https:\/\/wp.1dfh.de\/wordpress\/wp-content\/gallery\/3-tp-tr-rt\/IMG_1424.jpg?t=1773405239\"\n\t\t\ttitle=\"Robert Sixt, Nachtflug,\"\n\t\t\t\t\t\t\t\t\t\t\t\t\t\t\t data-image-id=\"900\" data-src=\"https:\/\/wp.1dfh.de\/wordpress\/wp-content\/gallery\/3-tp-tr-rt\/IMG_1424.jpg?t=1773405239\" data-thumbnail=\"https:\/\/wp.1dfh.de\/wordpress\/wp-content\/gallery\/3-tp-tr-rt\/cache\/IMG_1424.jpg-nggid03900-ngg0dyn-100x100x100-00f0w010c011r110f110r010t010.jpg?t=1773405239\" data-title=\"IMG_1424\" data-description=\"Robert Sixt, Nachtflug,\">\n\t\t\t<img title=\"IMG_1424\"\n\t\t\t\talt=\"IMG_1424\"\n\t\t\t\tdata-image-id=\"900\"\n\t\t\t\tsrc=\"\"\/>\n\t\t<\/a>\n\t\t\t<a href=\"https:\/\/wp.1dfh.de\/wordpress\/wp-content\/gallery\/3-tp-tr-rt\/IMG_1516.jpg?t=1770668399\"\n\t\t\ttitle=\"Robert Sixt, Nachtflug,\"\n\t\t\t\t\t\t\t\t\t\t\t\t\t\t\t data-image-id=\"901\" data-src=\"https:\/\/wp.1dfh.de\/wordpress\/wp-content\/gallery\/3-tp-tr-rt\/IMG_1516.jpg?t=1770668399\" data-thumbnail=\"https:\/\/wp.1dfh.de\/wordpress\/wp-content\/gallery\/3-tp-tr-rt\/cache\/IMG_1516.jpg-nggid03901-ngg0dyn-100x100x100-00f0w010c011r110f110r010t010.jpg?t=1770668399\" data-title=\"IMG_1516\" data-description=\"Robert Sixt, Nachtflug,\">\n\t\t\t<img title=\"IMG_1516\"\n\t\t\t\talt=\"IMG_1516\"\n\t\t\t\tdata-image-id=\"901\"\n\t\t\t\tsrc=\"\"\/>\n\t\t<\/a>\n\t\t\t<a href=\"https:\/\/wp.1dfh.de\/wordpress\/wp-content\/gallery\/3-tp-tr-rt\/IMG_1521.jpg?t=1773494654\"\n\t\t\ttitle=\"Robert Sixt, Nachtflug,\"\n\t\t\t\t\t\t\t\t\t\t\t\t\t\t\t data-image-id=\"902\" data-src=\"https:\/\/wp.1dfh.de\/wordpress\/wp-content\/gallery\/3-tp-tr-rt\/IMG_1521.jpg?t=1773494654\" data-thumbnail=\"https:\/\/wp.1dfh.de\/wordpress\/wp-content\/gallery\/3-tp-tr-rt\/cache\/IMG_1521.jpg-nggid03902-ngg0dyn-100x100x100-00f0w010c011r110f110r010t010.jpg?t=1773494654\" data-title=\"IMG_1521\" data-description=\"Robert Sixt, Nachtflug,\">\n\t\t\t<img title=\"IMG_1521\"\n\t\t\t\talt=\"IMG_1521\"\n\t\t\t\tdata-image-id=\"902\"\n\t\t\t\tsrc=\"\"\/>\n\t\t<\/a>\n\t\t\t<a href=\"https:\/\/wp.1dfh.de\/wordpress\/wp-content\/gallery\/aldingen2006\/ald06_0002.jpg?t=1773655245\"\n\t\t\ttitle=\"Mil Mi-24\"\n\t\t\t\t\t\t\t\t\t\t\t\t\t\t\t data-image-id=\"1117\" data-src=\"https:\/\/wp.1dfh.de\/wordpress\/wp-content\/gallery\/aldingen2006\/ald06_0002.jpg?t=1773655245\" data-thumbnail=\"https:\/\/wp.1dfh.de\/wordpress\/wp-content\/gallery\/aldingen2006\/cache\/ald06_0002.jpg-nggid041117-ngg0dyn-100x100x100-00f0w010c011r110f110r010t010.jpg?t=1773655245\" data-title=\"ald06_0002\" data-description=\"Mil Mi-24\">\n\t\t\t<img title=\"ald06_0002\"\n\t\t\t\talt=\"ald06_0002\"\n\t\t\t\tdata-image-id=\"1117\"\n\t\t\t\tsrc=\"\"\/>\n\t\t<\/a>\n\t\t\t<a href=\"https:\/\/wp.1dfh.de\/wordpress\/wp-content\/gallery\/neuheiten-2010\/mikado-neiheiten-2010.jpg?t=1773482999\"\n\t\t\ttitle=\"Mikado Neuheiten 2010\"\n\t\t\t\t\t\t\t\t\t\t\t\t\t\t\t data-image-id=\"3955\" data-src=\"https:\/\/wp.1dfh.de\/wordpress\/wp-content\/gallery\/neuheiten-2010\/mikado-neiheiten-2010.jpg?t=1773482999\" data-thumbnail=\"https:\/\/wp.1dfh.de\/wordpress\/wp-content\/gallery\/neuheiten-2010\/cache\/mikado-neiheiten-2010.jpg-nggid043955-ngg0dyn-100x100x100-00f0w010c011r110f110r010t010.jpg?t=1773482999\" data-title=\"Mikado Neuheiten 2010\" data-description=\"Mikado Neuheiten 2010\">\n\t\t\t<img title=\"Mikado Neuheiten 2010\"\n\t\t\t\talt=\"Mikado Neuheiten 2010\"\n\t\t\t\tdata-image-id=\"3955\"\n\t\t\t\tsrc=\"\"\/>\n\t\t<\/a>\n\t<\/div>\n","protected":false},"excerpt":{"rendered":"<p>\u00dcber 50 Aussteller bei ROTOR live 2011 Am 12. und 13. M\u00e4rz 2011 \u00f6ffnet die Modellhubschrauber-Fachmesse ROTOR live zum zweiten Mal ihre Pforten f\u00fcr Besucher aus der ganzen Welt. Inzwischen haben sich 48 Aussteller aus ganz Europa angemeldet \u2013 ein Plus von \u00fcber 40 Prozent gegen\u00fcber der Auftakt-Veranstaltung. Dies zeigt einmal mehr, dass das Konzept &hellip; <a href=\"https:\/\/wp.1dfh.de\/wordpress\/2-rotor-live-iffezheim-12-03-13-03-2011\/\" class=\"more-link\"><span class=\"screen-reader-text\">2. ROTOR live Iffezheim 12.03. \u2013 13.03.2011<\/span> weiterlesen <span class=\"meta-nav\">&rarr;<\/span><\/a><\/p>\n","protected":false},"author":2,"featured_media":9263,"comment_status":"open","ping_status":"open","sticky":false,"template":"","format":"standard","meta":{"ngg_post_thumbnail":0,"footnotes":""},"categories":[3,18,6,1315,9],"tags":[11892,4807,4809,4808,4810,4811,5210,4813,5213,5220,4812,4814,98,11769,5212,4815,4816,4817,11838,1971,4818,4819,2076,2358,4821,5214,5215,5219,4822,4823,4824,4825,4826,4827,4828,4829,4422,4056,11766,2081,12282,2075,11193,4830,5222,5218,12283,4831,4832,11486,4833,4834,4835,4836,4837,4838,11730,4839,5092,2082,4840,4841,4842,4843,5216,4844,11254,11733,11875,4845,11772,5211,4846,3476,2077,4847,4848,5223,5224,11562,4849],"class_list":["post-9440","post","type-post","status-publish","format-standard","has-post-thumbnail","hentry","category-aktuelles","category-flugveranstaltungen","category-fotos","category-neues","category-termine","tag-2-rotor-live-iffezheim","tag-a-l-k","tag-act-europe","tag-aero-tec-helicopter-technik","tag-ahltec-leonhardt","tag-akmod","tag-alex-bauch","tag-alterbaum-premium-helicopter","tag-andy-eder","tag-andy-rummer","tag-art-modellsport","tag-bastler-zentrale-stuttgart","tag-bernd-bremer","tag-bernd-poting","tag-bjorn-dommerhausen","tag-caruso-freeland","tag-century-helicopter-germany","tag-copterfactory","tag-curtis-youngblood","tag-dave-hollins","tag-der-blattschmied","tag-ely-q","tag-erick-ehrstein","tag-florian-otzmann","tag-freakware","tag-frederic-hanisch","tag-georg-maier","tag-gerhard-pahl","tag-heli-factory","tag-heli-hangar","tag-heliclassics","tag-helicoptermanufaktur","tag-helicoptertechnik-schwing","tag-heliguenter","tag-hobby-modellsport","tag-hyperion-europe","tag-jamara","tag-jetcat","tag-jo-kaulbach","tag-kai-bruckner","tag-kay-matthiesen","tag-klaus-zoberlein","tag-kontronik","tag-lf-technik","tag-maikel-temming","tag-marius-muller","tag-matthias-strupf","tag-maxotronic","tag-maxrc","tag-mikado","tag-modellbau-nordhausen","tag-modellflugschule-2000","tag-mttec","tag-muldental-elektronik","tag-multiplex-modellsport","tag-new-heading","tag-nico-niewind","tag-pahl-helicopter","tag-pegasus","tag-peter-holtackers","tag-pro-rc","tag-procarbon","tag-rapicon","tag-rc-helischule-ch","tag-reto-marbach","tag-robbe-modellsport","tag-robert-sixt","tag-rotor-live","tag-rotor-live-iffezheim","tag-s-s-m-technik","tag-sebastian-zajonz","tag-simon-vom-baur","tag-spinblades","tag-stefan-segerer","tag-steffen-richter","tag-step-four-gmbh","tag-thunder-tiger-europe","tag-tim-voge","tag-timo-wendtland","tag-vario-helicopter","tag-vtoys-modellbau"],"_links":{"self":[{"href":"https:\/\/wp.1dfh.de\/wordpress\/wp-json\/wp\/v2\/posts\/9440","targetHints":{"allow":["GET"]}}],"collection":[{"href":"https:\/\/wp.1dfh.de\/wordpress\/wp-json\/wp\/v2\/posts"}],"about":[{"href":"https:\/\/wp.1dfh.de\/wordpress\/wp-json\/wp\/v2\/types\/post"}],"author":[{"embeddable":true,"href":"https:\/\/wp.1dfh.de\/wordpress\/wp-json\/wp\/v2\/users\/2"}],"replies":[{"embeddable":true,"href":"https:\/\/wp.1dfh.de\/wordpress\/wp-json\/wp\/v2\/comments?post=9440"}],"version-history":[{"count":0,"href":"https:\/\/wp.1dfh.de\/wordpress\/wp-json\/wp\/v2\/posts\/9440\/revisions"}],"wp:featuredmedia":[{"embeddable":true,"href":"https:\/\/wp.1dfh.de\/wordpress\/wp-json\/wp\/v2\/media\/9263"}],"wp:attachment":[{"href":"https:\/\/wp.1dfh.de\/wordpress\/wp-json\/wp\/v2\/media?parent=9440"}],"wp:term":[{"taxonomy":"category","embeddable":true,"href":"https:\/\/wp.1dfh.de\/wordpress\/wp-json\/wp\/v2\/categories?post=9440"},{"taxonomy":"post_tag","embeddable":true,"href":"https:\/\/wp.1dfh.de\/wordpress\/wp-json\/wp\/v2\/tags?post=9440"}],"curies":[{"name":"wp","href":"https:\/\/api.w.org\/{rel}","templated":true}]}}